{"id":27708,"date":"2025-07-08T15:00:00","date_gmt":"2025-07-08T18:00:00","guid":{"rendered":"https:\/\/sgvaimudar.com.br\/?p=27708"},"modified":"2025-07-08T11:04:27","modified_gmt":"2025-07-08T14:04:27","slug":"operacao-contencao-policia-civil-realiza-operacao-contra-organizacao-criminosa-que-explora-comunidades","status":"publish","type":"post","link":"https:\/\/sgvaimudar.com.br\/index.php\/2025\/07\/08\/operacao-contencao-policia-civil-realiza-operacao-contra-organizacao-criminosa-que-explora-comunidades\/","title":{"rendered":"Opera\u00e7\u00e3o Conten\u00e7\u00e3o: Pol\u00edcia Civil realiza opera\u00e7\u00e3o contra organiza\u00e7\u00e3o criminosa que explora comunidades"},"content":{"rendered":"\n<p><em>Agentes cumprem mandados de busca e apreens\u00e3o na Zona Oeste<\/em><\/p>\n\n\n\n<p>O Governo do Estado, por meio da Pol\u00edcia Civil, Pol\u00edcia Civil, realiza uma opera\u00e7\u00e3o contra uma organiza\u00e7\u00e3o criminosa chefiada por um ex-miliciano que explora comunidades da Zona Oeste do Rio, nesta ter\u00e7a-feira (08\/07). <\/p>\n\n\n\n<p>A a\u00e7\u00e3o \u00e9 da Delegacia de Repress\u00e3o a Entorpecentes (DRE). Os agentes cumprem mandados de busca e apreens\u00e3o na regi\u00e3o. De acordo com as investiga\u00e7\u00f5es, o grupo estaria ligado a disputas territoriais visando \u00e0 expans\u00e3o da fac\u00e7\u00e3o na regi\u00e3o.<\/p>\n\n\n\n<figure class=\"wp-block-image size-full\"><img fetchpriority=\"high\" decoding=\"async\" width=\"609\" height=\"801\" src=\"https:\/\/sgvaimudar.com.br\/wp-content\/uploads\/2025\/07\/Operacao-1-1.jpg\" alt=\"\" class=\"wp-image-27709\" srcset=\"https:\/\/sgvaimudar.com.br\/wp-content\/uploads\/2025\/07\/Operacao-1-1.jpg 609w, https:\/\/sgvaimudar.com.br\/wp-content\/uploads\/2025\/07\/Operacao-1-1-228x300.jpg 228w\" sizes=\"(max-width: 609px) 100vw, 609px\" \/><\/figure>\n\n\n\n<p>-A opera\u00e7\u00e3o, al\u00e9m de prender traficantes, \u00e9 importante para desarticular a estrutura financeira, log\u00edstica e operacional da organiza\u00e7\u00e3o criminosa que h\u00e1 tempos vem atuando na \u00e1rea, levando inseguran\u00e7a e viol\u00eancia \u00e0 nossa popula\u00e7\u00e3o \u2013 destaca o governador Cl\u00e1udio Castro.<\/p>\n\n\n\n<p>Segundo a Pol\u00edcia Civil, a organiza\u00e7\u00e3o criminosa atua de forma violenta e estruturada nas comunidades do Barbante, Catiri, Vila Kennedy, e nos bairros de Campo Grande, Santa Cruz e Guaratiba. A a\u00e7\u00e3o tamb\u00e9m tem como objetivo desarticular a estrutura da organiza\u00e7\u00e3o criminosa e frear sua expans\u00e3o territorial.<\/p>\n\n\n\n<p><em>Fotos: PCERJ<\/em><\/p>\n\n\n\n<p><strong><em>Fa\u00e7a sua den\u00fancia pelo nosso WhatsApp: (21) <\/em><\/strong><strong><em>99744 5345<\/em><\/strong><strong><em><\/em><\/strong><\/p>\n\n\n\n<p><strong><em>S\u00e3o Gon\u00e7alo vai mudar: Not\u00edcias de S\u00e3o Gon\u00e7alo e toda regi\u00e3o.<\/em><\/strong><\/p>\n\n\n\n<figure class=\"wp-block-image size-large\"><img decoding=\"async\" width=\"1024\" height=\"252\" src=\"https:\/\/sgvaimudar.com.br\/wp-content\/uploads\/2025\/03\/Anuncie-Aqui-Sao-Goncalo-vai-mudar-1024x252.jpg\" alt=\"\" class=\"wp-image-22693\" srcset=\"https:\/\/sgvaimudar.com.br\/wp-content\/uploads\/2025\/03\/Anuncie-Aqui-Sao-Goncalo-vai-mudar-1024x252.jpg 1024w, https:\/\/sgvaimudar.com.br\/wp-content\/uploads\/2025\/03\/Anuncie-Aqui-Sao-Goncalo-vai-mudar-300x74.jpg 300w, https:\/\/sgvaimudar.com.br\/wp-content\/uploads\/2025\/03\/Anuncie-Aqui-Sao-Goncalo-vai-mudar-768x189.jpg 768w, https:\/\/sgvaimudar.com.br\/wp-content\/uploads\/2025\/03\/Anuncie-Aqui-Sao-Goncalo-vai-mudar-1536x378.jpg 1536w, https:\/\/sgvaimudar.com.br\/wp-content\/uploads\/2025\/03\/Anuncie-Aqui-Sao-Goncalo-vai-mudar-2048x504.jpg 2048w\" sizes=\"(max-width: 1024px) 100vw, 1024px\" \/><\/figure>\n","protected":false},"excerpt":{"rendered":"<p>Agentes cumprem mandados de busca e apreens\u00e3o na Zona Oeste O Governo do Estado, por meio da Pol\u00edcia Civil, Pol\u00edcia&hellip;<\/p>\n","protected":false},"author":5,"featured_media":27710,"comment_status":"open","ping_status":"open","sticky":false,"template":"","format":"standard","meta":{"fifu_image_url":"","fifu_image_alt":"","footnotes":""},"categories":[32],"tags":[39,41,40,47],"class_list":["post-27708","post","type-post","status-publish","format-standard","has-post-thumbnail","hentry","category-casos-de-policia","tag-ataque","tag-conflito","tag-guerra","tag-rj"],"_links":{"self":[{"href":"https:\/\/sgvaimudar.com.br\/index.php\/wp-json\/wp\/v2\/posts\/27708","targetHints":{"allow":["GET"]}}],"collection":[{"href":"https:\/\/sgvaimudar.com.br\/index.php\/wp-json\/wp\/v2\/posts"}],"about":[{"href":"https:\/\/sgvaimudar.com.br\/index.php\/wp-json\/wp\/v2\/types\/post"}],"author":[{"embeddable":true,"href":"https:\/\/sgvaimudar.com.br\/index.php\/wp-json\/wp\/v2\/users\/5"}],"replies":[{"embeddable":true,"href":"https:\/\/sgvaimudar.com.br\/index.php\/wp-json\/wp\/v2\/comments?post=27708"}],"version-history":[{"count":1,"href":"https:\/\/sgvaimudar.com.br\/index.php\/wp-json\/wp\/v2\/posts\/27708\/revisions"}],"predecessor-version":[{"id":27711,"href":"https:\/\/sgvaimudar.com.br\/index.php\/wp-json\/wp\/v2\/posts\/27708\/revisions\/27711"}],"wp:featuredmedia":[{"embeddable":true,"href":"https:\/\/sgvaimudar.com.br\/index.php\/wp-json\/wp\/v2\/media\/27710"}],"wp:attachment":[{"href":"https:\/\/sgvaimudar.com.br\/index.php\/wp-json\/wp\/v2\/media?parent=27708"}],"wp:term":[{"taxonomy":"category","embeddable":true,"href":"https:\/\/sgvaimudar.com.br\/index.php\/wp-json\/wp\/v2\/categories?post=27708"},{"taxonomy":"post_tag","embeddable":true,"href":"https:\/\/sgvaimudar.com.br\/index.php\/wp-json\/wp\/v2\/tags?post=27708"}],"curies":[{"name":"wp","href":"https:\/\/api.w.org\/{rel}","templated":true}]}}