{"id":27704,"date":"2025-07-08T14:00:00","date_gmt":"2025-07-08T17:00:00","guid":{"rendered":"https:\/\/sgvaimudar.com.br\/?p=27704"},"modified":"2025-07-08T10:56:44","modified_gmt":"2025-07-08T13:56:44","slug":"itaborai-realiza-acao-de-conscientizacao-sobre-os-riscos-do-trabalho-infantil","status":"publish","type":"post","link":"https:\/\/sgvaimudar.com.br\/index.php\/2025\/07\/08\/itaborai-realiza-acao-de-conscientizacao-sobre-os-riscos-do-trabalho-infantil\/","title":{"rendered":"Itabora\u00ed realiza a\u00e7\u00e3o de conscientiza\u00e7\u00e3o sobre os riscos do trabalho infantil"},"content":{"rendered":"\n<p><em>A mobiliza\u00e7\u00e3o refor\u00e7ou que toda crian\u00e7a tem direito a prote\u00e7\u00e3o<\/em><\/p>\n\n\n\n<p>Na manh\u00e3 desta segunda-feira (07\/07), A Secretaria Municipal de Desenvolvimento Social (Semds) do munic\u00edpio de Itabora\u00ed, promoveu mais uma importante a\u00e7\u00e3o do Programa de Erradica\u00e7\u00e3o do Trabalho Infantil (Peti), na Avenida 22 de Maio, altura do n\u00ba 5381.<\/p>\n\n\n\n<p>A iniciativa teve como foco a conscientiza\u00e7\u00e3o da popula\u00e7\u00e3o sobre os riscos e consequ\u00eancias do trabalho infantil, refor\u00e7ando a responsabilidade coletiva na prote\u00e7\u00e3o integral \u00e0s crian\u00e7as e adolescentes do munic\u00edpio. A a\u00e7\u00e3o contou com a distribui\u00e7\u00e3o de materiais informativos, di\u00e1logo com a popula\u00e7\u00e3o e orienta\u00e7\u00f5es sobre os canais de den\u00fancia e acolhimento de casos de viola\u00e7\u00e3o de direitos. <\/p>\n\n\n\n<figure class=\"wp-block-image size-large\"><img fetchpriority=\"high\" decoding=\"async\" width=\"1024\" height=\"683\" src=\"https:\/\/sgvaimudar.com.br\/wp-content\/uploads\/2025\/07\/Itaborai-realiza-acao-de-conscientizacao-sobre-os-riscos-do-trabalho-infantil-3-1024x683.jpeg\" alt=\"\" class=\"wp-image-27705\" srcset=\"https:\/\/sgvaimudar.com.br\/wp-content\/uploads\/2025\/07\/Itaborai-realiza-acao-de-conscientizacao-sobre-os-riscos-do-trabalho-infantil-3-1024x683.jpeg 1024w, https:\/\/sgvaimudar.com.br\/wp-content\/uploads\/2025\/07\/Itaborai-realiza-acao-de-conscientizacao-sobre-os-riscos-do-trabalho-infantil-3-300x200.jpeg 300w, https:\/\/sgvaimudar.com.br\/wp-content\/uploads\/2025\/07\/Itaborai-realiza-acao-de-conscientizacao-sobre-os-riscos-do-trabalho-infantil-3-768x512.jpeg 768w, https:\/\/sgvaimudar.com.br\/wp-content\/uploads\/2025\/07\/Itaborai-realiza-acao-de-conscientizacao-sobre-os-riscos-do-trabalho-infantil-3-1536x1024.jpeg 1536w, https:\/\/sgvaimudar.com.br\/wp-content\/uploads\/2025\/07\/Itaborai-realiza-acao-de-conscientizacao-sobre-os-riscos-do-trabalho-infantil-3.jpeg 2048w\" sizes=\"(max-width: 1024px) 100vw, 1024px\" \/><\/figure>\n\n\n\n<p>A mobiliza\u00e7\u00e3o refor\u00e7a que toda crian\u00e7a tem direito a prote\u00e7\u00e3o, cuidado, educa\u00e7\u00e3o e oportunidades, conforme previsto no Estatuto da Crian\u00e7a e do Adolescente (ECA) e na Constitui\u00e7\u00e3o Federal.<\/p>\n\n\n\n<p>\u201cA erradica\u00e7\u00e3o do trabalho infantil \u00e9 um compromisso que exige uni\u00e3o entre poder p\u00fablico, sociedade civil e fam\u00edlias. Seguimos firmes na miss\u00e3o de proteger nossas crian\u00e7as, garantindo a elas uma inf\u00e2ncia digna e segura\u201d, afirmou a secret\u00e1ria municipal de Desenvolvimento Social, Mariany Baldow.<\/p>\n\n\n\n<p>A a\u00e7\u00e3o tamb\u00e9m contou com o apoio e participa\u00e7\u00e3o do Conselho Tutelar I de Itabora\u00ed, que refor\u00e7ou o papel da rede de prote\u00e7\u00e3o no acompanhamento e encaminhamento de den\u00fancias. Casos suspeitos de trabalho infantil podem ser denunciados anonimamente pelo Disque 100 ou diretamente ao Conselho Tutelar mais pr\u00f3ximo.<\/p>\n\n\n\n<p>Duas a\u00e7\u00f5es de conscientiza\u00e7\u00e3o como esta s\u00e3o organizadas mensalmente pelo Programa de Erradica\u00e7\u00e3o do Trabalho Infantil (PETI). A pr\u00f3xima atividade j\u00e1 est\u00e1 marcada para esta ter\u00e7a-feira (08\/07), \u00e0s 10h, em frente ao viaduto de Manilha, onde equipes da Secretaria Municipal de Desenvolvimento Social estar\u00e3o presentes para dialogar com a comunidade e distribuir materiais informativos.<\/p>\n\n\n\n<p><strong><em>S\u00e3o Gon\u00e7alo vai mudar: Not\u00edcias de S\u00e3o Gon\u00e7alo e toda regi\u00e3o.<\/em><\/strong><\/p>\n\n\n\n<figure class=\"wp-block-image size-large\"><img decoding=\"async\" width=\"1024\" height=\"252\" src=\"https:\/\/sgvaimudar.com.br\/wp-content\/uploads\/2025\/03\/Anuncie-Aqui-Sao-Goncalo-vai-mudar-1024x252.jpg\" alt=\"\" class=\"wp-image-22693\" srcset=\"https:\/\/sgvaimudar.com.br\/wp-content\/uploads\/2025\/03\/Anuncie-Aqui-Sao-Goncalo-vai-mudar-1024x252.jpg 1024w, https:\/\/sgvaimudar.com.br\/wp-content\/uploads\/2025\/03\/Anuncie-Aqui-Sao-Goncalo-vai-mudar-300x74.jpg 300w, https:\/\/sgvaimudar.com.br\/wp-content\/uploads\/2025\/03\/Anuncie-Aqui-Sao-Goncalo-vai-mudar-768x189.jpg 768w, https:\/\/sgvaimudar.com.br\/wp-content\/uploads\/2025\/03\/Anuncie-Aqui-Sao-Goncalo-vai-mudar-1536x378.jpg 1536w, https:\/\/sgvaimudar.com.br\/wp-content\/uploads\/2025\/03\/Anuncie-Aqui-Sao-Goncalo-vai-mudar-2048x504.jpg 2048w\" sizes=\"(max-width: 1024px) 100vw, 1024px\" \/><\/figure>\n","protected":false},"excerpt":{"rendered":"<p>A mobiliza\u00e7\u00e3o refor\u00e7ou que toda crian\u00e7a tem direito a prote\u00e7\u00e3o Na manh\u00e3 desta segunda-feira (07\/07), A Secretaria Municipal de Desenvolvimento&hellip;<\/p>\n","protected":false},"author":5,"featured_media":27706,"comment_status":"open","ping_status":"open","sticky":false,"template":"","format":"standard","meta":{"fifu_image_url":"","fifu_image_alt":"","footnotes":""},"categories":[36],"tags":[47],"class_list":["post-27704","post","type-post","status-publish","format-standard","has-post-thumbnail","hentry","category-bem-estar","tag-rj"],"_links":{"self":[{"href":"https:\/\/sgvaimudar.com.br\/index.php\/wp-json\/wp\/v2\/posts\/27704","targetHints":{"allow":["GET"]}}],"collection":[{"href":"https:\/\/sgvaimudar.com.br\/index.php\/wp-json\/wp\/v2\/posts"}],"about":[{"href":"https:\/\/sgvaimudar.com.br\/index.php\/wp-json\/wp\/v2\/types\/post"}],"author":[{"embeddable":true,"href":"https:\/\/sgvaimudar.com.br\/index.php\/wp-json\/wp\/v2\/users\/5"}],"replies":[{"embeddable":true,"href":"https:\/\/sgvaimudar.com.br\/index.php\/wp-json\/wp\/v2\/comments?post=27704"}],"version-history":[{"count":1,"href":"https:\/\/sgvaimudar.com.br\/index.php\/wp-json\/wp\/v2\/posts\/27704\/revisions"}],"predecessor-version":[{"id":27707,"href":"https:\/\/sgvaimudar.com.br\/index.php\/wp-json\/wp\/v2\/posts\/27704\/revisions\/27707"}],"wp:featuredmedia":[{"embeddable":true,"href":"https:\/\/sgvaimudar.com.br\/index.php\/wp-json\/wp\/v2\/media\/27706"}],"wp:attachment":[{"href":"https:\/\/sgvaimudar.com.br\/index.php\/wp-json\/wp\/v2\/media?parent=27704"}],"wp:term":[{"taxonomy":"category","embeddable":true,"href":"https:\/\/sgvaimudar.com.br\/index.php\/wp-json\/wp\/v2\/categories?post=27704"},{"taxonomy":"post_tag","embeddable":true,"href":"https:\/\/sgvaimudar.com.br\/index.php\/wp-json\/wp\/v2\/tags?post=27704"}],"curies":[{"name":"wp","href":"https:\/\/api.w.org\/{rel}","templated":true}]}}