{"id":27697,"date":"2025-07-08T13:00:00","date_gmt":"2025-07-08T16:00:00","guid":{"rendered":"https:\/\/sgvaimudar.com.br\/?p=27697"},"modified":"2025-07-08T10:47:28","modified_gmt":"2025-07-08T13:47:28","slug":"sao-goncalo-celebra-a-forca-do-hip-hop-com-festival-no-centro-de-tradicoes-nordestinas","status":"publish","type":"post","link":"https:\/\/sgvaimudar.com.br\/index.php\/2025\/07\/08\/sao-goncalo-celebra-a-forca-do-hip-hop-com-festival-no-centro-de-tradicoes-nordestinas\/","title":{"rendered":"S\u00e3o Gon\u00e7alo celebra a for\u00e7a do hip-hop com festival no Centro de Tradi\u00e7\u00f5es Nordestinas"},"content":{"rendered":"\n<p><em>Evento gratuito contou com o apoio da Secretaria de Turismo e Cultura<\/em><\/p>\n\n\n\n<p>O Centro de Tradi\u00e7\u00f5es Nordestinas \u201cSevero, Embaixador Nordestino\u201d foi o palco, neste domingo (6), do festival Fest Hip\u2013Hop, evento gratuito que teve como objetivo celebrar a for\u00e7a do hip-hop na cidade, reunindo rappers, DJS, grafiteiros e b.boys, com nomes da cena local e convidados especiais. O festival contou com recursos da Pol\u00edtica Nacional Aldir Blanc (PNAB), atrav\u00e9s da Secretaria de Turismo e Cultura da Prefeitura de S\u00e3o Gon\u00e7alo.<\/p>\n\n\n\n<p>Durante mais de seis horas, pessoas das mais diversas idades puderam curtir muita m\u00fasica, dan\u00e7a, arte e cultura urbana. Organizado por Patrick Guimar\u00e3es e Danilo Pires, o festival focou no fortalecimento e na retomada da cultura hip hop em S\u00e3o Gon\u00e7alo, cidade que abrigou e formou v\u00e1rios expoentes do g\u00eanero a n\u00edvel nacional.\u00a0<\/p>\n\n\n\n<figure class=\"wp-block-image size-full\"><img fetchpriority=\"high\" decoding=\"async\" width=\"1024\" height=\"681\" src=\"https:\/\/sgvaimudar.com.br\/wp-content\/uploads\/2025\/07\/unnamed-7-4.jpg\" alt=\"\" class=\"wp-image-27698\" srcset=\"https:\/\/sgvaimudar.com.br\/wp-content\/uploads\/2025\/07\/unnamed-7-4.jpg 1024w, https:\/\/sgvaimudar.com.br\/wp-content\/uploads\/2025\/07\/unnamed-7-4-300x200.jpg 300w, https:\/\/sgvaimudar.com.br\/wp-content\/uploads\/2025\/07\/unnamed-7-4-768x511.jpg 768w\" sizes=\"(max-width: 1024px) 100vw, 1024px\" \/><\/figure>\n\n\n\n<p>&#8220;O hip hop vai al\u00e9m da m\u00fasica e \u00e9 uma cultura que envolve o rapper, o DJ, o grafite, o skate e os b.boys, expressando as realidades e revoltas sociais. O evento re\u00fane tudo isso e d\u00e1 oportunidades para novos talentos. Essa \u00e9 a primeira edi\u00e7\u00e3o do projeto e pretendemos realizar futuras edi\u00e7\u00f5es, sempre de uma forma bonita e oferecendo o melhor poss\u00edvel aos artistas&#8221;, disse Patrick.<\/p>\n\n\n\n<p>&#8220;S\u00e3o Gon\u00e7alo tem v\u00e1rios nomes do hip hop nacional e reviver esse estilo musical na cidade \u00e9 muito importante. \u00c9 um evento diferente, com muita cultura! Esse evento n\u00e3o seria poss\u00edvel sem a Prefeitura de S\u00e3o Gon\u00e7alo e da Pol\u00edtica Nacional Aldir Blanc, e \u00e9 a prova viva de que o apoio tem dado \u00e0 cultura do munic\u00edpio&#8221;, disse Danilo.&nbsp;<\/p>\n\n\n\n<p>Durante o evento, tiveram apresenta\u00e7\u00f5es de artistas como o DJ Machintal, DJ Scooby, 2T Santos, MC Dom Negrone, William Ducontra e Estima, Mr. Break, Daniel Shadow, Old Dirty Bacon, Athon e Neo BXD.<\/p>\n\n\n\n<p>Para Athon, o hip hop o ajudou depois que ele foi diagnosticado com a S\u00edndrome de Tourette aos 18 anos.&nbsp;<\/p>\n\n\n\n<p>&#8220;Minha apresenta\u00e7\u00e3o no festival contou com m\u00fasicas solo no estilo boom bap e freestyle, com foco na nova pegada que estou me redescobrindo, na forma de me expressar com influ\u00eancias de artistas como Amy Winehouse, por exemplo. O hip hop salvou minha vida, foi minha v\u00e1lvula de escape ap\u00f3s o diagn\u00f3stico da Tourette, um dist\u00farbio neurol\u00f3gico no qual a pessoa emite sons e movimentos involunt\u00e1rios. Isso me excluiu da sociedade totalmente. Foi quando eu me isolei no meu quarto e descobri a m\u00fasica e o desenho. Tamb\u00e9m sou tatuador hoje. A arte salvou minha vida. J\u00e1 recebi muitos n\u00e3os na minha carreira por causa da s\u00edndrome, mas hoje tenho evolu\u00eddo&#8221;, disse ele.&nbsp;<\/p>\n\n\n\n<p>O fot\u00f3grafo e produtor cultural Jos\u00e9 Vitor Leal, conhecido como Jos\u00e9 Vitor Dance, de 28 anos, gosta de hip hop h\u00e1 cerca de 15 anos. Ele, que \u00e9 b.boy, foi um dos jovens que curtiu o evento deste domingo.&nbsp;<\/p>\n\n\n\n<p>&#8220;Eu sou do di\u00e1logo de como o hip hop pode ajudar na forma\u00e7\u00e3o e atuar diante das diferen\u00e7as sociais. Eu soube do evento e vim logo! Espero que tenhamos outros eventos assim, o hip hop pode propor mudan\u00e7as sociais, concentrar pessoas e fazer todos felizes. Que o hip hop chegue cada vez a mais lugares, sempre demonstrando uni\u00e3o e for\u00e7a&#8221;, afirmou.&nbsp;<\/p>\n\n\n\n<p><strong>Arte e m\u00fasica se complementaram<\/strong>&nbsp;&#8211; O grafiteiro Siri do Muro tamb\u00e9m esteve no local. Com mais de 20 anos de carreira, Siri foi um dos convidados para grafitar murais durante o festival.<\/p>\n\n\n\n<p>&#8220;Todos os grafiteiros que estiveram aqui comigo hoje s\u00e3o da cidade de S\u00e3o Gon\u00e7alo. Atuei juntamente com o Igor Skid, a Mika Mikaelli e o Vitor Moy. Todos vieram mostrar a arte de S\u00e3o Gon\u00e7alo, agregando ao evento com desenhos livres. Eu, por exemplo, retratei uma mulher, os outros dois rapazes fizeram personagens deles e a Mika fez uma arte representando seu amor pela cidade de S\u00e3o Gon\u00e7alo, de forma bem colorida&#8221;, afirmou.<\/p>\n\n\n\n<p><em>Fotos: Julio Diniz<\/em><\/p>\n\n\n\n<p><strong><em>S\u00e3o Gon\u00e7alo vai mudar: Not\u00edcias de S\u00e3o Gon\u00e7alo e toda regi\u00e3o.<\/em><\/strong><\/p>\n\n\n\n<figure class=\"wp-block-image size-large\"><img decoding=\"async\" width=\"1024\" height=\"252\" src=\"https:\/\/sgvaimudar.com.br\/wp-content\/uploads\/2025\/03\/Anuncie-Aqui-Sao-Goncalo-vai-mudar-1024x252.jpg\" alt=\"\" class=\"wp-image-22693\" srcset=\"https:\/\/sgvaimudar.com.br\/wp-content\/uploads\/2025\/03\/Anuncie-Aqui-Sao-Goncalo-vai-mudar-1024x252.jpg 1024w, https:\/\/sgvaimudar.com.br\/wp-content\/uploads\/2025\/03\/Anuncie-Aqui-Sao-Goncalo-vai-mudar-300x74.jpg 300w, https:\/\/sgvaimudar.com.br\/wp-content\/uploads\/2025\/03\/Anuncie-Aqui-Sao-Goncalo-vai-mudar-768x189.jpg 768w, https:\/\/sgvaimudar.com.br\/wp-content\/uploads\/2025\/03\/Anuncie-Aqui-Sao-Goncalo-vai-mudar-1536x378.jpg 1536w, https:\/\/sgvaimudar.com.br\/wp-content\/uploads\/2025\/03\/Anuncie-Aqui-Sao-Goncalo-vai-mudar-2048x504.jpg 2048w\" sizes=\"(max-width: 1024px) 100vw, 1024px\" \/><\/figure>\n","protected":false},"excerpt":{"rendered":"<p>Evento gratuito contou com o apoio da Secretaria de Turismo e Cultura O Centro de Tradi\u00e7\u00f5es Nordestinas \u201cSevero, Embaixador Nordestino\u201d&hellip;<\/p>\n","protected":false},"author":5,"featured_media":27699,"comment_status":"open","ping_status":"open","sticky":false,"template":"","format":"standard","meta":{"fifu_image_url":"","fifu_image_alt":"","footnotes":""},"categories":[6],"tags":[47,75],"class_list":["post-27697","post","type-post","status-publish","format-standard","has-post-thumbnail","hentry","category-entretenimento","tag-rj","tag-sao-goncalo"],"_links":{"self":[{"href":"https:\/\/sgvaimudar.com.br\/index.php\/wp-json\/wp\/v2\/posts\/27697","targetHints":{"allow":["GET"]}}],"collection":[{"href":"https:\/\/sgvaimudar.com.br\/index.php\/wp-json\/wp\/v2\/posts"}],"about":[{"href":"https:\/\/sgvaimudar.com.br\/index.php\/wp-json\/wp\/v2\/types\/post"}],"author":[{"embeddable":true,"href":"https:\/\/sgvaimudar.com.br\/index.php\/wp-json\/wp\/v2\/users\/5"}],"replies":[{"embeddable":true,"href":"https:\/\/sgvaimudar.com.br\/index.php\/wp-json\/wp\/v2\/comments?post=27697"}],"version-history":[{"count":1,"href":"https:\/\/sgvaimudar.com.br\/index.php\/wp-json\/wp\/v2\/posts\/27697\/revisions"}],"predecessor-version":[{"id":27700,"href":"https:\/\/sgvaimudar.com.br\/index.php\/wp-json\/wp\/v2\/posts\/27697\/revisions\/27700"}],"wp:featuredmedia":[{"embeddable":true,"href":"https:\/\/sgvaimudar.com.br\/index.php\/wp-json\/wp\/v2\/media\/27699"}],"wp:attachment":[{"href":"https:\/\/sgvaimudar.com.br\/index.php\/wp-json\/wp\/v2\/media?parent=27697"}],"wp:term":[{"taxonomy":"category","embeddable":true,"href":"https:\/\/sgvaimudar.com.br\/index.php\/wp-json\/wp\/v2\/categories?post=27697"},{"taxonomy":"post_tag","embeddable":true,"href":"https:\/\/sgvaimudar.com.br\/index.php\/wp-json\/wp\/v2\/tags?post=27697"}],"curies":[{"name":"wp","href":"https:\/\/api.w.org\/{rel}","templated":true}]}}