{"id":27693,"date":"2025-07-08T12:00:00","date_gmt":"2025-07-08T15:00:00","guid":{"rendered":"https:\/\/sgvaimudar.com.br\/?p=27693"},"modified":"2025-07-08T10:42:05","modified_gmt":"2025-07-08T13:42:05","slug":"jardim-alcantara-ganha-novas-vagas-de-estacionamento-na-area-do-polo-de-autopecas","status":"publish","type":"post","link":"https:\/\/sgvaimudar.com.br\/index.php\/2025\/07\/08\/jardim-alcantara-ganha-novas-vagas-de-estacionamento-na-area-do-polo-de-autopecas\/","title":{"rendered":"Jardim Alc\u00e2ntara ganha novas vagas de estacionamento na \u00e1rea do polo de autope\u00e7as"},"content":{"rendered":"\n<p><em>Projeto est\u00e1 revitalizando todo o bairro e tamb\u00e9m inclui a\u00e7\u00f5es de paisagismo<\/em><\/p>\n\n\n\n<p>As novas vagas de estacionamento na Rua Capit\u00e3o Juvenal Figueiredo s\u00e3o uma &#8220;m\u00e3o na roda&#8221;, transformam o visual e causam o reordenamento vi\u00e1rio do bairro Jardim Alc\u00e2ntara, em S\u00e3o Gon\u00e7alo. Segundo a Prefeitura, os novos detalhes est\u00e3o sendo feitos por equipes da Secretaria de Desenvolvimento Urbano, que atuam no local todos os dias. O projeto prev\u00ea vagas de estacionamento e paisagismo, dentre outros pontos.<\/p>\n\n\n\n<p>As interven\u00e7\u00f5es s\u00e3o realizadas em um dos principais polos de autope\u00e7as do Estado do Rio de Janeiro. Este \u00e9 o terceiro m\u00f3dulo de vagas que est\u00e1 sendo feito no local. Somando os dois m\u00f3dulos anteriores, j\u00e1 foram constru\u00eddas mais de 120 vagas de estacionamento, al\u00e9m de uma \u00e1rea, onde antes as pessoas jogavam lixo, que foi revitalizada. O novo m\u00f3dulo contar\u00e1 ainda com uma via de acesso, que ser\u00e1 pavimentada e sinalizada.<\/p>\n\n\n\n<figure class=\"wp-block-image size-full\"><img fetchpriority=\"high\" decoding=\"async\" width=\"1024\" height=\"683\" src=\"https:\/\/sgvaimudar.com.br\/wp-content\/uploads\/2025\/07\/unnamed-6-5.jpg\" alt=\"\" class=\"wp-image-27695\" srcset=\"https:\/\/sgvaimudar.com.br\/wp-content\/uploads\/2025\/07\/unnamed-6-5.jpg 1024w, https:\/\/sgvaimudar.com.br\/wp-content\/uploads\/2025\/07\/unnamed-6-5-300x200.jpg 300w, https:\/\/sgvaimudar.com.br\/wp-content\/uploads\/2025\/07\/unnamed-6-5-768x512.jpg 768w\" sizes=\"(max-width: 1024px) 100vw, 1024px\" \/><\/figure>\n\n\n\n<p>Cidmarcio Azevedo Braga, de 53 anos, trabalha no local com moto h\u00e1 cinco anos e tem visto de perto toda a transforma\u00e7\u00e3o feita pelas obras.<\/p>\n\n\n\n<p>&#8220;Vi que uma \u00e1rea foi revitalizada pelas obras e l\u00e1 ficou melhor, mais limpo, antes era p\u00e9ssimo, tinha at\u00e9 carni\u00e7a de animal, fora o cheiro ruim. Agora, al\u00e9m de limpo, est\u00e1 mais iluminado, passar aqui \u00e0 noite \u00e9 ver tudo iluminado com as novas l\u00e2mpadas de Led. Essas obras do estacionamento tamb\u00e9m est\u00e3o transformando o espa\u00e7o! Dia de s\u00e1bado aqui fica cheio, ent\u00e3o essas obras de novas vagas de estacionamento v\u00e3o desafogar esse tr\u00e2nsito&#8221;, disse o motoboy.<\/p>\n\n\n\n<p>&#8220;O projeto do estacionamento prev\u00ea ainda faixas de pedestres, cria\u00e7\u00e3o de rampas de acessibilidade, regulariza\u00e7\u00e3o das cal\u00e7adas, manuten\u00e7\u00e3o da vegeta\u00e7\u00e3o existente, paisagismo e ilumina\u00e7\u00e3o p\u00fablica de Led. As interven\u00e7\u00f5es est\u00e3o sendo realizadas com o apoio das secretarias de Desenvolvimento Econ\u00f4mico, Meio Ambiente e Transportes e Gest\u00e3o Integrada e Projeto Especiais&#8221;, afirmou a Prefeitura no texto.<\/p>\n\n\n\n<p><em>Fotos: Fabio Guimar\u00e3es<\/em><\/p>\n\n\n\n<p><strong><em>S\u00e3o Gon\u00e7alo vai mudar: Not\u00edcias de S\u00e3o Gon\u00e7alo e toda regi\u00e3o.<\/em><\/strong><\/p>\n\n\n\n<figure class=\"wp-block-image size-large\"><img decoding=\"async\" width=\"1024\" height=\"252\" src=\"https:\/\/sgvaimudar.com.br\/wp-content\/uploads\/2025\/03\/Anuncie-Aqui-Sao-Goncalo-vai-mudar-1024x252.jpg\" alt=\"\" class=\"wp-image-22693\" srcset=\"https:\/\/sgvaimudar.com.br\/wp-content\/uploads\/2025\/03\/Anuncie-Aqui-Sao-Goncalo-vai-mudar-1024x252.jpg 1024w, https:\/\/sgvaimudar.com.br\/wp-content\/uploads\/2025\/03\/Anuncie-Aqui-Sao-Goncalo-vai-mudar-300x74.jpg 300w, https:\/\/sgvaimudar.com.br\/wp-content\/uploads\/2025\/03\/Anuncie-Aqui-Sao-Goncalo-vai-mudar-768x189.jpg 768w, https:\/\/sgvaimudar.com.br\/wp-content\/uploads\/2025\/03\/Anuncie-Aqui-Sao-Goncalo-vai-mudar-1536x378.jpg 1536w, https:\/\/sgvaimudar.com.br\/wp-content\/uploads\/2025\/03\/Anuncie-Aqui-Sao-Goncalo-vai-mudar-2048x504.jpg 2048w\" sizes=\"(max-width: 1024px) 100vw, 1024px\" \/><\/figure>\n","protected":false},"excerpt":{"rendered":"<p>Projeto est\u00e1 revitalizando todo o bairro e tamb\u00e9m inclui a\u00e7\u00f5es de paisagismo As novas vagas de estacionamento na Rua Capit\u00e3o&hellip;<\/p>\n","protected":false},"author":5,"featured_media":27694,"comment_status":"open","ping_status":"open","sticky":false,"template":"","format":"standard","meta":{"fifu_image_url":"","fifu_image_alt":"","footnotes":""},"categories":[3],"tags":[47,75],"class_list":["post-27693","post","type-post","status-publish","format-standard","has-post-thumbnail","hentry","category-sao-goncalo","tag-rj","tag-sao-goncalo"],"_links":{"self":[{"href":"https:\/\/sgvaimudar.com.br\/index.php\/wp-json\/wp\/v2\/posts\/27693","targetHints":{"allow":["GET"]}}],"collection":[{"href":"https:\/\/sgvaimudar.com.br\/index.php\/wp-json\/wp\/v2\/posts"}],"about":[{"href":"https:\/\/sgvaimudar.com.br\/index.php\/wp-json\/wp\/v2\/types\/post"}],"author":[{"embeddable":true,"href":"https:\/\/sgvaimudar.com.br\/index.php\/wp-json\/wp\/v2\/users\/5"}],"replies":[{"embeddable":true,"href":"https:\/\/sgvaimudar.com.br\/index.php\/wp-json\/wp\/v2\/comments?post=27693"}],"version-history":[{"count":1,"href":"https:\/\/sgvaimudar.com.br\/index.php\/wp-json\/wp\/v2\/posts\/27693\/revisions"}],"predecessor-version":[{"id":27696,"href":"https:\/\/sgvaimudar.com.br\/index.php\/wp-json\/wp\/v2\/posts\/27693\/revisions\/27696"}],"wp:featuredmedia":[{"embeddable":true,"href":"https:\/\/sgvaimudar.com.br\/index.php\/wp-json\/wp\/v2\/media\/27694"}],"wp:attachment":[{"href":"https:\/\/sgvaimudar.com.br\/index.php\/wp-json\/wp\/v2\/media?parent=27693"}],"wp:term":[{"taxonomy":"category","embeddable":true,"href":"https:\/\/sgvaimudar.com.br\/index.php\/wp-json\/wp\/v2\/categories?post=27693"},{"taxonomy":"post_tag","embeddable":true,"href":"https:\/\/sgvaimudar.com.br\/index.php\/wp-json\/wp\/v2\/tags?post=27693"}],"curies":[{"name":"wp","href":"https:\/\/api.w.org\/{rel}","templated":true}]}}