{"id":27676,"date":"2025-07-08T10:00:00","date_gmt":"2025-07-08T13:00:00","guid":{"rendered":"https:\/\/sgvaimudar.com.br\/?p=27676"},"modified":"2025-07-08T09:21:14","modified_gmt":"2025-07-08T12:21:14","slug":"ta-ficando-um-luxo-tachoes-e-segregadores-comecam-a-ser-instalados-na-ciclorrota","status":"publish","type":"post","link":"https:\/\/sgvaimudar.com.br\/index.php\/2025\/07\/08\/ta-ficando-um-luxo-tachoes-e-segregadores-comecam-a-ser-instalados-na-ciclorrota\/","title":{"rendered":"T\u00e1 ficando um luxo! Tach\u00f5es e segregadores come\u00e7am a ser instalados na ciclorrota"},"content":{"rendered":"\n<p><em>Espa\u00e7o exclusivo para ciclistas ter\u00e1 4,4 quil\u00f4metros de extens\u00e3o<\/em><\/p>\n\n\n\n<p>Os ciclistas gon\u00e7alenses comemoram os tach\u00f5es e segregadores que j\u00e1 foram instalados ao longo da ciclorrota na Avenida Jornalista Roberto Marinho. A medida sinaliza o trecho e impede que ve\u00edculos invadam a nova ciclovia de S\u00e3o Gon\u00e7alo. A nova pista, que vai ligar a Pra\u00e7a do Rocha \u00e0 Pra\u00e7a Chico Mendes, no Raul Veiga, ser\u00e1 uma \u00e1rea exclusiva para ciclistas de 4,4 quil\u00f4metros de extens\u00e3o.<\/p>\n\n\n\n<p>A obra est\u00e1 sendo executada pela Secretaria de Estado das Cidades, do Governo do Estado, em parceria com a Prefeitura de S\u00e3o Gon\u00e7alo. O projeto foi criado pela Secretaria Municipal de Gest\u00e3o Integrada e Projetos Especiais (Semgipe). <\/p>\n\n\n\n<figure class=\"wp-block-image size-full\"><img fetchpriority=\"high\" decoding=\"async\" width=\"1024\" height=\"683\" src=\"https:\/\/sgvaimudar.com.br\/wp-content\/uploads\/2025\/07\/unnamed-2-5.jpg\" alt=\"\" class=\"wp-image-27678\" srcset=\"https:\/\/sgvaimudar.com.br\/wp-content\/uploads\/2025\/07\/unnamed-2-5.jpg 1024w, https:\/\/sgvaimudar.com.br\/wp-content\/uploads\/2025\/07\/unnamed-2-5-300x200.jpg 300w, https:\/\/sgvaimudar.com.br\/wp-content\/uploads\/2025\/07\/unnamed-2-5-768x512.jpg 768w\" sizes=\"(max-width: 1024px) 100vw, 1024px\" \/><\/figure>\n\n\n\n<p>A ciclorrota est\u00e1 sendo pintada e sinalizada, numa a\u00e7\u00e3o conjunta com a Secretaria de Meio Ambiente e Transportes e da Guarda Municipal. Antes da ciclovia, foram refeitas as cal\u00e7adas do espa\u00e7o.<\/p>\n\n\n\n<p>O prefeito Capit\u00e3o Nelson destacou a import\u00e2ncia do projeto para a cidade.<\/p>\n\n\n\n<p>&#8220;Eu agrade\u00e7o ao secret\u00e1rio das Cidades, Douglas Ruas, e ao governador Cl\u00e1udio Castro pela ajuda. S\u00e3o Gon\u00e7alo est\u00e1 mudando e parte dessa mudan\u00e7a s\u00e3o as ciclovias que est\u00e3o sendo implementadas pela cidade. Al\u00e9m da ciclorrota, que incentiva um tr\u00e2nsito mais consciente e poder\u00e1 diminuir o n\u00famero de carros nas ruas e a emiss\u00e3o de gases poluentes, o MUVI, que vai ligar Neves a Guaxindiba, tamb\u00e9m est\u00e1 implementando ciclovias por S\u00e3o Gon\u00e7alo, facilitando o ir e vir da popula\u00e7\u00e3o&#8221;, disse.<\/p>\n\n\n\n<p>O secret\u00e1rio de Estado das Cidades, Douglas Ruas, tamb\u00e9m falou sobre como espera que as ciclovias novas impactem de forma positiva a cidade de S\u00e3o Gon\u00e7alo.<\/p>\n\n\n\n<p>\u201cA ciclorrota est\u00e1 sendo preparada com muita dedica\u00e7\u00e3o para dar mais seguran\u00e7a a quem pedala e ajudar a organizar melhor o tr\u00e2nsito. \u00c9 uma a\u00e7\u00e3o que segue a orienta\u00e7\u00e3o do governador Cl\u00e1udio Castro de investir em mobilidade sustent\u00e1vel, tornando as cidades mais preparadas para o futuro\u201d, afirmou.<\/p>\n\n\n\n<p>Alex Nathan Garcia, de 20 anos, utiliza bicicleta para trabalhar como entregador e acredita que a ciclovia vai melhorar essa locomo\u00e7\u00e3o.<\/p>\n\n\n\n<p>&#8220;Eu to achando show essa nova ciclovia. A rua aqui \u00e9 perigosa e essa ciclovia faz a diferen\u00e7a, principalmente para n\u00f3s que passamos constantemente por aqui. O tr\u00e2nsito em S\u00e3o Gon\u00e7alo \u00e9 muito intenso, ent\u00e3o, quanto mais sinaliza\u00e7\u00e3o como esses tach\u00f5es e segregadores, melhor. Espero que as pessoas respeitem!&#8221;, disse.<\/p>\n\n\n\n<p><em>Fotos: Fabio Guimar\u00e3es<\/em><\/p>\n\n\n\n<p><strong><em>S\u00e3o Gon\u00e7alo vai mudar: Not\u00edcias de S\u00e3o Gon\u00e7alo e toda regi\u00e3o.<\/em><\/strong><\/p>\n\n\n\n<figure class=\"wp-block-image size-large\"><img decoding=\"async\" width=\"1024\" height=\"252\" src=\"https:\/\/sgvaimudar.com.br\/wp-content\/uploads\/2025\/03\/Anuncie-Aqui-Sao-Goncalo-vai-mudar-1024x252.jpg\" alt=\"\" class=\"wp-image-22693\" srcset=\"https:\/\/sgvaimudar.com.br\/wp-content\/uploads\/2025\/03\/Anuncie-Aqui-Sao-Goncalo-vai-mudar-1024x252.jpg 1024w, https:\/\/sgvaimudar.com.br\/wp-content\/uploads\/2025\/03\/Anuncie-Aqui-Sao-Goncalo-vai-mudar-300x74.jpg 300w, https:\/\/sgvaimudar.com.br\/wp-content\/uploads\/2025\/03\/Anuncie-Aqui-Sao-Goncalo-vai-mudar-768x189.jpg 768w, https:\/\/sgvaimudar.com.br\/wp-content\/uploads\/2025\/03\/Anuncie-Aqui-Sao-Goncalo-vai-mudar-1536x378.jpg 1536w, https:\/\/sgvaimudar.com.br\/wp-content\/uploads\/2025\/03\/Anuncie-Aqui-Sao-Goncalo-vai-mudar-2048x504.jpg 2048w\" sizes=\"(max-width: 1024px) 100vw, 1024px\" \/><\/figure>\n","protected":false},"excerpt":{"rendered":"<p>Espa\u00e7o exclusivo para ciclistas ter\u00e1 4,4 quil\u00f4metros de extens\u00e3o Os ciclistas gon\u00e7alenses comemoram os tach\u00f5es e segregadores que j\u00e1 foram&hellip;<\/p>\n","protected":false},"author":5,"featured_media":27677,"comment_status":"open","ping_status":"open","sticky":false,"template":"","format":"standard","meta":{"fifu_image_url":"","fifu_image_alt":"","footnotes":""},"categories":[3],"tags":[47,75],"class_list":["post-27676","post","type-post","status-publish","format-standard","has-post-thumbnail","hentry","category-sao-goncalo","tag-rj","tag-sao-goncalo"],"_links":{"self":[{"href":"https:\/\/sgvaimudar.com.br\/index.php\/wp-json\/wp\/v2\/posts\/27676","targetHints":{"allow":["GET"]}}],"collection":[{"href":"https:\/\/sgvaimudar.com.br\/index.php\/wp-json\/wp\/v2\/posts"}],"about":[{"href":"https:\/\/sgvaimudar.com.br\/index.php\/wp-json\/wp\/v2\/types\/post"}],"author":[{"embeddable":true,"href":"https:\/\/sgvaimudar.com.br\/index.php\/wp-json\/wp\/v2\/users\/5"}],"replies":[{"embeddable":true,"href":"https:\/\/sgvaimudar.com.br\/index.php\/wp-json\/wp\/v2\/comments?post=27676"}],"version-history":[{"count":1,"href":"https:\/\/sgvaimudar.com.br\/index.php\/wp-json\/wp\/v2\/posts\/27676\/revisions"}],"predecessor-version":[{"id":27679,"href":"https:\/\/sgvaimudar.com.br\/index.php\/wp-json\/wp\/v2\/posts\/27676\/revisions\/27679"}],"wp:featuredmedia":[{"embeddable":true,"href":"https:\/\/sgvaimudar.com.br\/index.php\/wp-json\/wp\/v2\/media\/27677"}],"wp:attachment":[{"href":"https:\/\/sgvaimudar.com.br\/index.php\/wp-json\/wp\/v2\/media?parent=27676"}],"wp:term":[{"taxonomy":"category","embeddable":true,"href":"https:\/\/sgvaimudar.com.br\/index.php\/wp-json\/wp\/v2\/categories?post=27676"},{"taxonomy":"post_tag","embeddable":true,"href":"https:\/\/sgvaimudar.com.br\/index.php\/wp-json\/wp\/v2\/tags?post=27676"}],"curies":[{"name":"wp","href":"https:\/\/api.w.org\/{rel}","templated":true}]}}