{"id":27600,"date":"2025-07-06T11:00:00","date_gmt":"2025-07-06T14:00:00","guid":{"rendered":"https:\/\/sgvaimudar.com.br\/?p=27600"},"modified":"2025-07-06T08:34:09","modified_gmt":"2025-07-06T11:34:09","slug":"quarta-edicao-da-festa-cultural-da-educacao-atrai-centenas-de-pessoas-em-sao-goncalo","status":"publish","type":"post","link":"https:\/\/sgvaimudar.com.br\/index.php\/2025\/07\/06\/quarta-edicao-da-festa-cultural-da-educacao-atrai-centenas-de-pessoas-em-sao-goncalo\/","title":{"rendered":"Quarta edi\u00e7\u00e3o da Festa Cultural da Educa\u00e7\u00e3o atrai centenas de pessoas em S\u00e3o Gon\u00e7alo"},"content":{"rendered":"\n<p><em>O evento, aberto ao p\u00fablico, foi um sucesso e realizado em escola municipal no Laranjal<\/em><\/p>\n\n\n\n<p>Quadrilhas, comidas t\u00edpicas de festa junina e muita anima\u00e7\u00e3o marcaram este s\u00e1bado (5) no Col\u00e9gio Municipal Esteph\u00e2nia de Carvalho, no Laranjal, durante a 4\u00aa edi\u00e7\u00e3o da Festa Cultural da Educa\u00e7\u00e3o. O evento, que aconteceu das 9h \u00e0s 16h, foi promovido pela Secretaria de Educa\u00e7\u00e3o da Prefeitura de S\u00e3o Gon\u00e7alo e aberto ao p\u00fablico.<\/p>\n\n\n\n<p>Durante todo o dia, escolas da rede municipal realizaram apresenta\u00e7\u00f5es de dan\u00e7a. Al\u00e9m disso, foram montadas mais de 30 barracas com brincadeiras e comidas t\u00edpicas de festa junina, incluindo milho cozido, cuscuz e diversos doces. A decora\u00e7\u00e3o tamb\u00e9m ficou por conta das escolas da rede municipal, ressaltando a integra\u00e7\u00e3o das unidades de ensino para promover um evento com foco na cultura.<\/p>\n\n\n\n<figure class=\"wp-block-image size-full\"><img fetchpriority=\"high\" decoding=\"async\" width=\"1024\" height=\"681\" src=\"https:\/\/sgvaimudar.com.br\/wp-content\/uploads\/2025\/07\/unnamed-9-1.jpg\" alt=\"\" class=\"wp-image-27601\" srcset=\"https:\/\/sgvaimudar.com.br\/wp-content\/uploads\/2025\/07\/unnamed-9-1.jpg 1024w, https:\/\/sgvaimudar.com.br\/wp-content\/uploads\/2025\/07\/unnamed-9-1-300x200.jpg 300w, https:\/\/sgvaimudar.com.br\/wp-content\/uploads\/2025\/07\/unnamed-9-1-768x511.jpg 768w\" sizes=\"(max-width: 1024px) 100vw, 1024px\" \/><\/figure>\n\n\n\n<p>\u201c\u00c9 muito gratificante ver o empenho das escolas municipais nesta grande celebra\u00e7\u00e3o da cultura brasileira. Cada detalhe foi pensado com muito cuidado para tornar essa festa inesquec\u00edvel. Todas as escolas participantes, que dan\u00e7aram e trouxeram comidas t\u00edpicas, est\u00e3o de parab\u00e9ns pelo excelente resultado. Uma festa linda para celebrar a nossa rede\u201d, afirmou o secret\u00e1rio de Educa\u00e7\u00e3o, Mauricio Nascimento.<\/p>\n\n\n\n<p>Ao todo, 48 escolas da rede municipal e quatro creches conveniadas participaram do evento que, nesta edi\u00e7\u00e3o, teve como tema o \u201cEncontro das Diferentes Culturas na Promo\u00e7\u00e3o da Paz\u201d.<\/p>\n\n\n\n<p>Thailayne Pimenta da Silva, de 31 anos, \u00e9 m\u00e3e de Thayson, de 5 anos. O menino estuda no CIEP 125 Prof. Paulo Roberto Macedo do Amaral, no Coluband\u00ea, que faz parte da rede municipal de ensino. Ela, o filho e o marido Neilson estiveram na Festa Cultural da Educa\u00e7\u00e3o e s\u00f3 fizeram elogios ao evento.<\/p>\n\n\n\n<figure class=\"wp-block-image size-full\"><img decoding=\"async\" width=\"1024\" height=\"681\" src=\"https:\/\/sgvaimudar.com.br\/wp-content\/uploads\/2025\/07\/unnamed-10-2.jpg\" alt=\"\" class=\"wp-image-27602\" srcset=\"https:\/\/sgvaimudar.com.br\/wp-content\/uploads\/2025\/07\/unnamed-10-2.jpg 1024w, https:\/\/sgvaimudar.com.br\/wp-content\/uploads\/2025\/07\/unnamed-10-2-300x200.jpg 300w, https:\/\/sgvaimudar.com.br\/wp-content\/uploads\/2025\/07\/unnamed-10-2-768x511.jpg 768w\" sizes=\"(max-width: 1024px) 100vw, 1024px\" \/><\/figure>\n\n\n\n<p>&#8220;Eu achei tudo \u00f3timo! O evento foi bem organizado e todo mundo est\u00e1 de parab\u00e9ns! Uma festa t\u00edpica junina como essa \u00e9 \u00f3tima para as crian\u00e7as entenderem a import\u00e2ncia da festa junina. Meu filho dan\u00e7ou quadrilha hoje, pela primeira vez, e estava animado, feliz&#8221;, disse a moradora do bairro Jardim Alc\u00e2ntara.<\/p>\n\n\n\n<p>Al\u00e9m das apresenta\u00e7\u00f5es realizadas pelas escolas da rede municipal e da apresenta\u00e7\u00e3o musical da banda do Col\u00e9gio Municipal Esteph\u00e2nia de Carvalho, a Quadrilha Bal\u00e3o Dourado tamb\u00e9m se apresentou no evento e contou uma hist\u00f3ria sobre a f\u00e9 e a celebra\u00e7\u00e3o junina.<\/p>\n\n\n\n<p>Enzo Daniel Monteiro, de 16 anos, se apresentou pela Quadrilha Bal\u00e3o Dourado.<\/p>\n\n\n\n<p>&#8220;Nossa quadrilha fala sobre cultura, f\u00e9 e festa junina. Eu acho o evento muito importante, \u00e9 \u00f3timo, porque levamos cultura tamb\u00e9m para as pessoas e todos ficam felizes. Meu personagem capina e tem uma vida dif\u00edcil, j\u00e1 que a planta\u00e7\u00e3o est\u00e1 seca, ent\u00e3o, ele pede um milagre para S\u00e3o Pedro e a chuva cai. \u00c9 algo muito importante para a sociedade gon\u00e7alense!&#8221;, afirmou.<\/p>\n\n\n\n<p><em>Fotos: Julio Diniz<\/em><\/p>\n\n\n\n<p><strong><em>S\u00e3o Gon\u00e7alo vai mudar: Not\u00edcias de S\u00e3o Gon\u00e7alo e toda regi\u00e3o.<\/em><\/strong><\/p>\n\n\n\n<figure class=\"wp-block-image size-large\"><img decoding=\"async\" width=\"722\" height=\"1024\" src=\"https:\/\/sgvaimudar.com.br\/wp-content\/uploads\/2023\/10\/Anuncie-aqui-a5-1-722x1024.png\" alt=\"\" class=\"wp-image-3627\" srcset=\"https:\/\/sgvaimudar.com.br\/wp-content\/uploads\/2023\/10\/Anuncie-aqui-a5-1-722x1024.png 722w, https:\/\/sgvaimudar.com.br\/wp-content\/uploads\/2023\/10\/Anuncie-aqui-a5-1-212x300.png 212w, https:\/\/sgvaimudar.com.br\/wp-content\/uploads\/2023\/10\/Anuncie-aqui-a5-1-768x1089.png 768w, https:\/\/sgvaimudar.com.br\/wp-content\/uploads\/2023\/10\/Anuncie-aqui-a5-1-1083x1536.png 1083w, https:\/\/sgvaimudar.com.br\/wp-content\/uploads\/2023\/10\/Anuncie-aqui-a5-1-1444x2048.png 1444w, https:\/\/sgvaimudar.com.br\/wp-content\/uploads\/2023\/10\/Anuncie-aqui-a5-1.png 1750w\" sizes=\"(max-width: 722px) 100vw, 722px\" \/><\/figure>\n","protected":false},"excerpt":{"rendered":"<p>O evento, aberto ao p\u00fablico, foi um sucesso e realizado em escola municipal no Laranjal Quadrilhas, comidas t\u00edpicas de festa&hellip;<\/p>\n","protected":false},"author":5,"featured_media":27603,"comment_status":"open","ping_status":"open","sticky":false,"template":"","format":"standard","meta":{"fifu_image_url":"","fifu_image_alt":"","footnotes":""},"categories":[6],"tags":[47,75],"class_list":["post-27600","post","type-post","status-publish","format-standard","has-post-thumbnail","hentry","category-entretenimento","tag-rj","tag-sao-goncalo"],"_links":{"self":[{"href":"https:\/\/sgvaimudar.com.br\/index.php\/wp-json\/wp\/v2\/posts\/27600","targetHints":{"allow":["GET"]}}],"collection":[{"href":"https:\/\/sgvaimudar.com.br\/index.php\/wp-json\/wp\/v2\/posts"}],"about":[{"href":"https:\/\/sgvaimudar.com.br\/index.php\/wp-json\/wp\/v2\/types\/post"}],"author":[{"embeddable":true,"href":"https:\/\/sgvaimudar.com.br\/index.php\/wp-json\/wp\/v2\/users\/5"}],"replies":[{"embeddable":true,"href":"https:\/\/sgvaimudar.com.br\/index.php\/wp-json\/wp\/v2\/comments?post=27600"}],"version-history":[{"count":1,"href":"https:\/\/sgvaimudar.com.br\/index.php\/wp-json\/wp\/v2\/posts\/27600\/revisions"}],"predecessor-version":[{"id":27604,"href":"https:\/\/sgvaimudar.com.br\/index.php\/wp-json\/wp\/v2\/posts\/27600\/revisions\/27604"}],"wp:featuredmedia":[{"embeddable":true,"href":"https:\/\/sgvaimudar.com.br\/index.php\/wp-json\/wp\/v2\/media\/27603"}],"wp:attachment":[{"href":"https:\/\/sgvaimudar.com.br\/index.php\/wp-json\/wp\/v2\/media?parent=27600"}],"wp:term":[{"taxonomy":"category","embeddable":true,"href":"https:\/\/sgvaimudar.com.br\/index.php\/wp-json\/wp\/v2\/categories?post=27600"},{"taxonomy":"post_tag","embeddable":true,"href":"https:\/\/sgvaimudar.com.br\/index.php\/wp-json\/wp\/v2\/tags?post=27600"}],"curies":[{"name":"wp","href":"https:\/\/api.w.org\/{rel}","templated":true}]}}