{"id":27589,"date":"2025-07-06T09:00:00","date_gmt":"2025-07-06T12:00:00","guid":{"rendered":"https:\/\/sgvaimudar.com.br\/?p=27589"},"modified":"2025-07-06T08:22:04","modified_gmt":"2025-07-06T11:22:04","slug":"caravana-de-arte-e-lazer-em-sao-goncalo-domingo-e-dia-de-festa-no-lindo-parque","status":"publish","type":"post","link":"https:\/\/sgvaimudar.com.br\/index.php\/2025\/07\/06\/caravana-de-arte-e-lazer-em-sao-goncalo-domingo-e-dia-de-festa-no-lindo-parque\/","title":{"rendered":"Caravana de Arte e Lazer em S\u00e3o Gon\u00e7alo: Domingo \u00e9 dia de festa no Lindo Parque"},"content":{"rendered":"\n<p><em>Neste s\u00e1bado (05), projeto recreativo esteve no Pita\u00a0<\/em><\/p>\n\n\n\n<p>A Caravana de Arte e Lazer vai garantir a divers\u00e3o gratuita para as fam\u00edlias do Lindo Parque, neste pr\u00f3ximo domingo (6). A atividade vai desembarcar na Av. Humberto de Alencar Castelo Branco, 1675, das 9h \u00e0s 13h.<\/p>\n\n\n\n<p>Ainda no s\u00e1bado (05\/07), o projeto esteve junto com as fam\u00edlias na Rua Sedopiro Freire Ribeiro, no bairro do Pita. A a\u00e7\u00e3o \u00e9 uma iniciativa da Funda\u00e7\u00e3o de Artes, Esporte e Lazer de S\u00e3o Gon\u00e7alo (Faelsg) e proporciona momentos de lazer, divers\u00e3o e intera\u00e7\u00e3o de forma gratuita para milhares de crian\u00e7as e seus familiares.<\/p>\n\n\n\n<p>As crian\u00e7as puderam aproveitar diversas brincadeiras, incluindo piscina de bolinhas, personagens vivos, pintura art\u00edstica, cama el\u00e1stica, escorregador infl\u00e1vel e lanches, como pipoca, algod\u00e3o-doce e cachorro-quente.<\/p>\n\n\n\n<figure class=\"wp-block-image size-full\"><img fetchpriority=\"high\" decoding=\"async\" width=\"1024\" height=\"681\" src=\"https:\/\/sgvaimudar.com.br\/wp-content\/uploads\/2025\/07\/unnamed-1-5.jpg\" alt=\"\" class=\"wp-image-27590\" srcset=\"https:\/\/sgvaimudar.com.br\/wp-content\/uploads\/2025\/07\/unnamed-1-5.jpg 1024w, https:\/\/sgvaimudar.com.br\/wp-content\/uploads\/2025\/07\/unnamed-1-5-300x200.jpg 300w, https:\/\/sgvaimudar.com.br\/wp-content\/uploads\/2025\/07\/unnamed-1-5-768x511.jpg 768w\" sizes=\"(max-width: 1024px) 100vw, 1024px\" \/><\/figure>\n\n\n\n<p>A bombeira civil Jaiane Almeida, de 30 anos, participou da a\u00e7\u00e3o com as duas filhas: Micaella, de 8 anos, Myrella, de 6 anos, e a afilhada Lara, de 9 anos.<\/p>\n\n\n\n<p>&#8220;O evento est\u00e1 \u00f3timo! \u00c9 tudo o que as crian\u00e7as precisavam. Vim com as meninas e elas est\u00e3o amando. Quando elas acordaram hoje, eu contei que teria esse evento, elas se arrumaram e vieram r\u00e1pido. \u00c9 bom que elas n\u00e3o precisaram sair do bairro para ter uma manh\u00e3 de lazer&#8221;, disse a bombeira.<\/p>\n\n\n\n<figure class=\"wp-block-image size-full\"><img decoding=\"async\" width=\"1024\" height=\"681\" src=\"https:\/\/sgvaimudar.com.br\/wp-content\/uploads\/2025\/07\/unnamed-3-4.jpg\" alt=\"\" class=\"wp-image-27591\" srcset=\"https:\/\/sgvaimudar.com.br\/wp-content\/uploads\/2025\/07\/unnamed-3-4.jpg 1024w, https:\/\/sgvaimudar.com.br\/wp-content\/uploads\/2025\/07\/unnamed-3-4-300x200.jpg 300w, https:\/\/sgvaimudar.com.br\/wp-content\/uploads\/2025\/07\/unnamed-3-4-768x511.jpg 768w\" sizes=\"(max-width: 1024px) 100vw, 1024px\" \/><\/figure>\n\n\n\n<p>Micaella concorda com a m\u00e3e e afirma que o evento \u00e9 muito divertido.<\/p>\n\n\n\n<p>&#8220;Eu gostei muito, brinquei em muitos brinquedos infl\u00e1veis e estou aproveitando!&#8221;, afirmou Micaella.<\/p>\n\n\n\n<p>Segundo a Prefeitura de S\u00e3oGon\u00e7alo, desde 2022, a Caravana de Arte e Lazer leva divers\u00e3o para fam\u00edlias que vivem em \u00e1reas de vulnerabilidade social da cidade. A Caravana j\u00e1 esteve em mais de 60 bairros em todos os cantos do munic\u00edpio.<\/p>\n\n\n\n<figure class=\"wp-block-image size-full\"><img decoding=\"async\" width=\"1024\" height=\"681\" src=\"https:\/\/sgvaimudar.com.br\/wp-content\/uploads\/2025\/07\/unnamed-2-4.jpg\" alt=\"\" class=\"wp-image-27592\" srcset=\"https:\/\/sgvaimudar.com.br\/wp-content\/uploads\/2025\/07\/unnamed-2-4.jpg 1024w, https:\/\/sgvaimudar.com.br\/wp-content\/uploads\/2025\/07\/unnamed-2-4-300x200.jpg 300w, https:\/\/sgvaimudar.com.br\/wp-content\/uploads\/2025\/07\/unnamed-2-4-768x511.jpg 768w\" sizes=\"(max-width: 1024px) 100vw, 1024px\" \/><\/figure>\n\n\n\n<p><em>Fotos: Julio Diniz<\/em><\/p>\n\n\n\n<p><strong><em>S\u00e3o Gon\u00e7alo vai mudar: Not\u00edcias de S\u00e3o Gon\u00e7alo e toda regi\u00e3o.<\/em><\/strong><\/p>\n\n\n\n<figure class=\"wp-block-image size-large\"><img loading=\"lazy\" decoding=\"async\" width=\"1024\" height=\"252\" src=\"https:\/\/sgvaimudar.com.br\/wp-content\/uploads\/2023\/10\/Anuncie-Aqui-Sao-Goncalo-vai-mudar-2-1024x252.jpg\" alt=\"\" class=\"wp-image-3625\" srcset=\"https:\/\/sgvaimudar.com.br\/wp-content\/uploads\/2023\/10\/Anuncie-Aqui-Sao-Goncalo-vai-mudar-2-1024x252.jpg 1024w, https:\/\/sgvaimudar.com.br\/wp-content\/uploads\/2023\/10\/Anuncie-Aqui-Sao-Goncalo-vai-mudar-2-300x74.jpg 300w, https:\/\/sgvaimudar.com.br\/wp-content\/uploads\/2023\/10\/Anuncie-Aqui-Sao-Goncalo-vai-mudar-2-768x189.jpg 768w, https:\/\/sgvaimudar.com.br\/wp-content\/uploads\/2023\/10\/Anuncie-Aqui-Sao-Goncalo-vai-mudar-2-1536x378.jpg 1536w, https:\/\/sgvaimudar.com.br\/wp-content\/uploads\/2023\/10\/Anuncie-Aqui-Sao-Goncalo-vai-mudar-2-2048x504.jpg 2048w\" sizes=\"(max-width: 1024px) 100vw, 1024px\" \/><\/figure>\n","protected":false},"excerpt":{"rendered":"<p>Neste s\u00e1bado (05), projeto recreativo esteve no Pita\u00a0 A Caravana de Arte e Lazer vai garantir a divers\u00e3o gratuita para&hellip;<\/p>\n","protected":false},"author":5,"featured_media":27593,"comment_status":"open","ping_status":"open","sticky":false,"template":"","format":"standard","meta":{"fifu_image_url":"","fifu_image_alt":"","footnotes":""},"categories":[6],"tags":[47,75],"class_list":["post-27589","post","type-post","status-publish","format-standard","has-post-thumbnail","hentry","category-entretenimento","tag-rj","tag-sao-goncalo"],"_links":{"self":[{"href":"https:\/\/sgvaimudar.com.br\/index.php\/wp-json\/wp\/v2\/posts\/27589","targetHints":{"allow":["GET"]}}],"collection":[{"href":"https:\/\/sgvaimudar.com.br\/index.php\/wp-json\/wp\/v2\/posts"}],"about":[{"href":"https:\/\/sgvaimudar.com.br\/index.php\/wp-json\/wp\/v2\/types\/post"}],"author":[{"embeddable":true,"href":"https:\/\/sgvaimudar.com.br\/index.php\/wp-json\/wp\/v2\/users\/5"}],"replies":[{"embeddable":true,"href":"https:\/\/sgvaimudar.com.br\/index.php\/wp-json\/wp\/v2\/comments?post=27589"}],"version-history":[{"count":1,"href":"https:\/\/sgvaimudar.com.br\/index.php\/wp-json\/wp\/v2\/posts\/27589\/revisions"}],"predecessor-version":[{"id":27594,"href":"https:\/\/sgvaimudar.com.br\/index.php\/wp-json\/wp\/v2\/posts\/27589\/revisions\/27594"}],"wp:featuredmedia":[{"embeddable":true,"href":"https:\/\/sgvaimudar.com.br\/index.php\/wp-json\/wp\/v2\/media\/27593"}],"wp:attachment":[{"href":"https:\/\/sgvaimudar.com.br\/index.php\/wp-json\/wp\/v2\/media?parent=27589"}],"wp:term":[{"taxonomy":"category","embeddable":true,"href":"https:\/\/sgvaimudar.com.br\/index.php\/wp-json\/wp\/v2\/categories?post=27589"},{"taxonomy":"post_tag","embeddable":true,"href":"https:\/\/sgvaimudar.com.br\/index.php\/wp-json\/wp\/v2\/tags?post=27589"}],"curies":[{"name":"wp","href":"https:\/\/api.w.org\/{rel}","templated":true}]}}