{"id":27572,"date":"2025-07-06T07:34:51","date_gmt":"2025-07-06T10:34:51","guid":{"rendered":"https:\/\/sgvaimudar.com.br\/?p=27572"},"modified":"2025-07-06T07:36:06","modified_gmt":"2025-07-06T10:36:06","slug":"botafogo-faz-consulta-por-davide-ancelotti-auxiliar-da-selecao-para-cargo-de-tecnico","status":"publish","type":"post","link":"https:\/\/sgvaimudar.com.br\/index.php\/2025\/07\/06\/botafogo-faz-consulta-por-davide-ancelotti-auxiliar-da-selecao-para-cargo-de-tecnico\/","title":{"rendered":"Botafogo faz consulta por Davide Ancelotti, auxiliar da Sele\u00e7\u00e3o, para cargo de t\u00e9cnico"},"content":{"rendered":"\n<p>Filho de Carlo Ancelotti comp\u00f5e comiss\u00e3o da sele\u00e7\u00e3o brasileira e n\u00e3o tem experi\u00eancia pr\u00e9via como treinador principal de uma equipe<\/p>\n\n\n\n<p>Em busca de um sucessor para o t\u00e9cnico Renato Paiva, <\/p>\n\n\n\n<p>O Botafogo fez uma consulta a Davide Ancelotti, auxiliar da sele\u00e7\u00e3o brasileira. O filho de Carlo Ancelotti, treinador da Sele\u00e7\u00e3o, n\u00e3o tem experi\u00eancia pr\u00e9via como t\u00e9cnico principal de uma equipe &#8211; mas esteve cotado para iniciar a pr\u00f3pria trajet\u00f3ria \u00e0 beira do gramado antes de se juntar \u00e0 comiss\u00e3o.<\/p>\n\n\n\n<p>Davide s\u00f3 se juntou \u00e0 Sele\u00e7\u00e3o no jogo contra o Paraguai, o segundo da nova comiss\u00e3o. Assim como outros profissionais, como o m\u00e9dico Rodrigo Lasmar, do Atl\u00e9tico-MG, e Taffarel, que estava no Liverpool at\u00e9 poucos dias atr\u00e1s, o v\u00ednculo n\u00e3o \u00e9 exclusivo, como \u00e9 o de Carlo Ancelotti.<\/p>\n\n\n\n<p>A informa\u00e7\u00e3o foi publicada originalmente pelo jornalista franc\u00eas Nabil Djellit e confirmada pelo\u00a0ge. A CBF ainda n\u00e3o foi consultada pelo Botafogo para uma poss\u00edvel contrata\u00e7\u00e3o de Davide Ancelotti.<\/p>\n\n\n\n<p>Renato Paiva foi demitido no \u00faltimo domingo, menos de 48 horas ap\u00f3s a elimina\u00e7\u00e3o do Botafogo diante do Palmeiras na Copa do Mundo de Clubes.\u00a0Nosbastidores,pesou a insatisfa\u00e7\u00e3o deJohn Textor com a postura doclube nas oitavas de final;\u00a0o americano voltou a citar o &#8220;Botafogo Way&#8221; desejado, com um estilo de jogo mais ofensivo.<\/p>\n\n\n\n<p>Aos 35 anos, Davide \u00e9 italiano e esteve no Real Madrid ao lado do pai. O auxiliar tamb\u00e9m trabalhou em outros clubes, sempre como auxiliar, como Bayern de Munique, Napoli e Everton. Ele tentou a carreira de jogador, sem sucesso, e se aposentou aos 20 anos.<\/p>\n\n\n\n<p>O Botafogo ir\u00e1 se reapresentar nesta segunda-feira. O pr\u00f3ximo compromisso do Alvinegro \u00e9 o cl\u00e1ssico contra o Vasco, em 12 de julho, pela 13\u00aa rodada do Campeonato Brasileiro.<\/p>\n\n\n\n<p><em>Fonte: gE<\/em><\/p>\n\n\n\n<p><strong><em>S\u00e3o Gon\u00e7alo vai mudar: Not\u00edcias de S\u00e3o Gon\u00e7alo e toda regi\u00e3o.<\/em><\/strong><\/p>\n\n\n\n<figure class=\"wp-block-image size-full\"><img decoding=\"async\" width=\"251\" height=\"88\" src=\"https:\/\/sgvaimudar.com.br\/wp-content\/uploads\/2023\/08\/Logo.png\" alt=\"\" class=\"wp-image-2738\" \/><\/figure>\n","protected":false},"excerpt":{"rendered":"<p>Filho de Carlo Ancelotti comp\u00f5e comiss\u00e3o da sele\u00e7\u00e3o brasileira e n\u00e3o tem experi\u00eancia pr\u00e9via como treinador principal de uma equipe&hellip;<\/p>\n","protected":false},"author":5,"featured_media":27574,"comment_status":"open","ping_status":"open","sticky":false,"template":"","format":"standard","meta":{"fifu_image_url":"","fifu_image_alt":"","footnotes":""},"categories":[5],"tags":[47],"class_list":["post-27572","post","type-post","status-publish","format-standard","has-post-thumbnail","hentry","category-esportes","tag-rj"],"_links":{"self":[{"href":"https:\/\/sgvaimudar.com.br\/index.php\/wp-json\/wp\/v2\/posts\/27572","targetHints":{"allow":["GET"]}}],"collection":[{"href":"https:\/\/sgvaimudar.com.br\/index.php\/wp-json\/wp\/v2\/posts"}],"about":[{"href":"https:\/\/sgvaimudar.com.br\/index.php\/wp-json\/wp\/v2\/types\/post"}],"author":[{"embeddable":true,"href":"https:\/\/sgvaimudar.com.br\/index.php\/wp-json\/wp\/v2\/users\/5"}],"replies":[{"embeddable":true,"href":"https:\/\/sgvaimudar.com.br\/index.php\/wp-json\/wp\/v2\/comments?post=27572"}],"version-history":[{"count":3,"href":"https:\/\/sgvaimudar.com.br\/index.php\/wp-json\/wp\/v2\/posts\/27572\/revisions"}],"predecessor-version":[{"id":27577,"href":"https:\/\/sgvaimudar.com.br\/index.php\/wp-json\/wp\/v2\/posts\/27572\/revisions\/27577"}],"wp:featuredmedia":[{"embeddable":true,"href":"https:\/\/sgvaimudar.com.br\/index.php\/wp-json\/wp\/v2\/media\/27574"}],"wp:attachment":[{"href":"https:\/\/sgvaimudar.com.br\/index.php\/wp-json\/wp\/v2\/media?parent=27572"}],"wp:term":[{"taxonomy":"category","embeddable":true,"href":"https:\/\/sgvaimudar.com.br\/index.php\/wp-json\/wp\/v2\/categories?post=27572"},{"taxonomy":"post_tag","embeddable":true,"href":"https:\/\/sgvaimudar.com.br\/index.php\/wp-json\/wp\/v2\/tags?post=27572"}],"curies":[{"name":"wp","href":"https:\/\/api.w.org\/{rel}","templated":true}]}}