{"id":27567,"date":"2025-07-05T15:00:00","date_gmt":"2025-07-05T18:00:00","guid":{"rendered":"https:\/\/sgvaimudar.com.br\/?p=27567"},"modified":"2025-07-05T10:18:46","modified_gmt":"2025-07-05T13:18:46","slug":"estudantes-do-colegio-forum-cultural-visitam-camara-de-vereadores-em-atividade-sobre-democracia-e-cidadania","status":"publish","type":"post","link":"https:\/\/sgvaimudar.com.br\/index.php\/2025\/07\/05\/estudantes-do-colegio-forum-cultural-visitam-camara-de-vereadores-em-atividade-sobre-democracia-e-cidadania\/","title":{"rendered":"Estudantes do Col\u00e9gio F\u00f3rum Cultural visitam C\u00e2mara de Vereadores em atividade sobre democracia e cidadania"},"content":{"rendered":"\n<p><em>A visita integra o projeto Escola de Democracia<\/em><\/p>\n\n\n\n<p>A C\u00e2mara Municipal de Niter\u00f3i recebeu nesta ter\u00e7a-feira (2) a visita de cerca de 50 alunos do 5\u00ba ano do Ensino Fundamental do Col\u00e9gio F\u00f3rum Cultural. A atividade teve como objetivo apresentar aos estudantes o funcionamento do Legislativo municipal e promover reflex\u00f5es sobre a import\u00e2ncia da democracia e da participa\u00e7\u00e3o cidad\u00e3 desde a inf\u00e2ncia. <\/p>\n\n\n\n<p>Guiada pelo secret\u00e1rio de Governo da Prefeitura de Niter\u00f3i, Paulo Bagueira, que foi vereador da cidade por sete mandatos consecutivos, entre 1992 e 2020, per\u00edodo em que presidiu a Casa por sete vezes, tamb\u00e9m contou com a presen\u00e7a do atual presidente da C\u00e2mara, vereador Milton Cal, que deu as boas-vindas aos alunos e falou sobre o papel dos parlamentares na formula\u00e7\u00e3o das leis e na fiscaliza\u00e7\u00e3o do poder p\u00fablico.<\/p>\n\n\n\n<figure class=\"wp-block-image size-large\"><img fetchpriority=\"high\" decoding=\"async\" width=\"1024\" height=\"683\" src=\"https:\/\/sgvaimudar.com.br\/wp-content\/uploads\/2025\/07\/Escola-de-Democracia-98-1024x683.jpg\" alt=\"\" class=\"wp-image-27569\" srcset=\"https:\/\/sgvaimudar.com.br\/wp-content\/uploads\/2025\/07\/Escola-de-Democracia-98-1024x683.jpg 1024w, https:\/\/sgvaimudar.com.br\/wp-content\/uploads\/2025\/07\/Escola-de-Democracia-98-300x200.jpg 300w, https:\/\/sgvaimudar.com.br\/wp-content\/uploads\/2025\/07\/Escola-de-Democracia-98-768x512.jpg 768w, https:\/\/sgvaimudar.com.br\/wp-content\/uploads\/2025\/07\/Escola-de-Democracia-98-1536x1024.jpg 1536w, https:\/\/sgvaimudar.com.br\/wp-content\/uploads\/2025\/07\/Escola-de-Democracia-98.jpg 2048w\" sizes=\"(max-width: 1024px) 100vw, 1024px\" \/><\/figure>\n\n\n\n<p>Durante o encontro, os estudantes puderam conhecer o plen\u00e1rio da C\u00e2mara, participar de uma simula\u00e7\u00e3o de vota\u00e7\u00e3o e tirar d\u00favidas sobre o processo legislativo. Para o secret\u00e1rio Paulo Bagueira, a atividade \u00e9 uma oportunidade importante de despertar nas crian\u00e7as o interesse pela pol\u00edtica e pela constru\u00e7\u00e3o de uma sociedade mais justa e participativa.<\/p>\n\n\n\n<p>\u201cTrazer os estudantes para dentro da C\u00e2mara \u00e9 uma forma de aproximar o poder p\u00fablico da popula\u00e7\u00e3o e mostrar, desde cedo, que a democracia se faz com participa\u00e7\u00e3o, di\u00e1logo e responsabilidade. Fico ainda mais emocionado porque entre os alunos est\u00e1 minha filha, Nicole Bagueira, que p\u00f4de vivenciar esse momento especial com os colegas e conhecer um pouco da hist\u00f3ria da cidade\u201d, destacou Bagueira.<\/p>\n\n\n\n<p>A visita faz parte do projeto pedag\u00f3gico da escola, que busca desenvolver a consci\u00eancia cidad\u00e3 dos alunos por meio de experi\u00eancias pr\u00e1ticas e viv\u00eancias fora da sala de aula.<\/p>\n\n\n\n<p>A coordenadora pedag\u00f3gica do Col\u00e9gio F\u00f3rum Cultural, professora Luciana Carvalho, ressaltou a import\u00e2ncia da atividade como ferramenta de aprendizagem. \u201cAo conhecerem de perto o espa\u00e7o onde as decis\u00f5es que impactam a vida dos cidad\u00e3os s\u00e3o tomadas, os alunos compreendem melhor os conceitos de cidadania, representa\u00e7\u00e3o pol\u00edtica e democracia. Essa viv\u00eancia amplia a forma\u00e7\u00e3o cr\u00edtica e \u00e9tica das nossas crian\u00e7as\u201d, afirmou.<\/p>\n\n\n\n<p>Os estudantes demonstraram entusiasmo ao percorrerem os corredores da C\u00e2mara e ao ocuparem simbolicamente as cadeiras dos vereadores no plen\u00e1rio e simularem, com o apoio de Bagueira, uma sess\u00e3o legislativa. Muitos aproveitaram o momento para fazer perguntas sobre direitos e democracia.&nbsp;<\/p>\n\n\n\n<p>O presidente da C\u00e2mara, vereador Milton Cal, parabenizou a iniciativa e refor\u00e7ou a import\u00e2ncia de cultivar o interesse das novas gera\u00e7\u00f5es pelos valores democr\u00e1ticos. \u201cA educa\u00e7\u00e3o pol\u00edtica come\u00e7a na inf\u00e2ncia, e atividades como essa s\u00e3o fundamentais para formar cidad\u00e3os conscientes, que compreendam seus direitos e deveres. A C\u00e2mara est\u00e1 sempre de portas abertas para iniciativas como essa\u201d, declarou.<\/p>\n\n\n\n<p>Ao final da visita, os alunos conheceram o Arquivo da C\u00e2mara onde est\u00e3o documentos originais do s\u00e9culo XIX, muitos do per\u00edodo imperial, receberam materiais educativos sobre o funcionamento do Legislativo e participaram de um lanche de confraterniza\u00e7\u00e3o com os anfitri\u00f5es. A a\u00e7\u00e3o refor\u00e7a o compromisso da Prefeitura de Niter\u00f3i e da C\u00e2mara Municipal com a promo\u00e7\u00e3o da cidadania e da educa\u00e7\u00e3o democr\u00e1tica como pilares para a constru\u00e7\u00e3o de uma cidade mais participativa e consciente.<\/p>\n\n\n\n<p><strong><em>S\u00e3o Gon\u00e7alo vai mudar: Not\u00edcias de S\u00e3o Gon\u00e7alo e toda regi\u00e3o.<\/em><\/strong><\/p>\n\n\n\n<figure class=\"wp-block-image size-large\"><img decoding=\"async\" width=\"1024\" height=\"252\" src=\"https:\/\/sgvaimudar.com.br\/wp-content\/uploads\/2025\/03\/Anuncie-Aqui-Sao-Goncalo-vai-mudar-1024x252.jpg\" alt=\"\" class=\"wp-image-22693\" srcset=\"https:\/\/sgvaimudar.com.br\/wp-content\/uploads\/2025\/03\/Anuncie-Aqui-Sao-Goncalo-vai-mudar-1024x252.jpg 1024w, https:\/\/sgvaimudar.com.br\/wp-content\/uploads\/2025\/03\/Anuncie-Aqui-Sao-Goncalo-vai-mudar-300x74.jpg 300w, https:\/\/sgvaimudar.com.br\/wp-content\/uploads\/2025\/03\/Anuncie-Aqui-Sao-Goncalo-vai-mudar-768x189.jpg 768w, https:\/\/sgvaimudar.com.br\/wp-content\/uploads\/2025\/03\/Anuncie-Aqui-Sao-Goncalo-vai-mudar-1536x378.jpg 1536w, https:\/\/sgvaimudar.com.br\/wp-content\/uploads\/2025\/03\/Anuncie-Aqui-Sao-Goncalo-vai-mudar-2048x504.jpg 2048w\" sizes=\"(max-width: 1024px) 100vw, 1024px\" \/><\/figure>\n","protected":false},"excerpt":{"rendered":"<p>A visita integra o projeto Escola de Democracia A C\u00e2mara Municipal de Niter\u00f3i recebeu nesta ter\u00e7a-feira (2) a visita de&hellip;<\/p>\n","protected":false},"author":5,"featured_media":27568,"comment_status":"open","ping_status":"open","sticky":false,"template":"","format":"standard","meta":{"fifu_image_url":"","fifu_image_alt":"","footnotes":""},"categories":[34],"tags":[74,47,73],"class_list":["post-27567","post","type-post","status-publish","format-standard","has-post-thumbnail","hentry","category-niteroi","tag-eleicao","tag-rj","tag-votacao"],"_links":{"self":[{"href":"https:\/\/sgvaimudar.com.br\/index.php\/wp-json\/wp\/v2\/posts\/27567","targetHints":{"allow":["GET"]}}],"collection":[{"href":"https:\/\/sgvaimudar.com.br\/index.php\/wp-json\/wp\/v2\/posts"}],"about":[{"href":"https:\/\/sgvaimudar.com.br\/index.php\/wp-json\/wp\/v2\/types\/post"}],"author":[{"embeddable":true,"href":"https:\/\/sgvaimudar.com.br\/index.php\/wp-json\/wp\/v2\/users\/5"}],"replies":[{"embeddable":true,"href":"https:\/\/sgvaimudar.com.br\/index.php\/wp-json\/wp\/v2\/comments?post=27567"}],"version-history":[{"count":1,"href":"https:\/\/sgvaimudar.com.br\/index.php\/wp-json\/wp\/v2\/posts\/27567\/revisions"}],"predecessor-version":[{"id":27570,"href":"https:\/\/sgvaimudar.com.br\/index.php\/wp-json\/wp\/v2\/posts\/27567\/revisions\/27570"}],"wp:featuredmedia":[{"embeddable":true,"href":"https:\/\/sgvaimudar.com.br\/index.php\/wp-json\/wp\/v2\/media\/27568"}],"wp:attachment":[{"href":"https:\/\/sgvaimudar.com.br\/index.php\/wp-json\/wp\/v2\/media?parent=27567"}],"wp:term":[{"taxonomy":"category","embeddable":true,"href":"https:\/\/sgvaimudar.com.br\/index.php\/wp-json\/wp\/v2\/categories?post=27567"},{"taxonomy":"post_tag","embeddable":true,"href":"https:\/\/sgvaimudar.com.br\/index.php\/wp-json\/wp\/v2\/tags?post=27567"}],"curies":[{"name":"wp","href":"https:\/\/api.w.org\/{rel}","templated":true}]}}