{"id":27563,"date":"2025-07-05T17:00:00","date_gmt":"2025-07-05T20:00:00","guid":{"rendered":"https:\/\/sgvaimudar.com.br\/?p=27563"},"modified":"2025-07-05T10:19:28","modified_gmt":"2025-07-05T13:19:28","slug":"goncalenses-debatem-rumos-da-assistencia-social-em-conferencia","status":"publish","type":"post","link":"https:\/\/sgvaimudar.com.br\/index.php\/2025\/07\/05\/goncalenses-debatem-rumos-da-assistencia-social-em-conferencia\/","title":{"rendered":"Gon\u00e7alenses debatem rumos da assist\u00eancia social em confer\u00eancia"},"content":{"rendered":"\n<p><em>Evento iniciou nesta sexta-feira e tem sequ\u00eancia neste s\u00e1bado, no Sest Senat<\/em><\/p>\n\n\n\n<p>O Conselho Municipal de Assist\u00eancia Social deu in\u00edcio, na tarde desta sexta-feira (4), \u00e0 16\u00aa Confer\u00eancia Municipal de Assist\u00eancia Social, com o tema \u201c20 anos do SUAS: constru\u00e7\u00e3o, prote\u00e7\u00e3o social e resist\u00eancia\u201d. O encontro aconteceu no Sest Senat, em Tribob\u00f3, e ter\u00e1 sequ\u00eancia neste s\u00e1bado (5), a partir das 8h, no mesmo local.&nbsp;<\/p>\n\n\n\n<p>O evento reuniu diferentes segmentos da sociedade para debater, de forma democr\u00e1tica, as pol\u00edticas p\u00fablicas de assist\u00eancia social e propor diretrizes para melhoria da prote\u00e7\u00e3o social no munic\u00edpio.<\/p>\n\n\n\n<p>Os cinco eixos tem\u00e1ticos que est\u00e3o sendo discutidos na confer\u00eancia s\u00e3o: Universaliza\u00e7\u00e3o do SUAS; Aperfei\u00e7oamento Cont\u00ednuo do SUAS; Integra\u00e7\u00e3o de Benef\u00edcios e Servi\u00e7os Socioassistenciais; Gest\u00e3o Democr\u00e1tica, Informa\u00e7\u00e3o no SUAS e Comunica\u00e7\u00e3o Transparente; Sustentabilidade Financeira e Equidade no Cofinanciamento do SUAS.<\/p>\n\n\n\n<figure class=\"wp-block-image size-full\"><img fetchpriority=\"high\" decoding=\"async\" width=\"1024\" height=\"681\" src=\"https:\/\/sgvaimudar.com.br\/wp-content\/uploads\/2025\/07\/unnamed-5-3.jpg\" alt=\"\" class=\"wp-image-27564\" srcset=\"https:\/\/sgvaimudar.com.br\/wp-content\/uploads\/2025\/07\/unnamed-5-3.jpg 1024w, https:\/\/sgvaimudar.com.br\/wp-content\/uploads\/2025\/07\/unnamed-5-3-300x200.jpg 300w, https:\/\/sgvaimudar.com.br\/wp-content\/uploads\/2025\/07\/unnamed-5-3-768x511.jpg 768w\" sizes=\"(max-width: 1024px) 100vw, 1024px\" \/><\/figure>\n\n\n\n<p>A mesa de abertura foi composta pelo secret\u00e1rio de Assist\u00eancia Social da Prefeitura de S\u00e3o Gon\u00e7alo, Felippe Mattos; a presidente do Conselho Municipal de Assist\u00eancia Social, Roberta Fab\u00edola Temtemples; a presidente da comiss\u00e3o de Assist\u00eancia Social \u2013 Poder Legislativo, Patr\u00edcia Silva; Rafael Nunes, representante do secret\u00e1rio da Fazenda, Randhal Coelho; secret\u00e1rio de Esporte e Lazer, Bruno Porto de Almeida; e o representante dos usu\u00e1rios do Sistema \u00danico de Assist\u00eancia Social (SUAS), Marcelo Garcia.<\/p>\n\n\n\n<p>O secret\u00e1rio de Assist\u00eancia Social, Felippe Mattos, agradeceu a presen\u00e7a de todos os membros da secretaria, das institui\u00e7\u00f5es que se inscreveram e refor\u00e7ou a relev\u00e2ncia da confer\u00eancia.<\/p>\n\n\n\n<p>\u201cTer a d\u00e9cima sexta confer\u00eancia mostra o quanto a nossa cidade \u00e9 pioneira nos debates em prol de pol\u00edticas p\u00fablicas. Temos uma responsabilidade muito grande em estar \u00e0 frente dessa pauta. O Governo Federal modificou v\u00e1rias regras e portarias, ent\u00e3o espero que todos possam conhecer essas mudan\u00e7as e discutir novas constru\u00e7\u00f5es coletivas importantes para S\u00e3o Gon\u00e7alo\u201d, afirmou o secret\u00e1rio.<\/p>\n\n\n\n<p>No primeiro dia de confer\u00eancia, o p\u00fablico p\u00f4de conferir a apresenta\u00e7\u00e3o cultural da ONG Afrotribo. Em seguida, a subsecret\u00e1ria municipal de Prote\u00e7\u00e3o Social B\u00e1sica e Especial, Daiana Izabel, deu in\u00edcio ao debate com uma palestra sobre o tema da 16\u00aa confer\u00eancia.&nbsp;<\/p>\n\n\n\n<p>\u201cAqui \u00e9 um ambiente democr\u00e1tico onde temos v\u00e1rios componentes do governo, sociedade civil e, principalmente, os usu\u00e1rios. A confer\u00eancia \u00e9 um momento que temos uma escuta ativa, vamos debater eixos, para que daqui saiam propostas efetivas para o nosso munic\u00edpio. Estou muito feliz por conseguirmos tantas inscri\u00e7\u00f5es para esse evento t\u00e3o importante!\u201d, destacou a presidente do Conselho Municipal de Assist\u00eancia Social, Roberta Temtemples.<\/p>\n\n\n\n<p>\u201cQuero enaltecer a import\u00e2ncia desse tipo de evento para o munic\u00edpio e para as pol\u00edticas socioassistenciais daqui. Como usu\u00e1rio, sou assistido por duas entidades de S\u00e3o Gon\u00e7alo e a constru\u00e7\u00e3o das pautas que s\u00e3o pertinentes \u00e0 assist\u00eancia s\u00e3o formuladas em congressos como esse. Vamos trabalhar juntos nessa constru\u00e7\u00e3o!\u201d, destacou o representante dos usu\u00e1rios, Marcelo Garcia.&nbsp;<\/p>\n\n\n\n<p><strong>Programa\u00e7\u00e3o:<\/strong><\/p>\n\n\n\n<p><strong>S\u00e1bado (05\/07)<\/strong><\/p>\n\n\n\n<p><strong>8h &#8211;&nbsp;<\/strong>Abertura e caf\u00e9 da manh\u00e3;<\/p>\n\n\n\n<p><strong>9h &#8211;&nbsp;<\/strong>Sistematiza\u00e7\u00e3o e Formula\u00e7\u00e3o das Delibera\u00e7\u00f5es dos Eixos;<\/p>\n\n\n\n<p><strong>Eixo 1:&nbsp;<\/strong>Universaliza\u00e7\u00e3o do SUAS &#8211; Palestrante: Jacy Marques Passos;<\/p>\n\n\n\n<p><strong>Eixo 2:&nbsp;<\/strong>Aperfei\u00e7oamento Cont\u00ednuo do SUAS &#8211; Palestrante: Diana Marques;<\/p>\n\n\n\n<p><strong>Eixo 3:&nbsp;<\/strong>Integra\u00e7\u00e3o de Benef\u00edcios e Servi\u00e7os Socioassistenciais &#8211; Palestrante: B\u00e1rbara de Oliveira Souto;<\/p>\n\n\n\n<p><strong>Eixo 4:&nbsp;<\/strong>Gest\u00e3o Democr\u00e1tica, informa\u00e7\u00e3o no SUAS e comunica\u00e7\u00e3o transparente &#8211; Palestrante: Marisa Chaves;<\/p>\n\n\n\n<p><strong>Eixo 5:&nbsp;<\/strong>Sustentabilidade Financeira e Equidade no Cofinanciamento do SUAS &#8211; Palestrante: Rodrigo Lima;<\/p>\n\n\n\n<p><strong>12h &#8211;&nbsp;<\/strong>Apresenta\u00e7\u00e3o Cultural: Silvinho Santos da Coordena\u00e7\u00e3o de Assuntos Religiosos;<\/p>\n\n\n\n<p><strong>13h &#8211;&nbsp;<\/strong>Formula\u00e7\u00e3o das Delibera\u00e7\u00f5es dos Eixos;<\/p>\n\n\n\n<p><strong>15h &#8211;&nbsp;<\/strong>Plen\u00e1ria Final e aprova\u00e7\u00e3o dos Eixos;<\/p>\n\n\n\n<p><strong>17h &#8211;&nbsp;<\/strong>Elei\u00e7\u00e3o dos Delegados para a Confer\u00eancia Estadual<\/p>\n\n\n\n<p><strong>18h &#8211;&nbsp;<\/strong>F\u00f3rum da Sociedade Civil<\/p>\n\n\n\n<p><em>Fotos: Julio Diniz<\/em><\/p>\n\n\n\n<p><strong><em>S\u00e3o Gon\u00e7alo vai mudar: Not\u00edcias de S\u00e3o Gon\u00e7alo e toda regi\u00e3o.<\/em><\/strong><\/p>\n\n\n\n<figure class=\"wp-block-image size-large\"><img decoding=\"async\" width=\"1024\" height=\"46\" src=\"https:\/\/sgvaimudar.com.br\/wp-content\/uploads\/2023\/08\/Anuncie-Aqui-Sao-Goncalo-vai-mudar-1024x46.png\" alt=\"\" class=\"wp-image-2740\" srcset=\"https:\/\/sgvaimudar.com.br\/wp-content\/uploads\/2023\/08\/Anuncie-Aqui-Sao-Goncalo-vai-mudar-1024x46.png 1024w, https:\/\/sgvaimudar.com.br\/wp-content\/uploads\/2023\/08\/Anuncie-Aqui-Sao-Goncalo-vai-mudar-300x13.png 300w, https:\/\/sgvaimudar.com.br\/wp-content\/uploads\/2023\/08\/Anuncie-Aqui-Sao-Goncalo-vai-mudar-768x35.png 768w, https:\/\/sgvaimudar.com.br\/wp-content\/uploads\/2023\/08\/Anuncie-Aqui-Sao-Goncalo-vai-mudar-1536x69.png 1536w, https:\/\/sgvaimudar.com.br\/wp-content\/uploads\/2023\/08\/Anuncie-Aqui-Sao-Goncalo-vai-mudar.png 2002w\" sizes=\"(max-width: 1024px) 100vw, 1024px\" \/><\/figure>\n","protected":false},"excerpt":{"rendered":"<p>Evento iniciou nesta sexta-feira e tem sequ\u00eancia neste s\u00e1bado, no Sest Senat O Conselho Municipal de Assist\u00eancia Social deu in\u00edcio,&hellip;<\/p>\n","protected":false},"author":5,"featured_media":27565,"comment_status":"open","ping_status":"open","sticky":false,"template":"","format":"standard","meta":{"fifu_image_url":"","fifu_image_alt":"","footnotes":""},"categories":[3],"tags":[74,47,75,73],"class_list":["post-27563","post","type-post","status-publish","format-standard","has-post-thumbnail","hentry","category-sao-goncalo","tag-eleicao","tag-rj","tag-sao-goncalo","tag-votacao"],"_links":{"self":[{"href":"https:\/\/sgvaimudar.com.br\/index.php\/wp-json\/wp\/v2\/posts\/27563","targetHints":{"allow":["GET"]}}],"collection":[{"href":"https:\/\/sgvaimudar.com.br\/index.php\/wp-json\/wp\/v2\/posts"}],"about":[{"href":"https:\/\/sgvaimudar.com.br\/index.php\/wp-json\/wp\/v2\/types\/post"}],"author":[{"embeddable":true,"href":"https:\/\/sgvaimudar.com.br\/index.php\/wp-json\/wp\/v2\/users\/5"}],"replies":[{"embeddable":true,"href":"https:\/\/sgvaimudar.com.br\/index.php\/wp-json\/wp\/v2\/comments?post=27563"}],"version-history":[{"count":2,"href":"https:\/\/sgvaimudar.com.br\/index.php\/wp-json\/wp\/v2\/posts\/27563\/revisions"}],"predecessor-version":[{"id":27571,"href":"https:\/\/sgvaimudar.com.br\/index.php\/wp-json\/wp\/v2\/posts\/27563\/revisions\/27571"}],"wp:featuredmedia":[{"embeddable":true,"href":"https:\/\/sgvaimudar.com.br\/index.php\/wp-json\/wp\/v2\/media\/27565"}],"wp:attachment":[{"href":"https:\/\/sgvaimudar.com.br\/index.php\/wp-json\/wp\/v2\/media?parent=27563"}],"wp:term":[{"taxonomy":"category","embeddable":true,"href":"https:\/\/sgvaimudar.com.br\/index.php\/wp-json\/wp\/v2\/categories?post=27563"},{"taxonomy":"post_tag","embeddable":true,"href":"https:\/\/sgvaimudar.com.br\/index.php\/wp-json\/wp\/v2\/tags?post=27563"}],"curies":[{"name":"wp","href":"https:\/\/api.w.org\/{rel}","templated":true}]}}