{"id":27561,"date":"2025-07-05T14:00:00","date_gmt":"2025-07-05T17:00:00","guid":{"rendered":"https:\/\/sgvaimudar.com.br\/?p=27561"},"modified":"2025-07-05T10:08:17","modified_gmt":"2025-07-05T13:08:17","slug":"ciug-abre-inscricoes-para-cursos-de-idiomas-libras-e-redacao","status":"publish","type":"post","link":"https:\/\/sgvaimudar.com.br\/index.php\/2025\/07\/05\/ciug-abre-inscricoes-para-cursos-de-idiomas-libras-e-redacao\/","title":{"rendered":"Ciug abre inscri\u00e7\u00f5es para cursos de idiomas, Libras e Reda\u00e7\u00e3o\u00a0"},"content":{"rendered":"\n<p><em>Ser\u00e3o oferecidas mais de 300 vagas&nbsp;no segundo semestre<\/em><\/p>\n\n\n\n<p>Quem deseja se matricular nos cursos gratuitos de idiomas &#8211; Ingl\u00eas, Franc\u00eas, Espanhol -, Preparat\u00f3rio de Reda\u00e7\u00e3o e Libras no Centro Interescolar Ulysses Guimar\u00e3es (Ciug), da Prefeitura de S\u00e3o Gon\u00e7alo, deve ficar atento. As inscri\u00e7\u00f5es devem ser realizadas a partir das 10h do dia 10 de julho at\u00e9 \u00e0s 23h e 59min do dia 13 de julho, pela internet no endere\u00e7o eletr\u00f4nico:\u00a0<a rel=\"noreferrer noopener\" href=\"https:\/\/click.cse360.com.br\/Click\/AddCampaignEmailClick\/6534c2e5-885a-4e5f-3c5a-08ddb8878ac0\/https%253a%252f%252fciug.saogoncalo.educacaomais.com.br%252f\/ac66966e-2b55-4484-fb2c-08dc491eed5f\/jornalistaws@gmail.com\/False\" target=\"_blank\">https:\/\/ciug.saogoncalo.educacaomais.com.br\/<\/a>.<\/p>\n\n\n\n<p>A rela\u00e7\u00e3o dos candidatos selecionados estar\u00e1 dispon\u00edvel no dia 16 de julho, no mesmo endere\u00e7o eletr\u00f4nico, e exposto no mural do CIUG a partir das 14h. A efetiva\u00e7\u00e3o da matr\u00edcula ser\u00e1 presencialmente na unidade, nos dias 17 e 18 de julho, das 8h \u00e0s 19h. Ser\u00e3o 150 vagas para Ingl\u00eas, 60 vagas para Preparat\u00f3rio de Reda\u00e7\u00e3o, 6 vagas para Franc\u00eas, 50 vagas para Espanhol e 100 vagas para Libras.<\/p>\n\n\n\n<p>Para se matricular nos cursos de l\u00ednguas, o estudante deve ter a idade m\u00ednima de 13 anos para os turnos manh\u00e3 e tarde e 15 anos para o turno da noite, e estar cursando ou ter conclu\u00eddo o 7\u00ba ano do Ensino Fundamental.<\/p>\n\n\n\n<p>Para o curso de Preparat\u00f3rio de Reda\u00e7\u00e3o, \u00e9 necess\u00e1rio estar cursando ou ter conclu\u00eddo o 9\u00ba ano do Ensino Fundamental.&nbsp;&nbsp;As vagas ser\u00e3o distribu\u00eddas prioritariamente na seguinte ordem: para estudantes da rede municipal de S\u00e3o Gon\u00e7alo; para alunos da rede estadual de ensino; para funcion\u00e1rios da rede municipal de S\u00e3o Gon\u00e7alo; e para a comunidade em geral.<\/p>\n\n\n\n<p>Ser\u00e1 dada prioridade aos adolescentes de 13 a 17 anos na ocupa\u00e7\u00e3o das vagas dos turnos da manh\u00e3 e da tarde. N\u00e3o h\u00e1 limite de idade para estudar na unidade.<\/p>\n\n\n\n<p>Os candidatos ser\u00e3o matriculados nas turmas de acordo com a sua prefer\u00eancia de turno e a disponibilidade oferecida pelo CIUG. Ser\u00e1 desclassificado o aluno que efetuar mais de uma inscri\u00e7\u00e3o para o mesmo idioma. O candidato selecionado ter\u00e1 direito a cursar apenas um idioma, caso ele seja selecionado para dois idiomas, ele ter\u00e1 que fazer a op\u00e7\u00e3o no ato da matr\u00edcula. O candidato poder\u00e1 cursar um idioma de forma concomitante ao curso Preparat\u00f3rio de Reda\u00e7\u00e3o.<\/p>\n\n\n\n<p>O Centro Interescolar Ulysses Guimar\u00e3es (CIUG) fica na Rua Doutor Gradim, s\/n\u00ba, Porto da Madama, S\u00e3o Gon\u00e7alo.<\/p>\n\n\n\n<p><strong>Documentos obrigat\u00f3rios no ato da matr\u00edcula (originais e c\u00f3pias):<\/strong><\/p>\n\n\n\n<p>-Certid\u00e3o de nascimento ou casamento ou RG;&nbsp;&nbsp;&nbsp;&nbsp;<\/p>\n\n\n\n<p>-RG do respons\u00e1vel, quando o candidato for menor;&nbsp;&nbsp;&nbsp;&nbsp;<\/p>\n\n\n\n<p>-RG e CPF do terceiro autorizado para efetivar a matr\u00edcula, se for o caso;&nbsp;&nbsp;&nbsp;&nbsp;<\/p>\n\n\n\n<p>-CPF;&nbsp;&nbsp;&nbsp;&nbsp;<\/p>\n\n\n\n<p>-Comprovante de escolaridade;&nbsp;&nbsp;&nbsp;<\/p>\n\n\n\n<p>-Comprovante de resid\u00eancia;&nbsp;&nbsp;&nbsp;&nbsp;<\/p>\n\n\n\n<p>-Comprovante de inscri\u00e7\u00e3o impresso;&nbsp;&nbsp;&nbsp;&nbsp;<\/p>\n\n\n\n<p>-Contracheque impresso, caso seja funcion\u00e1rio\/ servidor da Prefeitura Municipal de S\u00e3o Gon\u00e7alo;&nbsp;&nbsp;&nbsp;&nbsp;<\/p>\n\n\n\n<p>-1 foto 3\u00d74 em papel fotogr\u00e1fico;&nbsp;&nbsp;&nbsp;&nbsp;<\/p>\n\n\n\n<p>-Endere\u00e7o de e-mail;&nbsp;&nbsp;&nbsp;&nbsp;<\/p>\n\n\n\n<p>-Laudo m\u00e9dico, para candidatos PcD.<\/p>\n\n\n\n<p>Mais informa\u00e7\u00f5es podem ser obtidas no Diario Oficial do munic\u00edpio, no link&nbsp;<a href=\"https:\/\/click.cse360.com.br\/Click\/AddCampaignEmailClick\/6534c2e5-885a-4e5f-3c5a-08ddb8878ac0\/https%253a%252f%252fdo.pmsg.rj.gov.br%252fdiario%252f2025_07_04.pdf\/ac66966e-2b55-4484-fb2c-08dc491eed5f\/jornalistaws@gmail.com\/False\" rel=\"noreferrer noopener\" target=\"_blank\"><strong><u>https:\/\/do.pmsg.rj.gov.br\/diario\/2025_07_04.pdf<\/u><\/strong><\/a><\/p>\n\n\n\n<p><em>Foto: Fabio Guimar\u00e3es<\/em><\/p>\n\n\n\n<p><strong><em>S\u00e3o Gon\u00e7alo vai mudar: Not\u00edcias de S\u00e3o Gon\u00e7alo e toda regi\u00e3o.<\/em><\/strong><\/p>\n\n\n\n<figure class=\"wp-block-image size-large\"><img fetchpriority=\"high\" decoding=\"async\" width=\"1024\" height=\"252\" src=\"https:\/\/sgvaimudar.com.br\/wp-content\/uploads\/2025\/03\/Anuncie-Aqui-Sao-Goncalo-vai-mudar-1024x252.jpg\" alt=\"\" class=\"wp-image-22693\" srcset=\"https:\/\/sgvaimudar.com.br\/wp-content\/uploads\/2025\/03\/Anuncie-Aqui-Sao-Goncalo-vai-mudar-1024x252.jpg 1024w, https:\/\/sgvaimudar.com.br\/wp-content\/uploads\/2025\/03\/Anuncie-Aqui-Sao-Goncalo-vai-mudar-300x74.jpg 300w, https:\/\/sgvaimudar.com.br\/wp-content\/uploads\/2025\/03\/Anuncie-Aqui-Sao-Goncalo-vai-mudar-768x189.jpg 768w, https:\/\/sgvaimudar.com.br\/wp-content\/uploads\/2025\/03\/Anuncie-Aqui-Sao-Goncalo-vai-mudar-1536x378.jpg 1536w, https:\/\/sgvaimudar.com.br\/wp-content\/uploads\/2025\/03\/Anuncie-Aqui-Sao-Goncalo-vai-mudar-2048x504.jpg 2048w\" sizes=\"(max-width: 1024px) 100vw, 1024px\" \/><\/figure>\n","protected":false},"excerpt":{"rendered":"<p>Ser\u00e3o oferecidas mais de 300 vagas&nbsp;no segundo semestre Quem deseja se matricular nos cursos gratuitos de idiomas &#8211; Ingl\u00eas, Franc\u00eas,&hellip;<\/p>\n","protected":false},"author":5,"featured_media":6605,"comment_status":"open","ping_status":"open","sticky":false,"template":"","format":"standard","meta":{"fifu_image_url":"","fifu_image_alt":"","footnotes":""},"categories":[3],"tags":[47,75],"class_list":["post-27561","post","type-post","status-publish","format-standard","has-post-thumbnail","hentry","category-sao-goncalo","tag-rj","tag-sao-goncalo"],"_links":{"self":[{"href":"https:\/\/sgvaimudar.com.br\/index.php\/wp-json\/wp\/v2\/posts\/27561","targetHints":{"allow":["GET"]}}],"collection":[{"href":"https:\/\/sgvaimudar.com.br\/index.php\/wp-json\/wp\/v2\/posts"}],"about":[{"href":"https:\/\/sgvaimudar.com.br\/index.php\/wp-json\/wp\/v2\/types\/post"}],"author":[{"embeddable":true,"href":"https:\/\/sgvaimudar.com.br\/index.php\/wp-json\/wp\/v2\/users\/5"}],"replies":[{"embeddable":true,"href":"https:\/\/sgvaimudar.com.br\/index.php\/wp-json\/wp\/v2\/comments?post=27561"}],"version-history":[{"count":1,"href":"https:\/\/sgvaimudar.com.br\/index.php\/wp-json\/wp\/v2\/posts\/27561\/revisions"}],"predecessor-version":[{"id":27562,"href":"https:\/\/sgvaimudar.com.br\/index.php\/wp-json\/wp\/v2\/posts\/27561\/revisions\/27562"}],"wp:featuredmedia":[{"embeddable":true,"href":"https:\/\/sgvaimudar.com.br\/index.php\/wp-json\/wp\/v2\/media\/6605"}],"wp:attachment":[{"href":"https:\/\/sgvaimudar.com.br\/index.php\/wp-json\/wp\/v2\/media?parent=27561"}],"wp:term":[{"taxonomy":"category","embeddable":true,"href":"https:\/\/sgvaimudar.com.br\/index.php\/wp-json\/wp\/v2\/categories?post=27561"},{"taxonomy":"post_tag","embeddable":true,"href":"https:\/\/sgvaimudar.com.br\/index.php\/wp-json\/wp\/v2\/tags?post=27561"}],"curies":[{"name":"wp","href":"https:\/\/api.w.org\/{rel}","templated":true}]}}