{"id":27542,"date":"2025-07-05T09:32:11","date_gmt":"2025-07-05T12:32:11","guid":{"rendered":"https:\/\/sgvaimudar.com.br\/?p=27542"},"modified":"2025-07-05T09:32:11","modified_gmt":"2025-07-05T12:32:11","slug":"em-sao-goncalo-pita-e-lindo-parque-vao-receber-caravana-de-arte-e-lazer","status":"publish","type":"post","link":"https:\/\/sgvaimudar.com.br\/index.php\/2025\/07\/05\/em-sao-goncalo-pita-e-lindo-parque-vao-receber-caravana-de-arte-e-lazer\/","title":{"rendered":"Em S\u00e3o Gon\u00e7alo, Pita e Lindo Parque v\u00e3o receber Caravana de Arte e Lazer"},"content":{"rendered":"\n<p><em>A\u00e7\u00e3o promove diversas atividades recreativas no fim de semana<\/em><\/p>\n\n\n\n<p>A Caravana de Arte e Lazer vai garantir mais um fim de semana de alegria para as crian\u00e7as de S\u00e3o Gon\u00e7alo. Neste s\u00e1bado (5), chega ao Pita e, no domingo (6), desembarca no Lindo Parque. A a\u00e7\u00e3o \u00e9 uma iniciativa da Funda\u00e7\u00e3o de Artes, Esporte e Lazer de S\u00e3o Gon\u00e7alo (Faelsg).<\/p>\n\n\n\n<p>O evento promove uma manh\u00e3 recheada de brincadeiras; as crian\u00e7as da cidade t\u00eam acesso a cama el\u00e1stica, piscina de bolas, escorregador infl\u00e1vel, personagens vivos e pintura art\u00edstica. Al\u00e9m disso, s\u00e3o disponibilizadas barraquinhas de lanches como\u00a0cachorro-quente, pipoca e algod\u00e3o-doce para os participantes.<\/p>\n\n\n\n<figure class=\"wp-block-image size-large\"><img fetchpriority=\"high\" decoding=\"async\" width=\"768\" height=\"1024\" src=\"https:\/\/sgvaimudar.com.br\/wp-content\/uploads\/2025\/07\/unnamed-17-768x1024.jpg\" alt=\"\" class=\"wp-image-27543\" srcset=\"https:\/\/sgvaimudar.com.br\/wp-content\/uploads\/2025\/07\/unnamed-17-768x1024.jpg 768w, https:\/\/sgvaimudar.com.br\/wp-content\/uploads\/2025\/07\/unnamed-17-225x300.jpg 225w, https:\/\/sgvaimudar.com.br\/wp-content\/uploads\/2025\/07\/unnamed-17.jpg 1080w\" sizes=\"(max-width: 768px) 100vw, 768px\" \/><\/figure>\n\n\n\n<p>A caravana foi criada com o intuito de garantir momentos de lazer, divers\u00e3o e intera\u00e7\u00e3o entre milhares de crian\u00e7as e seus familiares de diversas \u00e1reas de vulnerabilidade social da cidade e, desde 2022, a a\u00e7\u00e3o j\u00e1 passou por mais de 60 bairros.<\/p>\n\n\n\n<p><strong>Servi\u00e7o:<\/strong><\/p>\n\n\n\n<p><strong>. S\u00e1bado (5\/7):&nbsp;<\/strong>Rua Sedopiro Freire Ribeiro, Pita, das 9h \u00e0s 13h;<\/p>\n\n\n\n<p><strong>. Domingo (6\/7):<\/strong>\u00a0Av. Humberto de Alencar Castelo Branco, 1675 &#8211; Lindo Parque, das 9h \u00e0s 13h.<\/p>\n\n\n\n<p><strong><em>S\u00e3o Gon\u00e7alo vai mudar: Not\u00edcias de S\u00e3o Gon\u00e7alo e toda regi\u00e3o.<\/em><\/strong><\/p>\n\n\n\n<figure class=\"wp-block-image size-large\"><img decoding=\"async\" width=\"722\" height=\"1024\" src=\"https:\/\/sgvaimudar.com.br\/wp-content\/uploads\/2023\/10\/Anuncie-aqui-a5-1-722x1024.png\" alt=\"\" class=\"wp-image-3627\" srcset=\"https:\/\/sgvaimudar.com.br\/wp-content\/uploads\/2023\/10\/Anuncie-aqui-a5-1-722x1024.png 722w, https:\/\/sgvaimudar.com.br\/wp-content\/uploads\/2023\/10\/Anuncie-aqui-a5-1-212x300.png 212w, https:\/\/sgvaimudar.com.br\/wp-content\/uploads\/2023\/10\/Anuncie-aqui-a5-1-768x1089.png 768w, https:\/\/sgvaimudar.com.br\/wp-content\/uploads\/2023\/10\/Anuncie-aqui-a5-1-1083x1536.png 1083w, https:\/\/sgvaimudar.com.br\/wp-content\/uploads\/2023\/10\/Anuncie-aqui-a5-1-1444x2048.png 1444w, https:\/\/sgvaimudar.com.br\/wp-content\/uploads\/2023\/10\/Anuncie-aqui-a5-1.png 1750w\" sizes=\"(max-width: 722px) 100vw, 722px\" \/><\/figure>\n","protected":false},"excerpt":{"rendered":"<p>A\u00e7\u00e3o promove diversas atividades recreativas no fim de semana A Caravana de Arte e Lazer vai garantir mais um fim&hellip;<\/p>\n","protected":false},"author":5,"featured_media":27544,"comment_status":"open","ping_status":"open","sticky":false,"template":"","format":"standard","meta":{"fifu_image_url":"","fifu_image_alt":"","footnotes":""},"categories":[6],"tags":[47,75],"class_list":["post-27542","post","type-post","status-publish","format-standard","has-post-thumbnail","hentry","category-entretenimento","tag-rj","tag-sao-goncalo"],"_links":{"self":[{"href":"https:\/\/sgvaimudar.com.br\/index.php\/wp-json\/wp\/v2\/posts\/27542","targetHints":{"allow":["GET"]}}],"collection":[{"href":"https:\/\/sgvaimudar.com.br\/index.php\/wp-json\/wp\/v2\/posts"}],"about":[{"href":"https:\/\/sgvaimudar.com.br\/index.php\/wp-json\/wp\/v2\/types\/post"}],"author":[{"embeddable":true,"href":"https:\/\/sgvaimudar.com.br\/index.php\/wp-json\/wp\/v2\/users\/5"}],"replies":[{"embeddable":true,"href":"https:\/\/sgvaimudar.com.br\/index.php\/wp-json\/wp\/v2\/comments?post=27542"}],"version-history":[{"count":1,"href":"https:\/\/sgvaimudar.com.br\/index.php\/wp-json\/wp\/v2\/posts\/27542\/revisions"}],"predecessor-version":[{"id":27545,"href":"https:\/\/sgvaimudar.com.br\/index.php\/wp-json\/wp\/v2\/posts\/27542\/revisions\/27545"}],"wp:featuredmedia":[{"embeddable":true,"href":"https:\/\/sgvaimudar.com.br\/index.php\/wp-json\/wp\/v2\/media\/27544"}],"wp:attachment":[{"href":"https:\/\/sgvaimudar.com.br\/index.php\/wp-json\/wp\/v2\/media?parent=27542"}],"wp:term":[{"taxonomy":"category","embeddable":true,"href":"https:\/\/sgvaimudar.com.br\/index.php\/wp-json\/wp\/v2\/categories?post=27542"},{"taxonomy":"post_tag","embeddable":true,"href":"https:\/\/sgvaimudar.com.br\/index.php\/wp-json\/wp\/v2\/tags?post=27542"}],"curies":[{"name":"wp","href":"https:\/\/api.w.org\/{rel}","templated":true}]}}