{"id":27521,"date":"2025-07-04T19:00:00","date_gmt":"2025-07-04T22:00:00","guid":{"rendered":"https:\/\/sgvaimudar.com.br\/?p=27521"},"modified":"2025-07-04T11:35:39","modified_gmt":"2025-07-04T14:35:39","slug":"professores-de-itaborai-participarao-de-capacitacao-em-suporte-basico-de-vida","status":"publish","type":"post","link":"https:\/\/sgvaimudar.com.br\/index.php\/2025\/07\/04\/professores-de-itaborai-participarao-de-capacitacao-em-suporte-basico-de-vida\/","title":{"rendered":"Professores de Itabora\u00ed participar\u00e3o de capacita\u00e7\u00e3o em Suporte B\u00e1sico de Vida"},"content":{"rendered":"\n<p><em>O curso acontecer\u00e1 das 9h \u00e0s 17h, no audit\u00f3rio do CESI, no Centro<\/em><\/p>\n\n\n\n<p>A Prefeitura de Itabora\u00ed, por meio da Secretaria Municipal de Esporte e Lazer (Semel) e com apoio da Secretaria Municipal de Sa\u00fade (Semsa), vai realizar, no dia 08 de agosto, a Capacita\u00e7\u00e3o em Suporte B\u00e1sico de Vida (SBV), voltada para todos os professores da secretaria. <\/p>\n\n\n\n<p>Com participa\u00e7\u00e3o obrigat\u00f3ria, a capacita\u00e7\u00e3o tem como objetivo qualificar os profissionais para atuar em situa\u00e7\u00f5es de emerg\u00eancia, refor\u00e7ando a import\u00e2ncia do conhecimento em t\u00e9cnicas de primeiros socorros e atendimento imediato. Todos os participantes receber\u00e3o certificado de conclus\u00e3o.<\/p>\n\n\n\n<p>O curso aborda pr\u00e1ticas fundamentais de Suporte B\u00e1sico de Vida, capacitando os professores a reconhecer situa\u00e7\u00f5es de risco e a agir corretamente em casos como paradas cardiorrespirat\u00f3rias, engasgos e outras emerg\u00eancias. A atualiza\u00e7\u00e3o constante nesse tema \u00e9 essencial tanto para o exerc\u00edcio profissional quanto para a vida pessoal, j\u00e1 que agir rapidamente pode fazer a diferen\u00e7a entre a vida e a morte.<\/p>\n\n\n\n<p><strong>Servi\u00e7o<br><br>Data:\u00a0<\/strong>08 de agosto<br><strong>Hor\u00e1rio:\u00a0<\/strong>9h \u00e0s 17h<br><strong>Local:\u00a0<\/strong>Audit\u00f3rio do CESI \u2013 Rua Presidente Castelo Branco, 170 \u2013 Centro, Itabora\u00ed.<\/p>\n\n\n\n<p><strong><em>S\u00e3o Gon\u00e7alo vai mudar: Not\u00edcias de S\u00e3o Gon\u00e7alo e toda regi\u00e3o.<\/em><\/strong><\/p>\n\n\n\n<figure class=\"wp-block-image size-large\"><img fetchpriority=\"high\" decoding=\"async\" width=\"1024\" height=\"252\" src=\"https:\/\/sgvaimudar.com.br\/wp-content\/uploads\/2025\/03\/Anuncie-Aqui-Sao-Goncalo-vai-mudar-1024x252.jpg\" alt=\"\" class=\"wp-image-22693\" srcset=\"https:\/\/sgvaimudar.com.br\/wp-content\/uploads\/2025\/03\/Anuncie-Aqui-Sao-Goncalo-vai-mudar-1024x252.jpg 1024w, https:\/\/sgvaimudar.com.br\/wp-content\/uploads\/2025\/03\/Anuncie-Aqui-Sao-Goncalo-vai-mudar-300x74.jpg 300w, https:\/\/sgvaimudar.com.br\/wp-content\/uploads\/2025\/03\/Anuncie-Aqui-Sao-Goncalo-vai-mudar-768x189.jpg 768w, https:\/\/sgvaimudar.com.br\/wp-content\/uploads\/2025\/03\/Anuncie-Aqui-Sao-Goncalo-vai-mudar-1536x378.jpg 1536w, https:\/\/sgvaimudar.com.br\/wp-content\/uploads\/2025\/03\/Anuncie-Aqui-Sao-Goncalo-vai-mudar-2048x504.jpg 2048w\" sizes=\"(max-width: 1024px) 100vw, 1024px\" \/><\/figure>\n","protected":false},"excerpt":{"rendered":"<p>O curso acontecer\u00e1 das 9h \u00e0s 17h, no audit\u00f3rio do CESI, no Centro A Prefeitura de Itabora\u00ed, por meio da&hellip;<\/p>\n","protected":false},"author":5,"featured_media":27522,"comment_status":"open","ping_status":"open","sticky":false,"template":"","format":"standard","meta":{"fifu_image_url":"","fifu_image_alt":"","footnotes":""},"categories":[7],"tags":[47],"class_list":["post-27521","post","type-post","status-publish","format-standard","has-post-thumbnail","hentry","category-saude","tag-rj"],"_links":{"self":[{"href":"https:\/\/sgvaimudar.com.br\/index.php\/wp-json\/wp\/v2\/posts\/27521","targetHints":{"allow":["GET"]}}],"collection":[{"href":"https:\/\/sgvaimudar.com.br\/index.php\/wp-json\/wp\/v2\/posts"}],"about":[{"href":"https:\/\/sgvaimudar.com.br\/index.php\/wp-json\/wp\/v2\/types\/post"}],"author":[{"embeddable":true,"href":"https:\/\/sgvaimudar.com.br\/index.php\/wp-json\/wp\/v2\/users\/5"}],"replies":[{"embeddable":true,"href":"https:\/\/sgvaimudar.com.br\/index.php\/wp-json\/wp\/v2\/comments?post=27521"}],"version-history":[{"count":1,"href":"https:\/\/sgvaimudar.com.br\/index.php\/wp-json\/wp\/v2\/posts\/27521\/revisions"}],"predecessor-version":[{"id":27523,"href":"https:\/\/sgvaimudar.com.br\/index.php\/wp-json\/wp\/v2\/posts\/27521\/revisions\/27523"}],"wp:featuredmedia":[{"embeddable":true,"href":"https:\/\/sgvaimudar.com.br\/index.php\/wp-json\/wp\/v2\/media\/27522"}],"wp:attachment":[{"href":"https:\/\/sgvaimudar.com.br\/index.php\/wp-json\/wp\/v2\/media?parent=27521"}],"wp:term":[{"taxonomy":"category","embeddable":true,"href":"https:\/\/sgvaimudar.com.br\/index.php\/wp-json\/wp\/v2\/categories?post=27521"},{"taxonomy":"post_tag","embeddable":true,"href":"https:\/\/sgvaimudar.com.br\/index.php\/wp-json\/wp\/v2\/tags?post=27521"}],"curies":[{"name":"wp","href":"https:\/\/api.w.org\/{rel}","templated":true}]}}