{"id":27496,"date":"2025-07-04T11:00:00","date_gmt":"2025-07-04T14:00:00","guid":{"rendered":"https:\/\/sgvaimudar.com.br\/?p=27496"},"modified":"2025-07-04T10:41:53","modified_gmt":"2025-07-04T13:41:53","slug":"asas-destaca-diversidade-de-especies-resgatadas-no-mes-do-meio-ambiente","status":"publish","type":"post","link":"https:\/\/sgvaimudar.com.br\/index.php\/2025\/07\/04\/asas-destaca-diversidade-de-especies-resgatadas-no-mes-do-meio-ambiente\/","title":{"rendered":"ASAS destaca diversidade de esp\u00e9cies resgatadas no m\u00eas do Meio Ambiente"},"content":{"rendered":"\n<p><em>Levantamento da \u00e1rea de soltura refor\u00e7a a import\u00e2ncia da conserva\u00e7\u00e3o da fauna e o compromisso com o equil\u00edbrio ecol\u00f3gico<\/em><\/p>\n\n\n\n<p>Em pleno m\u00eas do Meio Ambiente, a \u00c1rea de Soltura de Animais Silvestres (ASAS), localizada na \u00c1rea de Prote\u00e7\u00e3o Ambiental (APA) Est\u00e2ncias de Pendotiba, em Maria Paula, no munic\u00edpio de S\u00e3o Gon\u00e7alo, realizou um balan\u00e7o que destaca o papel estrat\u00e9gico da unidade na preserva\u00e7\u00e3o da fauna nativa. <\/p>\n\n\n\n<p>O relat\u00f3rio, referente \u00e0s a\u00e7\u00f5es desenvolvidas ao longo de junho, aponta o acolhimento e manejo de 51 animais silvestres, provenientes de resgates e entregas volunt\u00e1rias da popula\u00e7\u00e3o.<\/p>\n\n\n\n<p>As esp\u00e9cies acolhidas ao longo do m\u00eas s\u00e3o um reflexo da rica biodiversidade da regi\u00e3o e do trabalho t\u00e9cnico e cont\u00ednuo realizado pela equipe da ASAS. Entre os animais atendidos, est\u00e3o exemplares como a pregui\u00e7a-de-garganta-marrom, jiboia, ouri\u00e7o-cacheiro, jararaca, carcar\u00e1, diversas esp\u00e9cies de corujas e aves silvestres como o bem-te-vi e o sanha\u00e7o-do-coqueiro.<\/p>\n\n\n\n<figure class=\"wp-block-image size-large\"><img fetchpriority=\"high\" decoding=\"async\" width=\"768\" height=\"1024\" src=\"https:\/\/sgvaimudar.com.br\/wp-content\/uploads\/2025\/07\/unnamed-10-1-768x1024.jpg\" alt=\"\" class=\"wp-image-27498\" srcset=\"https:\/\/sgvaimudar.com.br\/wp-content\/uploads\/2025\/07\/unnamed-10-1-768x1024.jpg 768w, https:\/\/sgvaimudar.com.br\/wp-content\/uploads\/2025\/07\/unnamed-10-1-225x300.jpg 225w, https:\/\/sgvaimudar.com.br\/wp-content\/uploads\/2025\/07\/unnamed-10-1-1152x1536.jpg 1152w, https:\/\/sgvaimudar.com.br\/wp-content\/uploads\/2025\/07\/unnamed-10-1-1536x2048.jpg 1536w, https:\/\/sgvaimudar.com.br\/wp-content\/uploads\/2025\/07\/unnamed-10-1-scaled.jpg 1920w\" sizes=\"(max-width: 768px) 100vw, 768px\" \/><\/figure>\n\n\n\n<p>Ap\u00f3s passarem por triagem e avalia\u00e7\u00e3o veterin\u00e1ria, os animais foram destinados a diferentes protocolos de atendimento: parte foi reabilitada e devolvida \u00e0 natureza, enquanto outros foram encaminhados a centros especializados, como o Centro de Reabilita\u00e7\u00e3o de Animais Silvestres (CRAS) e o Centro de Triagem de Animais Silvestres (CETAS), para continuidade dos cuidados.<\/p>\n\n\n\n<p>O secret\u00e1rio de Meio Ambiente e Transportes de S\u00e3o Gon\u00e7alo, Fabio Lemos, destacou a import\u00e2ncia da atua\u00e7\u00e3o da \u00e1rea de soltura, especialmente neste m\u00eas simb\u00f3lico.<\/p>\n\n\n\n<p>&#8220;A diversidade das esp\u00e9cies resgatadas em junho refor\u00e7a o quanto o nosso ecossistema \u00e9 valioso e, ao mesmo tempo, vulner\u00e1vel. Cada atendimento representa um esfor\u00e7o concreto para restaurar os ciclos naturais e preservar a vida silvestre das nossas \u00e1reas protegidas. Nesse sentido, a atua\u00e7\u00e3o da ASAS mostra como \u00e9 poss\u00edvel unir t\u00e9cnica, cuidado e compromisso para proteger a nossa biodiversidade&#8221;, afirmou o secret\u00e1rio.<\/p>\n\n\n\n<figure class=\"wp-block-image size-large\"><img decoding=\"async\" width=\"768\" height=\"1024\" src=\"https:\/\/sgvaimudar.com.br\/wp-content\/uploads\/2025\/07\/unnamed-16-768x1024.jpg\" alt=\"\" class=\"wp-image-27499\" srcset=\"https:\/\/sgvaimudar.com.br\/wp-content\/uploads\/2025\/07\/unnamed-16-768x1024.jpg 768w, https:\/\/sgvaimudar.com.br\/wp-content\/uploads\/2025\/07\/unnamed-16-225x300.jpg 225w, https:\/\/sgvaimudar.com.br\/wp-content\/uploads\/2025\/07\/unnamed-16-1152x1536.jpg 1152w, https:\/\/sgvaimudar.com.br\/wp-content\/uploads\/2025\/07\/unnamed-16-1537x2048.jpg 1537w, https:\/\/sgvaimudar.com.br\/wp-content\/uploads\/2025\/07\/unnamed-16.jpg 1800w\" sizes=\"(max-width: 768px) 100vw, 768px\" \/><\/figure>\n\n\n\n<p>Al\u00e9m do resgate e reabilita\u00e7\u00e3o dos animais silvestres, a \u00e1rea de soltura tamb\u00e9m cumpre um papel relevante na sensibiliza\u00e7\u00e3o da popula\u00e7\u00e3o, promovendo a\u00e7\u00f5es educativas e incentivando a preserva\u00e7\u00e3o das \u00e1reas naturais do munic\u00edpio. A unidade refor\u00e7a o apelo para que a popula\u00e7\u00e3o respeite as \u00e1reas protegidas e informe as autoridades ambientais sempre que encontrar animais silvestres em situa\u00e7\u00e3o de risco.<\/p>\n\n\n\n<p><strong>Contato para resgate de animais silvestres pela ASAS<\/strong><\/p>\n\n\n\n<p>Telefone da ASAS: (21) 2199-6336<\/p>\n\n\n\n<p>Endere\u00e7o: Rua Rigel Pacca Corr\u00eaa, Maria Paula (APA das Est\u00e2ncias de Pendotiba). A unidade funciona diariamente, das 9h \u00e0s 15h.<\/p>\n\n\n\n<p>E-mail:&nbsp;<a href=\"mailto:asasambiental@pmsg.rj.gov.br\" rel=\"noreferrer noopener\" target=\"_blank\">asasambiental@pmsg.rj.gov.br<\/a><\/p>\n\n\n\n<p><strong>Comando de Pol\u00edcia Ambiental<\/strong><\/p>\n\n\n\n<p>Telefone: 0300 253 1177<\/p>\n\n\n\n<p><em>Fotos: Ascom<\/em><\/p>\n\n\n\n<p><strong><em>S\u00e3o Gon\u00e7alo vai mudar: Not\u00edcias de S\u00e3o Gon\u00e7alo e toda regi\u00e3o.<\/em><\/strong><\/p>\n\n\n\n<figure class=\"wp-block-image size-large\"><img decoding=\"async\" width=\"1024\" height=\"252\" src=\"https:\/\/sgvaimudar.com.br\/wp-content\/uploads\/2025\/03\/Anuncie-Aqui-Sao-Goncalo-vai-mudar-1024x252.jpg\" alt=\"\" class=\"wp-image-22693\" srcset=\"https:\/\/sgvaimudar.com.br\/wp-content\/uploads\/2025\/03\/Anuncie-Aqui-Sao-Goncalo-vai-mudar-1024x252.jpg 1024w, https:\/\/sgvaimudar.com.br\/wp-content\/uploads\/2025\/03\/Anuncie-Aqui-Sao-Goncalo-vai-mudar-300x74.jpg 300w, https:\/\/sgvaimudar.com.br\/wp-content\/uploads\/2025\/03\/Anuncie-Aqui-Sao-Goncalo-vai-mudar-768x189.jpg 768w, https:\/\/sgvaimudar.com.br\/wp-content\/uploads\/2025\/03\/Anuncie-Aqui-Sao-Goncalo-vai-mudar-1536x378.jpg 1536w, https:\/\/sgvaimudar.com.br\/wp-content\/uploads\/2025\/03\/Anuncie-Aqui-Sao-Goncalo-vai-mudar-2048x504.jpg 2048w\" sizes=\"(max-width: 1024px) 100vw, 1024px\" \/><\/figure>\n","protected":false},"excerpt":{"rendered":"<p>Levantamento da \u00e1rea de soltura refor\u00e7a a import\u00e2ncia da conserva\u00e7\u00e3o da fauna e o compromisso com o equil\u00edbrio ecol\u00f3gico Em&hellip;<\/p>\n","protected":false},"author":5,"featured_media":27497,"comment_status":"open","ping_status":"open","sticky":false,"template":"","format":"standard","meta":{"fifu_image_url":"","fifu_image_alt":"","footnotes":""},"categories":[3],"tags":[47,75],"class_list":["post-27496","post","type-post","status-publish","format-standard","has-post-thumbnail","hentry","category-sao-goncalo","tag-rj","tag-sao-goncalo"],"_links":{"self":[{"href":"https:\/\/sgvaimudar.com.br\/index.php\/wp-json\/wp\/v2\/posts\/27496","targetHints":{"allow":["GET"]}}],"collection":[{"href":"https:\/\/sgvaimudar.com.br\/index.php\/wp-json\/wp\/v2\/posts"}],"about":[{"href":"https:\/\/sgvaimudar.com.br\/index.php\/wp-json\/wp\/v2\/types\/post"}],"author":[{"embeddable":true,"href":"https:\/\/sgvaimudar.com.br\/index.php\/wp-json\/wp\/v2\/users\/5"}],"replies":[{"embeddable":true,"href":"https:\/\/sgvaimudar.com.br\/index.php\/wp-json\/wp\/v2\/comments?post=27496"}],"version-history":[{"count":1,"href":"https:\/\/sgvaimudar.com.br\/index.php\/wp-json\/wp\/v2\/posts\/27496\/revisions"}],"predecessor-version":[{"id":27500,"href":"https:\/\/sgvaimudar.com.br\/index.php\/wp-json\/wp\/v2\/posts\/27496\/revisions\/27500"}],"wp:featuredmedia":[{"embeddable":true,"href":"https:\/\/sgvaimudar.com.br\/index.php\/wp-json\/wp\/v2\/media\/27497"}],"wp:attachment":[{"href":"https:\/\/sgvaimudar.com.br\/index.php\/wp-json\/wp\/v2\/media?parent=27496"}],"wp:term":[{"taxonomy":"category","embeddable":true,"href":"https:\/\/sgvaimudar.com.br\/index.php\/wp-json\/wp\/v2\/categories?post=27496"},{"taxonomy":"post_tag","embeddable":true,"href":"https:\/\/sgvaimudar.com.br\/index.php\/wp-json\/wp\/v2\/tags?post=27496"}],"curies":[{"name":"wp","href":"https:\/\/api.w.org\/{rel}","templated":true}]}}