{"id":27482,"date":"2025-07-04T10:09:00","date_gmt":"2025-07-04T13:09:00","guid":{"rendered":"https:\/\/sgvaimudar.com.br\/?p=27482"},"modified":"2025-07-04T10:07:09","modified_gmt":"2025-07-04T13:07:09","slug":"prefeitura-lanca-nova-edicao-da-campanha-do-agasalho","status":"publish","type":"post","link":"https:\/\/sgvaimudar.com.br\/index.php\/2025\/07\/04\/prefeitura-lanca-nova-edicao-da-campanha-do-agasalho\/","title":{"rendered":"Prefeitura lan\u00e7a nova edi\u00e7\u00e3o da Campanha do Agasalho"},"content":{"rendered":"\n<p><em>Iniciativa visa proteger pessoas em situa\u00e7\u00e3o de vulnerabilidade social nos dias de frio<\/em><\/p>\n\n\n\n<p>A Secretaria Municipal de Assist\u00eancia Social da Prefeitura de S\u00e3o Gon\u00e7alo lan\u00e7ou, nesta semana, a Campanha do Agasalho, com o objetivo de arrecadar e distribuir itens de inverno para pessoas em situa\u00e7\u00e3o de vulnerabilidade social.&nbsp;<\/p>\n\n\n\n<p>A popula\u00e7\u00e3o pode doar itens de inverno, como roupas, meias, toucas e cachec\u00f3is, cobertores e mantas, desde que estejam em bom estado de conserva\u00e7\u00e3o. Pe\u00e7as rasgadas, sujas ou danificadas n\u00e3o s\u00e3o adequadas para distribui\u00e7\u00e3o.<\/p>\n\n\n\n<figure class=\"wp-block-image size-large\"><img fetchpriority=\"high\" decoding=\"async\" width=\"684\" height=\"1024\" src=\"https:\/\/sgvaimudar.com.br\/wp-content\/uploads\/2025\/07\/unnamed-7-1-684x1024.jpg\" alt=\"\" class=\"wp-image-27483\" srcset=\"https:\/\/sgvaimudar.com.br\/wp-content\/uploads\/2025\/07\/unnamed-7-1-684x1024.jpg 684w, https:\/\/sgvaimudar.com.br\/wp-content\/uploads\/2025\/07\/unnamed-7-1-200x300.jpg 200w, https:\/\/sgvaimudar.com.br\/wp-content\/uploads\/2025\/07\/unnamed-7-1-768x1149.jpg 768w, https:\/\/sgvaimudar.com.br\/wp-content\/uploads\/2025\/07\/unnamed-7-1-1027x1536.jpg 1027w, https:\/\/sgvaimudar.com.br\/wp-content\/uploads\/2025\/07\/unnamed-7-1.jpg 1080w\" sizes=\"(max-width: 684px) 100vw, 684px\" \/><\/figure>\n\n\n\n<p>As doa\u00e7\u00f5es podem ser feitas presencialmente nos seguintes locais:<\/p>\n\n\n\n<ol class=\"wp-block-list\">\n<li>CRAS de Vista Alegre (Estr. S\u00e3o Pedro, 800 &#8211; Vista Alegre).<\/li>\n\n\n\n<li>Partage Shopping (Av. Pres. Kennedy, 425 &#8211; Centro).<\/li>\n\n\n\n<li>Sede da Secretaria de Assist\u00eancia Social (Rua Dr. Porci\u00fancula, n\u00ba 395 &#8211; Venda da Cruz, antigo 3\u00ba BI).<\/li>\n<\/ol>\n\n\n\n<p>Vale destacar que o Centro de Acolhimento Social Gon\u00e7alense (CASG), em Vista Alegre, recebe, durante todo o ano, doa\u00e7\u00f5es para pessoas em vulnerabilidade social e em situa\u00e7\u00e3o de rua e oferece servi\u00e7os de acolhimento para homens de 18 a 59 anos. J\u00e1 as mulheres podem ser atendidas na Associa\u00e7\u00e3o Santa Rita de C\u00e1ssia, no Miriambi. O local, que pode abrigar at\u00e9 12 pessoas ao mesmo tempo, possui dois banheiros adaptados para Pessoas com Defici\u00eancia (PcDs), sala de conviv\u00eancia e dormit\u00f3rios.<\/p>\n\n\n\n<p><em>Fotos: Renan Otto<\/em><\/p>\n\n\n\n<p><strong><em>S\u00e3o Gon\u00e7alo vai mudar: Not\u00edcias de S\u00e3o Gon\u00e7alo e toda regi\u00e3o.<\/em><\/strong><\/p>\n\n\n\n<figure class=\"wp-block-image size-large\"><img decoding=\"async\" width=\"1024\" height=\"252\" src=\"https:\/\/sgvaimudar.com.br\/wp-content\/uploads\/2025\/03\/Anuncie-Aqui-Sao-Goncalo-vai-mudar-1024x252.jpg\" alt=\"\" class=\"wp-image-22693\" srcset=\"https:\/\/sgvaimudar.com.br\/wp-content\/uploads\/2025\/03\/Anuncie-Aqui-Sao-Goncalo-vai-mudar-1024x252.jpg 1024w, https:\/\/sgvaimudar.com.br\/wp-content\/uploads\/2025\/03\/Anuncie-Aqui-Sao-Goncalo-vai-mudar-300x74.jpg 300w, https:\/\/sgvaimudar.com.br\/wp-content\/uploads\/2025\/03\/Anuncie-Aqui-Sao-Goncalo-vai-mudar-768x189.jpg 768w, https:\/\/sgvaimudar.com.br\/wp-content\/uploads\/2025\/03\/Anuncie-Aqui-Sao-Goncalo-vai-mudar-1536x378.jpg 1536w, https:\/\/sgvaimudar.com.br\/wp-content\/uploads\/2025\/03\/Anuncie-Aqui-Sao-Goncalo-vai-mudar-2048x504.jpg 2048w\" sizes=\"(max-width: 1024px) 100vw, 1024px\" \/><\/figure>\n","protected":false},"excerpt":{"rendered":"<p>Iniciativa visa proteger pessoas em situa\u00e7\u00e3o de vulnerabilidade social nos dias de frio A Secretaria Municipal de Assist\u00eancia Social da&hellip;<\/p>\n","protected":false},"author":5,"featured_media":27484,"comment_status":"open","ping_status":"open","sticky":false,"template":"","format":"standard","meta":{"fifu_image_url":"","fifu_image_alt":"","footnotes":""},"categories":[3],"tags":[47,75],"class_list":["post-27482","post","type-post","status-publish","format-standard","has-post-thumbnail","hentry","category-sao-goncalo","tag-rj","tag-sao-goncalo"],"_links":{"self":[{"href":"https:\/\/sgvaimudar.com.br\/index.php\/wp-json\/wp\/v2\/posts\/27482","targetHints":{"allow":["GET"]}}],"collection":[{"href":"https:\/\/sgvaimudar.com.br\/index.php\/wp-json\/wp\/v2\/posts"}],"about":[{"href":"https:\/\/sgvaimudar.com.br\/index.php\/wp-json\/wp\/v2\/types\/post"}],"author":[{"embeddable":true,"href":"https:\/\/sgvaimudar.com.br\/index.php\/wp-json\/wp\/v2\/users\/5"}],"replies":[{"embeddable":true,"href":"https:\/\/sgvaimudar.com.br\/index.php\/wp-json\/wp\/v2\/comments?post=27482"}],"version-history":[{"count":1,"href":"https:\/\/sgvaimudar.com.br\/index.php\/wp-json\/wp\/v2\/posts\/27482\/revisions"}],"predecessor-version":[{"id":27485,"href":"https:\/\/sgvaimudar.com.br\/index.php\/wp-json\/wp\/v2\/posts\/27482\/revisions\/27485"}],"wp:featuredmedia":[{"embeddable":true,"href":"https:\/\/sgvaimudar.com.br\/index.php\/wp-json\/wp\/v2\/media\/27484"}],"wp:attachment":[{"href":"https:\/\/sgvaimudar.com.br\/index.php\/wp-json\/wp\/v2\/media?parent=27482"}],"wp:term":[{"taxonomy":"category","embeddable":true,"href":"https:\/\/sgvaimudar.com.br\/index.php\/wp-json\/wp\/v2\/categories?post=27482"},{"taxonomy":"post_tag","embeddable":true,"href":"https:\/\/sgvaimudar.com.br\/index.php\/wp-json\/wp\/v2\/tags?post=27482"}],"curies":[{"name":"wp","href":"https:\/\/api.w.org\/{rel}","templated":true}]}}