{"id":27459,"date":"2025-07-03T17:00:00","date_gmt":"2025-07-03T20:00:00","guid":{"rendered":"https:\/\/sgvaimudar.com.br\/?p=27459"},"modified":"2025-07-03T10:19:12","modified_gmt":"2025-07-03T13:19:12","slug":"governo-do-rio-abre-edital-para-fortalecer-rodas-de-samba-no-estado","status":"publish","type":"post","link":"https:\/\/sgvaimudar.com.br\/index.php\/2025\/07\/03\/governo-do-rio-abre-edital-para-fortalecer-rodas-de-samba-no-estado\/","title":{"rendered":"Governo do Rio abre edital para fortalecer rodas de samba no estado"},"content":{"rendered":"\n<p><em>Chamada p\u00fablica \u201cBer\u00e7o de Bambas\u201d vai apoiar propostas culturais em diferentes regi\u00f5es<br><\/em><br>O Governo do Rio de Janeiro, por meio da Secretaria de Cultura e Economia Criativa, lan\u00e7ou, nesta quarta-feira (02\/07), a chamada p\u00fablica n\u00ba 17\/2024 \u2014 \u201cBer\u00e7o de Bambas\u201d, que tem como objetivo apoiar a circula\u00e7\u00e3o de rodas de samba em todo o territ\u00f3rio fluminense. A iniciativa valoriza uma das express\u00f5es culturais mais aut\u00eanticas do estado e reconhecidas como patrim\u00f4nio imaterial brasileiro.<\/p>\n\n\n\n<p>Podem se inscrever propostas de artistas, coletivos, grupos ou produtores culturais que realizem rodas de samba em espa\u00e7os p\u00fablicos ou privados com acesso gratuito ou popular. A sele\u00e7\u00e3o contemplar\u00e1 projetos que promovam o acesso democr\u00e1tico \u00e0 cultura, estimulem a forma\u00e7\u00e3o de p\u00fablico e fortale\u00e7am a identidade do samba como manifesta\u00e7\u00e3o popular.<\/p>\n\n\n\n<p>&#8211; O samba \u00e9 parte da alma do nosso povo. Apoiar sua preserva\u00e7\u00e3o e difus\u00e3o \u00e9 mais do que um compromisso com a cultura: \u00e9 um ato de respeito com a nossa hist\u00f3ria e com quem a constr\u00f3i todos os dias &#8211; afirmou o governador Cl\u00e1udio Castro.<\/p>\n\n\n\n<p>O edital prev\u00ea apoio financeiro a diversas propostas e busca ampliar a presen\u00e7a do samba em regi\u00f5es que historicamente contribuem para a forma\u00e7\u00e3o desse g\u00eanero musical, como a capital, a Baixada Fluminense, o interior e comunidades quilombolas. A chamada tamb\u00e9m incentiva a valoriza\u00e7\u00e3o da mem\u00f3ria, da oralidade e do protagonismo de artistas locais.<\/p>\n\n\n\n<p>&#8211; O samba \u00e9 raiz, \u00e9 resist\u00eancia, \u00e9 celebra\u00e7\u00e3o. Apoiar as rodas de samba \u00e9 reconhecer a for\u00e7a viva da nossa cultura e garantir que ela continue pulsando em todas as regi\u00f5es do estado &#8211; destacou a secret\u00e1ria de Cultura e Economia Criativa, Daniella Barros.<br>As inscri\u00e7\u00f5es j\u00e1 est\u00e3o abertas. Mais informa\u00e7\u00f5es est\u00e3o dispon\u00edveis no site oficial:\u00a0<a rel=\"noreferrer noopener\" href=\"http:\/\/www.cultura.rj.gov.br\/\" target=\"_blank\">www.cultura.rj.gov.br<\/a>.<\/p>\n\n\n\n<p><strong><em>S\u00e3o Gon\u00e7alo vai mudar: Not\u00edcias de S\u00e3o Gon\u00e7alo e toda regi\u00e3o.<\/em><\/strong><\/p>\n\n\n\n<figure class=\"wp-block-image size-large\"><img fetchpriority=\"high\" decoding=\"async\" width=\"1024\" height=\"252\" src=\"https:\/\/sgvaimudar.com.br\/wp-content\/uploads\/2025\/03\/Anuncie-Aqui-Sao-Goncalo-vai-mudar-1024x252.jpg\" alt=\"\" class=\"wp-image-22693\" srcset=\"https:\/\/sgvaimudar.com.br\/wp-content\/uploads\/2025\/03\/Anuncie-Aqui-Sao-Goncalo-vai-mudar-1024x252.jpg 1024w, https:\/\/sgvaimudar.com.br\/wp-content\/uploads\/2025\/03\/Anuncie-Aqui-Sao-Goncalo-vai-mudar-300x74.jpg 300w, https:\/\/sgvaimudar.com.br\/wp-content\/uploads\/2025\/03\/Anuncie-Aqui-Sao-Goncalo-vai-mudar-768x189.jpg 768w, https:\/\/sgvaimudar.com.br\/wp-content\/uploads\/2025\/03\/Anuncie-Aqui-Sao-Goncalo-vai-mudar-1536x378.jpg 1536w, https:\/\/sgvaimudar.com.br\/wp-content\/uploads\/2025\/03\/Anuncie-Aqui-Sao-Goncalo-vai-mudar-2048x504.jpg 2048w\" sizes=\"(max-width: 1024px) 100vw, 1024px\" \/><\/figure>\n","protected":false},"excerpt":{"rendered":"<p>Chamada p\u00fablica \u201cBer\u00e7o de Bambas\u201d vai apoiar propostas culturais em diferentes regi\u00f5esO Governo do Rio de Janeiro, por meio da&hellip;<\/p>\n","protected":false},"author":5,"featured_media":27460,"comment_status":"open","ping_status":"open","sticky":false,"template":"","format":"standard","meta":{"fifu_image_url":"","fifu_image_alt":"","footnotes":""},"categories":[6],"tags":[47],"class_list":["post-27459","post","type-post","status-publish","format-standard","has-post-thumbnail","hentry","category-entretenimento","tag-rj"],"_links":{"self":[{"href":"https:\/\/sgvaimudar.com.br\/index.php\/wp-json\/wp\/v2\/posts\/27459","targetHints":{"allow":["GET"]}}],"collection":[{"href":"https:\/\/sgvaimudar.com.br\/index.php\/wp-json\/wp\/v2\/posts"}],"about":[{"href":"https:\/\/sgvaimudar.com.br\/index.php\/wp-json\/wp\/v2\/types\/post"}],"author":[{"embeddable":true,"href":"https:\/\/sgvaimudar.com.br\/index.php\/wp-json\/wp\/v2\/users\/5"}],"replies":[{"embeddable":true,"href":"https:\/\/sgvaimudar.com.br\/index.php\/wp-json\/wp\/v2\/comments?post=27459"}],"version-history":[{"count":1,"href":"https:\/\/sgvaimudar.com.br\/index.php\/wp-json\/wp\/v2\/posts\/27459\/revisions"}],"predecessor-version":[{"id":27461,"href":"https:\/\/sgvaimudar.com.br\/index.php\/wp-json\/wp\/v2\/posts\/27459\/revisions\/27461"}],"wp:featuredmedia":[{"embeddable":true,"href":"https:\/\/sgvaimudar.com.br\/index.php\/wp-json\/wp\/v2\/media\/27460"}],"wp:attachment":[{"href":"https:\/\/sgvaimudar.com.br\/index.php\/wp-json\/wp\/v2\/media?parent=27459"}],"wp:term":[{"taxonomy":"category","embeddable":true,"href":"https:\/\/sgvaimudar.com.br\/index.php\/wp-json\/wp\/v2\/categories?post=27459"},{"taxonomy":"post_tag","embeddable":true,"href":"https:\/\/sgvaimudar.com.br\/index.php\/wp-json\/wp\/v2\/tags?post=27459"}],"curies":[{"name":"wp","href":"https:\/\/api.w.org\/{rel}","templated":true}]}}