{"id":27447,"date":"2025-07-03T13:00:00","date_gmt":"2025-07-03T16:00:00","guid":{"rendered":"https:\/\/sgvaimudar.com.br\/?p=27447"},"modified":"2025-07-03T09:52:05","modified_gmt":"2025-07-03T12:52:05","slug":"itaborai-rj-recebe-novos-professores-concursados-com-formacao-de-boas-vindas","status":"publish","type":"post","link":"https:\/\/sgvaimudar.com.br\/index.php\/2025\/07\/03\/itaborai-rj-recebe-novos-professores-concursados-com-formacao-de-boas-vindas\/","title":{"rendered":"Itabora\u00ed (RJ) recebe novos professores concursados com forma\u00e7\u00e3o de boas-vindas"},"content":{"rendered":"\n<p><em>A recep\u00e7\u00e3o aconteceu no audit\u00f3rio do Instituto Federal Fluminense (IFF), no bairro Nova Cidade<\/em><\/p>\n\n\n\n<p>A Prefeitura de Itabora\u00ed, por meio da Secretaria Municipal de Educa\u00e7\u00e3o (Semed), realizou na manh\u00e3 desta quarta-feira (02\/07) o primeiro encontro formativo para os novos professores concursados da rede municipal de ensino. A a\u00e7\u00e3o contou com a presen\u00e7a do secret\u00e1rio de Educa\u00e7\u00e3o, Mauricilio Rodrigues, al\u00e9m de toda a equipe t\u00e9cnica da Semed.<\/p>\n\n\n\n<p>O objetivo do evento foi promover um acolhimento institucional, apresentar os setores da secretaria, esclarecer d\u00favidas sobre os direitos e deveres dos servidores e refor\u00e7ar o compromisso da gest\u00e3o com uma educa\u00e7\u00e3o p\u00fablica de qualidade.<\/p>\n\n\n\n<figure class=\"wp-block-image size-large\"><img fetchpriority=\"high\" decoding=\"async\" width=\"1024\" height=\"576\" src=\"https:\/\/sgvaimudar.com.br\/wp-content\/uploads\/2025\/07\/Itaborai-recebe-novos-professores-concursados-com-formacao-de-boas-vindas-1-1024x576.jpeg\" alt=\"\" class=\"wp-image-27448\" srcset=\"https:\/\/sgvaimudar.com.br\/wp-content\/uploads\/2025\/07\/Itaborai-recebe-novos-professores-concursados-com-formacao-de-boas-vindas-1-1024x576.jpeg 1024w, https:\/\/sgvaimudar.com.br\/wp-content\/uploads\/2025\/07\/Itaborai-recebe-novos-professores-concursados-com-formacao-de-boas-vindas-1-300x169.jpeg 300w, https:\/\/sgvaimudar.com.br\/wp-content\/uploads\/2025\/07\/Itaborai-recebe-novos-professores-concursados-com-formacao-de-boas-vindas-1-768x432.jpeg 768w, https:\/\/sgvaimudar.com.br\/wp-content\/uploads\/2025\/07\/Itaborai-recebe-novos-professores-concursados-com-formacao-de-boas-vindas-1-1536x864.jpeg 1536w, https:\/\/sgvaimudar.com.br\/wp-content\/uploads\/2025\/07\/Itaborai-recebe-novos-professores-concursados-com-formacao-de-boas-vindas-1.jpeg 1600w\" sizes=\"(max-width: 1024px) 100vw, 1024px\" \/><\/figure>\n\n\n\n<p>Durante a abertura, o secret\u00e1rio municipal de Educa\u00e7\u00e3o, Mauricilio Rodrigues, deu as boas-vindas aos educadores e refor\u00e7ou a import\u00e2ncia do papel de cada um na constru\u00e7\u00e3o do futuro da cidade.<\/p>\n\n\n\n<p>\u201cHoje \u00e9 um dia muito especial. Estamos recebendo quase 300 novos professores que passam a integrar oficialmente a nossa rede. Esse primeiro contato \u00e9 o in\u00edcio de um v\u00ednculo que esperamos que seja duradouro. Queremos que cada profissional se sinta valorizado, acolhido e consciente de que tem em n\u00f3s, na Secretaria de Educa\u00e7\u00e3o, um parceiro para todos os momentos. Juntos, vamos continuar avan\u00e7ando na constru\u00e7\u00e3o de uma escola p\u00fablica forte, humana e transformadora\u201d, destacou o secret\u00e1rio.<\/p>\n\n\n\n<p>A programa\u00e7\u00e3o da manh\u00e3 contou com apresenta\u00e7\u00f5es institucionais, explana\u00e7\u00f5es sobre o estatuto do servidor, regimento interno, per\u00edodo probat\u00f3rio e estrutura da Rede Municipal de Ensino. Tamb\u00e9m foi refor\u00e7ada a import\u00e2ncia do compromisso \u00e9tico e profissional com o aluno e com a comunidade escolar.<\/p>\n\n\n\n<p>Al\u00e9m desse primeiro momento, a Semed j\u00e1 programou um segundo ciclo de forma\u00e7\u00e3o pedag\u00f3gica para os novos servidores. Prevista para a terceira semana de julho, a etapa ser\u00e1 dividida por segmentos \u2014 Educa\u00e7\u00e3o Infantil, Anos Iniciais, Anos Finais e Educa\u00e7\u00e3o de Jovens e Adultos (EJA) \u2014 e abordar\u00e1 o Referencial Curricular Municipal e orienta\u00e7\u00f5es pedag\u00f3gicas espec\u00edficas para cada etapa de ensino.<\/p>\n\n\n\n<p>Para a subsecret\u00e1ria de Gest\u00e3o e Ensino, Gl\u00e1ucia Vieira, com professores atuando da Educa\u00e7\u00e3o Infantil ao 9\u00ba ano do Ensino Fundamental, a expectativa da gest\u00e3o \u00e9 que esses novos profissionais se tornem multiplicadores do projeto educacional em curso no munic\u00edpio.<\/p>\n\n\n\n<p>\u201cA nossa maior expectativa \u00e9 fidelizar esses profissionais na nossa rede. Hoje estamos formando professores que esperamos que fiquem aqui por 25, 30 anos, contribuindo ativamente para o crescimento das nossas escolas e a forma\u00e7\u00e3o das novas gera\u00e7\u00f5es\u201d, explicou a subsecret\u00e1ria.<\/p>\n\n\n\n<p>A recep\u00e7\u00e3o dos novos professores marca o in\u00edcio de uma trajet\u00f3ria que deve ser constru\u00edda com di\u00e1logo, integra\u00e7\u00e3o e troca de experi\u00eancias. Ao apresentar a estrutura da rede, os direitos e deveres dos servidores e os caminhos pedag\u00f3gicos adotados no munic\u00edpio, o encontro proporciona mais seguran\u00e7a para quem est\u00e1 come\u00e7ando e fortalece o v\u00ednculo entre escola e Secretaria desde o primeiro dia.<\/p>\n\n\n\n<p><strong><em>S\u00e3o Gon\u00e7alo vai mudar: Not\u00edcias de S\u00e3o Gon\u00e7alo e toda regi\u00e3o.<\/em><\/strong><\/p>\n\n\n\n<figure class=\"wp-block-image size-large\"><img decoding=\"async\" width=\"1024\" height=\"252\" src=\"https:\/\/sgvaimudar.com.br\/wp-content\/uploads\/2025\/03\/Anuncie-Aqui-Sao-Goncalo-vai-mudar-1024x252.jpg\" alt=\"\" class=\"wp-image-22693\" srcset=\"https:\/\/sgvaimudar.com.br\/wp-content\/uploads\/2025\/03\/Anuncie-Aqui-Sao-Goncalo-vai-mudar-1024x252.jpg 1024w, https:\/\/sgvaimudar.com.br\/wp-content\/uploads\/2025\/03\/Anuncie-Aqui-Sao-Goncalo-vai-mudar-300x74.jpg 300w, https:\/\/sgvaimudar.com.br\/wp-content\/uploads\/2025\/03\/Anuncie-Aqui-Sao-Goncalo-vai-mudar-768x189.jpg 768w, https:\/\/sgvaimudar.com.br\/wp-content\/uploads\/2025\/03\/Anuncie-Aqui-Sao-Goncalo-vai-mudar-1536x378.jpg 1536w, https:\/\/sgvaimudar.com.br\/wp-content\/uploads\/2025\/03\/Anuncie-Aqui-Sao-Goncalo-vai-mudar-2048x504.jpg 2048w\" sizes=\"(max-width: 1024px) 100vw, 1024px\" \/><\/figure>\n","protected":false},"excerpt":{"rendered":"<p>A recep\u00e7\u00e3o aconteceu no audit\u00f3rio do Instituto Federal Fluminense (IFF), no bairro Nova Cidade A Prefeitura de Itabora\u00ed, por meio&hellip;<\/p>\n","protected":false},"author":5,"featured_media":27449,"comment_status":"open","ping_status":"open","sticky":false,"template":"","format":"standard","meta":{"fifu_image_url":"","fifu_image_alt":"","footnotes":""},"categories":[4],"tags":[47],"class_list":["post-27447","post","type-post","status-publish","format-standard","has-post-thumbnail","hentry","category-brasil","tag-rj"],"_links":{"self":[{"href":"https:\/\/sgvaimudar.com.br\/index.php\/wp-json\/wp\/v2\/posts\/27447","targetHints":{"allow":["GET"]}}],"collection":[{"href":"https:\/\/sgvaimudar.com.br\/index.php\/wp-json\/wp\/v2\/posts"}],"about":[{"href":"https:\/\/sgvaimudar.com.br\/index.php\/wp-json\/wp\/v2\/types\/post"}],"author":[{"embeddable":true,"href":"https:\/\/sgvaimudar.com.br\/index.php\/wp-json\/wp\/v2\/users\/5"}],"replies":[{"embeddable":true,"href":"https:\/\/sgvaimudar.com.br\/index.php\/wp-json\/wp\/v2\/comments?post=27447"}],"version-history":[{"count":1,"href":"https:\/\/sgvaimudar.com.br\/index.php\/wp-json\/wp\/v2\/posts\/27447\/revisions"}],"predecessor-version":[{"id":27450,"href":"https:\/\/sgvaimudar.com.br\/index.php\/wp-json\/wp\/v2\/posts\/27447\/revisions\/27450"}],"wp:featuredmedia":[{"embeddable":true,"href":"https:\/\/sgvaimudar.com.br\/index.php\/wp-json\/wp\/v2\/media\/27449"}],"wp:attachment":[{"href":"https:\/\/sgvaimudar.com.br\/index.php\/wp-json\/wp\/v2\/media?parent=27447"}],"wp:term":[{"taxonomy":"category","embeddable":true,"href":"https:\/\/sgvaimudar.com.br\/index.php\/wp-json\/wp\/v2\/categories?post=27447"},{"taxonomy":"post_tag","embeddable":true,"href":"https:\/\/sgvaimudar.com.br\/index.php\/wp-json\/wp\/v2\/tags?post=27447"}],"curies":[{"name":"wp","href":"https:\/\/api.w.org\/{rel}","templated":true}]}}