{"id":27443,"date":"2025-07-03T11:00:00","date_gmt":"2025-07-03T14:00:00","guid":{"rendered":"https:\/\/sgvaimudar.com.br\/?p=27443"},"modified":"2025-07-03T09:41:23","modified_gmt":"2025-07-03T12:41:23","slug":"governador-do-rio-prestigia-cerimonia-de-169-anos-do-corpo-de-bombeiros-e-inaugura-primeira-sala-de-crise-no-quartel-central","status":"publish","type":"post","link":"https:\/\/sgvaimudar.com.br\/index.php\/2025\/07\/03\/governador-do-rio-prestigia-cerimonia-de-169-anos-do-corpo-de-bombeiros-e-inaugura-primeira-sala-de-crise-no-quartel-central\/","title":{"rendered":"Governador do Rio prestigia cerim\u00f4nia de 169 anos do Corpo de Bombeiros e inaugura primeira Sala de Crise no Quartel Central"},"content":{"rendered":"\n<p><em>Data marca momento de rever\u00eancia \u00e0 hist\u00f3ria e ao compromisso da corpora\u00e7\u00e3o com a sociedade fluminense<br><\/em><br>A comemora\u00e7\u00e3o dos 169 anos do Corpo de Bombeiros Militar do Estado do Rio de Janeiro (CBMERJ), celebrada nesta quarta-feira (02\/07), foi pontuada por uma manh\u00e3 de homenagens, reconhecimento e emo\u00e7\u00e3o. A data tamb\u00e9m marcou a inaugura\u00e7\u00e3o da primeira Sala de Crise da corpora\u00e7\u00e3o pelo governador Cl\u00e1udio Castro. <\/p>\n\n\n\n<p>O novo espa\u00e7o, nas depend\u00eancias do Quartel Central, ser\u00e1 utilizado por militares e autoridades para definir solu\u00e7\u00f5es estrat\u00e9gicas, assegurando respostas r\u00e1pidas, coordenadas e eficazes diante de situa\u00e7\u00f5es de emerg\u00eancia, refor\u00e7ando o compromisso da institui\u00e7\u00e3o com a seguran\u00e7a e a prote\u00e7\u00e3o da sociedade.<\/p>\n\n\n\n<figure class=\"wp-block-image size-large\"><img fetchpriority=\"high\" decoding=\"async\" width=\"1024\" height=\"715\" src=\"https:\/\/sgvaimudar.com.br\/wp-content\/uploads\/2025\/07\/MHR_9221-1024x715.jpg\" alt=\"\" class=\"wp-image-27444\" srcset=\"https:\/\/sgvaimudar.com.br\/wp-content\/uploads\/2025\/07\/MHR_9221-1024x715.jpg 1024w, https:\/\/sgvaimudar.com.br\/wp-content\/uploads\/2025\/07\/MHR_9221-300x209.jpg 300w, https:\/\/sgvaimudar.com.br\/wp-content\/uploads\/2025\/07\/MHR_9221-768x536.jpg 768w, https:\/\/sgvaimudar.com.br\/wp-content\/uploads\/2025\/07\/MHR_9221-1536x1072.jpg 1536w, https:\/\/sgvaimudar.com.br\/wp-content\/uploads\/2025\/07\/MHR_9221-2048x1429.jpg 2048w\" sizes=\"(max-width: 1024px) 100vw, 1024px\" \/><\/figure>\n\n\n\n<p>&nbsp;&#8211; O Corpo de Bombeiros \u00e9 uma das institui\u00e7\u00f5es que mais orgulha o nosso estado. Uma das mais respeitadas. S\u00e3o homens e mulheres que arriscam suas vidas diariamente para salvar outras. Celebrar esses 169 anos \u00e9 reconhecer uma hist\u00f3ria de coragem, profissionalismo e compromisso com o pr\u00f3ximo. Se antigamente, nossos militares viajavam para conhecer modelos de outras corpora\u00e7\u00f5es, hoje n\u00f3s \u00e9 que inspiramos bombeiros do pa\u00eds e do mundo. Meu compromisso \u00e9 valorizar esses seres humanos por tr\u00e1s da farda e ser a vanguarda no que diz respeito a salvamentos, equipamentos e tecnologia &#8211; ressaltou o governador.<\/p>\n\n\n\n<p>A festa de 2 de julho contou, tradicionalmente, com a recep\u00e7\u00e3o aos cadetes do 1\u00ba ano do Curso de Forma\u00e7\u00e3o de Oficiais, que recebem o Espadim Marechal Souza Aguiar. Houve tamb\u00e9m homenagem ao jubileu da 18\u00aa Turma do Curso de Forma\u00e7\u00e3o de Oficiais da corpora\u00e7\u00e3o e entrega de medalhas a militares pelo desempenho de suas fun\u00e7\u00f5es, reafirmando os valores de coragem, dedica\u00e7\u00e3o e esp\u00edrito de equipe que h\u00e1 quase dois s\u00e9culos norteiam o trabalho dos Bombeiros. Personalidades e institui\u00e7\u00f5es que apoiam o trabalho da corpora\u00e7\u00e3o em diversas frentes foram tamb\u00e9m agraciados com comendas.<\/p>\n\n\n\n<p>Ainda durante as comemora\u00e7\u00f5es, o governador Cl\u00e1udio Castro e a primeira-dama Analine Castro, que tamb\u00e9m prestigiou a festa, cumprimentaram e agradeceram os guarda-vidas que se destacaram na semana passada no salvamento de uma v\u00edtima que caiu em mar de dia agitado, em Niter\u00f3i. O governador agradeceu o trabalho.<\/p>\n\n\n\n<p><strong>Demonstra\u00e7\u00e3o de salvamentos<\/strong><\/p>\n\n\n\n<p>Como ponto alto para o p\u00fablico que assistia ao evento, os militares prepararam uma demonstra\u00e7\u00e3o t\u00e9cnico-profissional, simulando alguns dos principais salvamentos realizados diariamente pelos militares. Foram apresentadas t\u00e9cnicas de rapel, plano inclinado, escalada da torre, descida invertida, busca a v\u00edtima de desabamento, resgate subaqu\u00e1tico, combate a inc\u00eandio e atendimento pr\u00e9-hospitalar com motos e ambul\u00e2ncia.<\/p>\n\n\n\n<p>&nbsp;&#8211; Todo dia nossa miss\u00e3o \u00e9 reafirmar o nosso pacto com a vida, com a seguran\u00e7a da popula\u00e7\u00e3o e com a excel\u00eancia no servi\u00e7o p\u00fablico. Cada bombeiro e bombeira \u00e9 um elo essencial desta hist\u00f3ria constru\u00edda com responsabilidade, abnega\u00e7\u00e3o e compet\u00eancia &#8211; refor\u00e7ou &nbsp;o comandante-geral da corpora\u00e7\u00e3o, coronel Tarciso Salles.<\/p>\n\n\n\n<p>As celebra\u00e7\u00f5es continuam, \u00e0s 18h, com uma missa de A\u00e7\u00e3o de Gra\u00e7as, que ser\u00e1 realizada pelos capel\u00e3es da corpora\u00e7\u00e3o, aos p\u00e9s do Cristo Redentor, seguida da ilumina\u00e7\u00e3o do monumento em vermelho, e de uma b\u00ean\u00e7\u00e3o.<\/p>\n\n\n\n<p><strong><em>S\u00e3o Gon\u00e7alo vai mudar: Not\u00edcias de S\u00e3o Gon\u00e7alo e toda regi\u00e3o.<\/em><\/strong><\/p>\n\n\n\n<figure class=\"wp-block-image size-large\"><img decoding=\"async\" width=\"722\" height=\"1024\" src=\"https:\/\/sgvaimudar.com.br\/wp-content\/uploads\/2023\/10\/Anuncie-aqui-a5-1-722x1024.png\" alt=\"\" class=\"wp-image-3627\" srcset=\"https:\/\/sgvaimudar.com.br\/wp-content\/uploads\/2023\/10\/Anuncie-aqui-a5-1-722x1024.png 722w, https:\/\/sgvaimudar.com.br\/wp-content\/uploads\/2023\/10\/Anuncie-aqui-a5-1-212x300.png 212w, https:\/\/sgvaimudar.com.br\/wp-content\/uploads\/2023\/10\/Anuncie-aqui-a5-1-768x1089.png 768w, https:\/\/sgvaimudar.com.br\/wp-content\/uploads\/2023\/10\/Anuncie-aqui-a5-1-1083x1536.png 1083w, https:\/\/sgvaimudar.com.br\/wp-content\/uploads\/2023\/10\/Anuncie-aqui-a5-1-1444x2048.png 1444w, https:\/\/sgvaimudar.com.br\/wp-content\/uploads\/2023\/10\/Anuncie-aqui-a5-1.png 1750w\" sizes=\"(max-width: 722px) 100vw, 722px\" \/><\/figure>\n","protected":false},"excerpt":{"rendered":"<p>Data marca momento de rever\u00eancia \u00e0 hist\u00f3ria e ao compromisso da corpora\u00e7\u00e3o com a sociedade fluminenseA comemora\u00e7\u00e3o dos 169 anos&hellip;<\/p>\n","protected":false},"author":5,"featured_media":27445,"comment_status":"open","ping_status":"open","sticky":false,"template":"","format":"standard","meta":{"fifu_image_url":"","fifu_image_alt":"","footnotes":""},"categories":[4],"tags":[47],"class_list":["post-27443","post","type-post","status-publish","format-standard","has-post-thumbnail","hentry","category-brasil","tag-rj"],"_links":{"self":[{"href":"https:\/\/sgvaimudar.com.br\/index.php\/wp-json\/wp\/v2\/posts\/27443","targetHints":{"allow":["GET"]}}],"collection":[{"href":"https:\/\/sgvaimudar.com.br\/index.php\/wp-json\/wp\/v2\/posts"}],"about":[{"href":"https:\/\/sgvaimudar.com.br\/index.php\/wp-json\/wp\/v2\/types\/post"}],"author":[{"embeddable":true,"href":"https:\/\/sgvaimudar.com.br\/index.php\/wp-json\/wp\/v2\/users\/5"}],"replies":[{"embeddable":true,"href":"https:\/\/sgvaimudar.com.br\/index.php\/wp-json\/wp\/v2\/comments?post=27443"}],"version-history":[{"count":1,"href":"https:\/\/sgvaimudar.com.br\/index.php\/wp-json\/wp\/v2\/posts\/27443\/revisions"}],"predecessor-version":[{"id":27446,"href":"https:\/\/sgvaimudar.com.br\/index.php\/wp-json\/wp\/v2\/posts\/27443\/revisions\/27446"}],"wp:featuredmedia":[{"embeddable":true,"href":"https:\/\/sgvaimudar.com.br\/index.php\/wp-json\/wp\/v2\/media\/27445"}],"wp:attachment":[{"href":"https:\/\/sgvaimudar.com.br\/index.php\/wp-json\/wp\/v2\/media?parent=27443"}],"wp:term":[{"taxonomy":"category","embeddable":true,"href":"https:\/\/sgvaimudar.com.br\/index.php\/wp-json\/wp\/v2\/categories?post=27443"},{"taxonomy":"post_tag","embeddable":true,"href":"https:\/\/sgvaimudar.com.br\/index.php\/wp-json\/wp\/v2\/tags?post=27443"}],"curies":[{"name":"wp","href":"https:\/\/api.w.org\/{rel}","templated":true}]}}