{"id":27419,"date":"2025-07-03T07:10:41","date_gmt":"2025-07-03T10:10:41","guid":{"rendered":"https:\/\/sgvaimudar.com.br\/?p=27419"},"modified":"2025-07-03T07:10:42","modified_gmt":"2025-07-03T10:10:42","slug":"sao-goncalo-faz-acoes-de-conscientizacao-sobre-hepatites-virais","status":"publish","type":"post","link":"https:\/\/sgvaimudar.com.br\/index.php\/2025\/07\/03\/sao-goncalo-faz-acoes-de-conscientizacao-sobre-hepatites-virais\/","title":{"rendered":"S\u00e3o Gon\u00e7alo faz a\u00e7\u00f5es de conscientiza\u00e7\u00e3o sobre hepatites virais"},"content":{"rendered":"\n<p><em>Julho Amarelo ter\u00e1 extensa programa\u00e7\u00e3o nas unidades de sa\u00fade&nbsp;<\/em><\/p>\n\n\n\n<p>A Secretaria de Sa\u00fade do munic\u00edpio de S\u00e3o Gon\u00e7alo, atrav\u00e9s do Programa Ist\/Aids e Hepatites Virais, vai realizar a\u00e7\u00f5es de conscientiza\u00e7\u00e3o neste m\u00eas de julho sobre as hepatites virais. <\/p>\n\n\n\n<p>Conhecido na \u00e1rea da sa\u00fade como Julho Amarelo, o m\u00eas tamb\u00e9m tem o Dia Mundial de Luta Contra as Hepatites Virais lembrado no dia 28. As unidades de sa\u00fade v\u00e3o intensificar as orienta\u00e7\u00f5es sobre as doen\u00e7as aos usu\u00e1rios nas salas de espera e incentivar a testagem durante todo o m\u00eas.\u00a0<\/p>\n\n\n\n<p>Fora das unidades de sa\u00fade, as a\u00e7\u00f5es est\u00e3o previstas para acontecerem no P\u00e1tio Alc\u00e2ntara no dia 28 de julho; para os profissionais da limpeza urbana durante o hor\u00e1rio de trabalho em dias alternados e para os moradores em situa\u00e7\u00e3o de rua, atrav\u00e9s do Consult\u00f3rio na Rua (Cnar), tamb\u00e9m em dias alternados.<\/p>\n\n\n\n<figure class=\"wp-block-image size-full\"><img fetchpriority=\"high\" decoding=\"async\" width=\"1024\" height=\"683\" src=\"https:\/\/sgvaimudar.com.br\/wp-content\/uploads\/2025\/07\/unnamed-4-1.jpg\" alt=\"\" class=\"wp-image-27421\" srcset=\"https:\/\/sgvaimudar.com.br\/wp-content\/uploads\/2025\/07\/unnamed-4-1.jpg 1024w, https:\/\/sgvaimudar.com.br\/wp-content\/uploads\/2025\/07\/unnamed-4-1-300x200.jpg 300w, https:\/\/sgvaimudar.com.br\/wp-content\/uploads\/2025\/07\/unnamed-4-1-768x512.jpg 768w\" sizes=\"(max-width: 1024px) 100vw, 1024px\" \/><\/figure>\n\n\n\n<p>Nas a\u00e7\u00f5es, os gon\u00e7alenses poder\u00e3o realizar os testes r\u00e1pidos para averiguar se t\u00eam s\u00edfilis, HIV, hepatite B e C; obter informa\u00e7\u00f5es sobre os programas municipais de sa\u00fade; sobre as infec\u00e7\u00f5es sexualmente transmiss\u00edveis (ISTs), principalmente as hepatites virais e seus meios de preven\u00e7\u00e3o, diagn\u00f3stico e tratamento precoce, al\u00e9m da distribui\u00e7\u00e3o de insumos de\u00a0preven\u00e7\u00e3o \u2013 preservativos e gel lubrificante.\u00a0<\/p>\n\n\n\n<p>\u201cA campanha Julho Amarelo foi criada para refor\u00e7ar as a\u00e7\u00f5es de preven\u00e7\u00e3o, sensibiliza\u00e7\u00e3o e conscientiza\u00e7\u00e3o das doen\u00e7as. Um dos objetivos \u00e9 estimular a realiza\u00e7\u00e3o do teste r\u00e1pido. Eles s\u00e3o gratuitos, est\u00e3o dispon\u00edveis em todas as unidades b\u00e1sicas de sa\u00fade de S\u00e3o Gon\u00e7alo e podem ser realizados, de segunda a sexta, das 8h \u00e0s 16h. O resultado sai em 20 minutos. Caso a doen\u00e7a seja confirmada, os gon\u00e7alenses s\u00e3o encaminhados para outros exames espec\u00edficos e para o tratamento\u201d, explicou Monique Gonzalez, coordenadora do Programa IST\/Aids e Hepatites Virais.\u00a0<\/p>\n\n\n\n<p>A principal fonte de contamina\u00e7\u00e3o das hepatites virais b e c \u00e9 atrav\u00e9s do sexo desprotegido e compartilhamento de objetos perfurocortantes. Por isso, medidas simples como o uso de preservativos, materiais descart\u00e1veis e esterilizados s\u00e3o recomend\u00e1veis, assim como o n\u00e3o compartilhamento de agulhas e seringas.\u00a0<\/p>\n\n\n\n<p>\u201cCaso j\u00e1 estejam contaminados, os gon\u00e7alenses t\u00eam o tratamento com hepatologista garantido na cidade, assim como a medica\u00e7\u00e3o. O tratamento \u00e9 realizado na Policl\u00ednica Gon\u00e7alense de Refer\u00eancia para Doen\u00e7as Cr\u00f4nicas e Transmiss\u00edveis, na Parada 40, e no PAM Coelho\u201d, finalizou a subsecret\u00e1ria de Sa\u00fade Coletiva, Thain\u00e1 Fratane.\u00a0<\/p>\n\n\n\n<p><strong>Hepatites<\/strong><\/p>\n\n\n\n<p>\u00a0As hepatites virais s\u00e3o inflama\u00e7\u00f5es do f\u00edgado causadas por diferentes v\u00edrus, classificados pelas letras A, B, C, D e E, bem como pelo uso de alguns medicamentos, \u00e1lcool e outras subst\u00e2ncias. Essas infec\u00e7\u00f5es representam um problema de sa\u00fade p\u00fablica, muitas vezes evoluindo de forma silenciosa. Quando os sintomas est\u00e3o presentes, eles podem incluir cansa\u00e7o, enjoo, dor abdominal, pele e olhos amarelados, urina escura e fezes claras, entre outros.\u00a0<\/p>\n\n\n\n<p>H\u00e1 vacina para as hepatites a e b. A primeira, ainda quando crian\u00e7a e para os usu\u00e1rios de Profilaxia Pr\u00e9-Exposi\u00e7\u00e3o (Prep) de infec\u00e7\u00e3o por HIV a partir dos 15 anos. A segunda, em tr\u00eas doses, para os adultos. A hepatite c tem tratamento e tem cura.\u00a0<\/p>\n\n\n\n<p><em>Fotos: Fabio Guimar\u00e3es<\/em><\/p>\n\n\n\n<p><strong><em>S\u00e3o Gon\u00e7alo vai mudar: Not\u00edcias de S\u00e3o Gon\u00e7alo e toda regi\u00e3o.<\/em><\/strong><\/p>\n\n\n\n<figure class=\"wp-block-image size-large\"><img decoding=\"async\" width=\"1024\" height=\"252\" src=\"https:\/\/sgvaimudar.com.br\/wp-content\/uploads\/2025\/03\/Anuncie-Aqui-Sao-Goncalo-vai-mudar-1024x252.jpg\" alt=\"\" class=\"wp-image-22693\" srcset=\"https:\/\/sgvaimudar.com.br\/wp-content\/uploads\/2025\/03\/Anuncie-Aqui-Sao-Goncalo-vai-mudar-1024x252.jpg 1024w, https:\/\/sgvaimudar.com.br\/wp-content\/uploads\/2025\/03\/Anuncie-Aqui-Sao-Goncalo-vai-mudar-300x74.jpg 300w, https:\/\/sgvaimudar.com.br\/wp-content\/uploads\/2025\/03\/Anuncie-Aqui-Sao-Goncalo-vai-mudar-768x189.jpg 768w, https:\/\/sgvaimudar.com.br\/wp-content\/uploads\/2025\/03\/Anuncie-Aqui-Sao-Goncalo-vai-mudar-1536x378.jpg 1536w, https:\/\/sgvaimudar.com.br\/wp-content\/uploads\/2025\/03\/Anuncie-Aqui-Sao-Goncalo-vai-mudar-2048x504.jpg 2048w\" sizes=\"(max-width: 1024px) 100vw, 1024px\" \/><\/figure>\n","protected":false},"excerpt":{"rendered":"<p>Julho Amarelo ter\u00e1 extensa programa\u00e7\u00e3o nas unidades de sa\u00fade&nbsp; A Secretaria de Sa\u00fade do munic\u00edpio de S\u00e3o Gon\u00e7alo, atrav\u00e9s do&hellip;<\/p>\n","protected":false},"author":5,"featured_media":27420,"comment_status":"open","ping_status":"open","sticky":false,"template":"","format":"standard","meta":{"fifu_image_url":"","fifu_image_alt":"","footnotes":""},"categories":[7],"tags":[47,75],"class_list":["post-27419","post","type-post","status-publish","format-standard","has-post-thumbnail","hentry","category-saude","tag-rj","tag-sao-goncalo"],"_links":{"self":[{"href":"https:\/\/sgvaimudar.com.br\/index.php\/wp-json\/wp\/v2\/posts\/27419","targetHints":{"allow":["GET"]}}],"collection":[{"href":"https:\/\/sgvaimudar.com.br\/index.php\/wp-json\/wp\/v2\/posts"}],"about":[{"href":"https:\/\/sgvaimudar.com.br\/index.php\/wp-json\/wp\/v2\/types\/post"}],"author":[{"embeddable":true,"href":"https:\/\/sgvaimudar.com.br\/index.php\/wp-json\/wp\/v2\/users\/5"}],"replies":[{"embeddable":true,"href":"https:\/\/sgvaimudar.com.br\/index.php\/wp-json\/wp\/v2\/comments?post=27419"}],"version-history":[{"count":1,"href":"https:\/\/sgvaimudar.com.br\/index.php\/wp-json\/wp\/v2\/posts\/27419\/revisions"}],"predecessor-version":[{"id":27422,"href":"https:\/\/sgvaimudar.com.br\/index.php\/wp-json\/wp\/v2\/posts\/27419\/revisions\/27422"}],"wp:featuredmedia":[{"embeddable":true,"href":"https:\/\/sgvaimudar.com.br\/index.php\/wp-json\/wp\/v2\/media\/27420"}],"wp:attachment":[{"href":"https:\/\/sgvaimudar.com.br\/index.php\/wp-json\/wp\/v2\/media?parent=27419"}],"wp:term":[{"taxonomy":"category","embeddable":true,"href":"https:\/\/sgvaimudar.com.br\/index.php\/wp-json\/wp\/v2\/categories?post=27419"},{"taxonomy":"post_tag","embeddable":true,"href":"https:\/\/sgvaimudar.com.br\/index.php\/wp-json\/wp\/v2\/tags?post=27419"}],"curies":[{"name":"wp","href":"https:\/\/api.w.org\/{rel}","templated":true}]}}