{"id":27412,"date":"2025-07-03T06:58:40","date_gmt":"2025-07-03T09:58:40","guid":{"rendered":"https:\/\/sgvaimudar.com.br\/?p=27412"},"modified":"2025-07-03T07:03:13","modified_gmt":"2025-07-03T10:03:13","slug":"guarda-municipal-goncalense-realizou-mais-de-80-prisoes-e-150-conducoes-apenas-no-primeiro-semestre-do-ano","status":"publish","type":"post","link":"https:\/\/sgvaimudar.com.br\/index.php\/2025\/07\/03\/guarda-municipal-goncalense-realizou-mais-de-80-prisoes-e-150-conducoes-apenas-no-primeiro-semestre-do-ano\/","title":{"rendered":"Guarda Municipal gon\u00e7alense realizou mais de 80 pris\u00f5es e 150 condu\u00e7\u00f5es apenas no primeiro semestre do ano"},"content":{"rendered":"\n<p><em>Maioria das ocorr\u00eancias partiu do monitoramento da Central de Seguran\u00e7a de S\u00e3o Gon\u00e7alo<\/em><\/p>\n\n\n\n<p>A Guarda Municipal de S\u00e3o Gon\u00e7alo realizou, apenas no primeiro semestre de 2025, 84 pris\u00f5es e 156 condu\u00e7\u00f5es. As a\u00e7\u00f5es da Guarda pelo munic\u00edpio s\u00e3o constantes e os n\u00fameros mostram o resultado positivo do trabalho feito gra\u00e7as ao comprometimento das diversas equipes .<\/p>\n\n\n\n<p>A maior parte das pris\u00f5es nesses primeiros seis meses do ano aconteceu em decorr\u00eancia de furtos. As a\u00e7\u00f5es foram realizadas em parceria com a Central de Seguran\u00e7a de S\u00e3o Gon\u00e7alo (CSSG), da Secretaria de Meio Ambiente e Transportes, respons\u00e1vel pelas c\u00e2meras de monitoramento instaladas pela cidade.<\/p>\n\n\n\n<p>Apenas no m\u00eas de junho, foram realizadas 10 pris\u00f5es, sendo que nove pelo crime de furto, al\u00e9m de 24 condu\u00e7\u00f5es. As equipes, dos mais diversos grupamentos, atuam 24 horas por dia pela cidade.<\/p>\n\n\n\n<p>O n\u00famero de pris\u00f5es de 2025 j\u00e1 \u00e9 maior do que em 2024, quando foram feitas 64 pris\u00f5es durante todo o ano e, em 2023, quando foram efetuadas 26 pris\u00f5es.<\/p>\n\n\n\n<p>O grande destaque do m\u00eas vai para o dia em que a Guarda Municipal prendeu em flagrante tr\u00eas homens que realizaram furto de cabos na regi\u00e3o central do munic\u00edpio. A a\u00e7\u00e3o aconteceu no dia 15 de junho quando, durante o patrulhamento noturno, agentes da Equipe Bravo foram acionados ap\u00f3s o CSSG detectar, em tempo real, tr\u00eas suspeitos furtando cabos da via p\u00fablica.<\/p>\n\n\n\n<p>A equipe da Guarda Municipal, ent\u00e3o, montou um cerco t\u00e1tico e posicionou-se em locais estrat\u00e9gicos, aguardando o momento exato indicado pelo videomonitoramento para realizar a abordagem. Os agentes conseguiram realizar a pris\u00e3o em flagrante dos tr\u00eas homens, que estavam em posse de uma faca com aproximadamente 20 cent\u00edmetros de l\u00e2mina e cerca de 4 metros de fio.<\/p>\n\n\n\n<p>Ewerton Mendes, comandante da Guarda Municipal, destacou a import\u00e2ncia das a\u00e7\u00f5es realizadas de forma inteligente e r\u00e1pida.<\/p>\n\n\n\n<p>&#8220;A Guarda Municipal de S\u00e3o Gon\u00e7alo vem mostrando com n\u00fameros o quanto est\u00e1 empenhada rotineiramente para combater os crimes no munic\u00edpio. Neste m\u00eas de junho, realizamos nove pris\u00f5es por furtos e um ligado \u00e0 viol\u00eancia dom\u00e9stica, reafirmando o empenho da Guarda quando se fala em crimes como esses&#8221;, disse o comandante.<\/p>\n\n\n\n<p>Al\u00e9m disso, Ewerton ressaltou a import\u00e2ncia do cuidado com os gon\u00e7alenses e da integra\u00e7\u00e3o.<\/p>\n\n\n\n<p>&#8220;Realizamos tamb\u00e9m condu\u00e7\u00f5es ligadas a tentativas de furtos, apreendendo os suspeitos antes de o delito ser conclu\u00eddo; e fizemos condu\u00e7\u00f5es contra atitudes suspeitas, poss\u00edveis amea\u00e7as e outras. A Guarda atua tanto em flagrantes quanto de forma preventiva, nos mais diversos delitos, reafirmando seu papel essencial de prote\u00e7\u00e3o social e cuidado com os mun\u00edcipes. A corpora\u00e7\u00e3o tamb\u00e9m atua de forma integrada com as demais for\u00e7a de seguran\u00e7a do munic\u00edpio&#8221;, afirmou Everton.<\/p>\n\n\n\n<p><em>Foto: Julio Diniz<\/em><\/p>\n\n\n\n<p><strong><em>Fa\u00e7a sua den\u00fancia pelo nosso WhatsApp: (21) <\/em><\/strong><strong><em>99744 5345<\/em><\/strong><strong><em><\/em><\/strong><\/p>\n\n\n\n<p><strong><em>S\u00e3o Gon\u00e7alo vai mudar: Not\u00edcias de S\u00e3o Gon\u00e7alo e toda regi\u00e3o.<\/em><\/strong><\/p>\n\n\n\n<figure class=\"wp-block-image size-large\"><img fetchpriority=\"high\" decoding=\"async\" width=\"722\" height=\"1024\" src=\"https:\/\/sgvaimudar.com.br\/wp-content\/uploads\/2023\/10\/Anuncie-aqui-a5-1-722x1024.png\" alt=\"\" class=\"wp-image-3627\" srcset=\"https:\/\/sgvaimudar.com.br\/wp-content\/uploads\/2023\/10\/Anuncie-aqui-a5-1-722x1024.png 722w, https:\/\/sgvaimudar.com.br\/wp-content\/uploads\/2023\/10\/Anuncie-aqui-a5-1-212x300.png 212w, https:\/\/sgvaimudar.com.br\/wp-content\/uploads\/2023\/10\/Anuncie-aqui-a5-1-768x1089.png 768w, https:\/\/sgvaimudar.com.br\/wp-content\/uploads\/2023\/10\/Anuncie-aqui-a5-1-1083x1536.png 1083w, https:\/\/sgvaimudar.com.br\/wp-content\/uploads\/2023\/10\/Anuncie-aqui-a5-1-1444x2048.png 1444w, https:\/\/sgvaimudar.com.br\/wp-content\/uploads\/2023\/10\/Anuncie-aqui-a5-1.png 1750w\" sizes=\"(max-width: 722px) 100vw, 722px\" \/><\/figure>\n","protected":false},"excerpt":{"rendered":"<p>Maioria das ocorr\u00eancias partiu do monitoramento da Central de Seguran\u00e7a de S\u00e3o Gon\u00e7alo A Guarda Municipal de S\u00e3o Gon\u00e7alo realizou,&hellip;<\/p>\n","protected":false},"author":5,"featured_media":27413,"comment_status":"open","ping_status":"open","sticky":false,"template":"","format":"standard","meta":{"fifu_image_url":"","fifu_image_alt":"","footnotes":""},"categories":[32],"tags":[39,41,40,47,75],"class_list":["post-27412","post","type-post","status-publish","format-standard","has-post-thumbnail","hentry","category-casos-de-policia","tag-ataque","tag-conflito","tag-guerra","tag-rj","tag-sao-goncalo"],"_links":{"self":[{"href":"https:\/\/sgvaimudar.com.br\/index.php\/wp-json\/wp\/v2\/posts\/27412","targetHints":{"allow":["GET"]}}],"collection":[{"href":"https:\/\/sgvaimudar.com.br\/index.php\/wp-json\/wp\/v2\/posts"}],"about":[{"href":"https:\/\/sgvaimudar.com.br\/index.php\/wp-json\/wp\/v2\/types\/post"}],"author":[{"embeddable":true,"href":"https:\/\/sgvaimudar.com.br\/index.php\/wp-json\/wp\/v2\/users\/5"}],"replies":[{"embeddable":true,"href":"https:\/\/sgvaimudar.com.br\/index.php\/wp-json\/wp\/v2\/comments?post=27412"}],"version-history":[{"count":2,"href":"https:\/\/sgvaimudar.com.br\/index.php\/wp-json\/wp\/v2\/posts\/27412\/revisions"}],"predecessor-version":[{"id":27416,"href":"https:\/\/sgvaimudar.com.br\/index.php\/wp-json\/wp\/v2\/posts\/27412\/revisions\/27416"}],"wp:featuredmedia":[{"embeddable":true,"href":"https:\/\/sgvaimudar.com.br\/index.php\/wp-json\/wp\/v2\/media\/27413"}],"wp:attachment":[{"href":"https:\/\/sgvaimudar.com.br\/index.php\/wp-json\/wp\/v2\/media?parent=27412"}],"wp:term":[{"taxonomy":"category","embeddable":true,"href":"https:\/\/sgvaimudar.com.br\/index.php\/wp-json\/wp\/v2\/categories?post=27412"},{"taxonomy":"post_tag","embeddable":true,"href":"https:\/\/sgvaimudar.com.br\/index.php\/wp-json\/wp\/v2\/tags?post=27412"}],"curies":[{"name":"wp","href":"https:\/\/api.w.org\/{rel}","templated":true}]}}