{"id":27409,"date":"2025-07-03T06:47:46","date_gmt":"2025-07-03T09:47:46","guid":{"rendered":"https:\/\/sgvaimudar.com.br\/?p=27409"},"modified":"2025-07-03T07:04:24","modified_gmt":"2025-07-03T10:04:24","slug":"diogo-jota-atacante-do-liverpool-morre-em-acidente-de-carro","status":"publish","type":"post","link":"https:\/\/sgvaimudar.com.br\/index.php\/2025\/07\/03\/diogo-jota-atacante-do-liverpool-morre-em-acidente-de-carro\/","title":{"rendered":"Diogo Jota, atacante do Liverpool, morre em acidente de carro"},"content":{"rendered":"\n<p>Jogador de 28 anos e o irm\u00e3o foram v\u00edtimas do acidente, na Espanha<\/p>\n\n\n\n<p>Diogo Jota, atacante do Liverpool e da sele\u00e7\u00e3o portuguesa, morreu em um acidente de carro na Espanha, nesta quinta-feira (3). A informa\u00e7\u00e3o foi confirmada pela sele\u00e7\u00e3o de Portugal.<\/p>\n\n\n\n<p>Segundo o Corpo de Bombeiros de Zamora, regi\u00e3o a 250 quil\u00f4metros da capital Madrid, o jogador de 28 anos estava acompanhado do irm\u00e3o, de 26 anos, que tamb\u00e9m morreu no local.<\/p>\n\n\n\n<p>Segundo testemunhas, ap\u00f3s o acidente pr\u00f3ximo a cidade de Palacios de Sanabria, o ve\u00edculo pegou fogo. O&nbsp;<a href=\"https:\/\/www.cnnbrasil.com.br\/esportes\/futebol\/futebol-internacional\/futebol-alemao\/ex-liverpool-e-borussia-jurgen-klopp-detona-mundial-pior-ideia\/\">Liverpool<\/a>&nbsp;ainda n\u00e3o se manifestou sobre a morte do atleta. Diogo Jota era casado e pai de tr\u00eas filhos.<\/p>\n\n\n\n<p>Nascido em 1996 em Porto, Diogo Jota foi revelado pelo Pa\u00e7os de Ferreira. Entre 2016 e 2018, o&nbsp;<a href=\"https:\/\/www.cnnbrasil.com.br\/esportes\/futebol\/futebol-internacional\/futebol-ingles\/mundial-craque-do-liverpool-diz-que-sul-americanos-nao-tem-chances-de-titulo\/\">jogador<\/a>&nbsp;atuou pelo Atl\u00e9tico de Madrid, da Espanha.&nbsp;Durante os anos de 2018 a 2020, ele jogou no Wolverhampton.<\/p>\n\n\n\n<p>O atacante estreou no Liverpool na temporada de 2020\/21 onde conquistou um Campeonato Ingl\u00eas, uma Copa da Inglaterra e duas Copas da Liga.<\/p>\n\n\n\n<p>Pela Sele\u00e7\u00e3o de Portugal, Jota esteve em 50 convoca\u00e7\u00f5es e marcou 14 gols.O atacante participou dos elencos campe\u00f5es da UEFA Nations League nos anos de 2019 e 2025 e disputou as edi\u00e7\u00f5es de 2021 e 2025 da Eurocopa.<\/p>\n\n\n\n<p>A sele\u00e7\u00e3o de Portugal emitiu a seguinte nota: <\/p>\n\n\n\n<p><em>A Federa\u00e7\u00e3o Portuguesa de Futebol e todo o Futebol portugu\u00eas est\u00e3o completamente devastados com a morte de Diogo Jota e do seu irm\u00e3o Andr\u00e9 Silva, esta madrugada, em Espanha.<\/em><\/p>\n\n\n\n<p><em>Muito mais do que o fant\u00e1stico jogador, com quase 50 internacionaliza\u00e7\u00f5es pela Sele\u00e7\u00e3o Nacional A, Diogo Jota era uma extraordin\u00e1ria pessoa, respeitado por todos os colegas e advers\u00e1rios, algu\u00e9m com uma alegria contagiante e refer\u00eancia na pr\u00f3pria comunidade.<\/em><\/p>\n\n\n\n<p><em>A Federa\u00e7\u00e3o Portuguesa de Futebol exprime as mais sentidas condol\u00eancias \u00e0 fam\u00edlia e aos amigos de Diogo e de Andr\u00e9 Silva, assim como ao Liverpool FC e FC Penafiel, os clubes onde, respetivamente, alinhavam os jogadores.<\/em><\/p>\n\n\n\n<p><em>A Federa\u00e7\u00e3o Portuguesa de Futebol j\u00e1 solicitou \u00e0 UEFA um minuto de sil\u00eancio, esta quinta-feira, antes da partida da nossa Sele\u00e7\u00e3o com a Espanha, no Europeu feminino.<\/em><\/p>\n\n\n\n<p><em>Perdemos dois campe\u00f5es. O desaparecimento de Diogo e de Andr\u00e9 Silva representam perdas irrepar\u00e1veis para o Futebol Portugu\u00eas e tudo faremos para, diariamente, honrar o seu legado.<\/em><\/p>\n\n\n\n<p><strong><em>S\u00e3o Gon\u00e7alo vai mudar: Not\u00edcias de S\u00e3o Gon\u00e7alo e toda regi\u00e3o.<\/em><\/strong><\/p>\n\n\n\n<figure class=\"wp-block-image size-large\"><img fetchpriority=\"high\" decoding=\"async\" width=\"1024\" height=\"252\" src=\"https:\/\/sgvaimudar.com.br\/wp-content\/uploads\/2025\/03\/Anuncie-Aqui-Sao-Goncalo-vai-mudar-1024x252.jpg\" alt=\"\" class=\"wp-image-22693\" srcset=\"https:\/\/sgvaimudar.com.br\/wp-content\/uploads\/2025\/03\/Anuncie-Aqui-Sao-Goncalo-vai-mudar-1024x252.jpg 1024w, https:\/\/sgvaimudar.com.br\/wp-content\/uploads\/2025\/03\/Anuncie-Aqui-Sao-Goncalo-vai-mudar-300x74.jpg 300w, https:\/\/sgvaimudar.com.br\/wp-content\/uploads\/2025\/03\/Anuncie-Aqui-Sao-Goncalo-vai-mudar-768x189.jpg 768w, https:\/\/sgvaimudar.com.br\/wp-content\/uploads\/2025\/03\/Anuncie-Aqui-Sao-Goncalo-vai-mudar-1536x378.jpg 1536w, https:\/\/sgvaimudar.com.br\/wp-content\/uploads\/2025\/03\/Anuncie-Aqui-Sao-Goncalo-vai-mudar-2048x504.jpg 2048w\" sizes=\"(max-width: 1024px) 100vw, 1024px\" \/><\/figure>\n","protected":false},"excerpt":{"rendered":"<p>Jogador de 28 anos e o irm\u00e3o foram v\u00edtimas do acidente, na Espanha Diogo Jota, atacante do Liverpool e da&hellip;<\/p>\n","protected":false},"author":5,"featured_media":27410,"comment_status":"open","ping_status":"open","sticky":false,"template":"","format":"standard","meta":{"fifu_image_url":"","fifu_image_alt":"","footnotes":""},"categories":[5],"tags":[],"class_list":["post-27409","post","type-post","status-publish","format-standard","has-post-thumbnail","hentry","category-esportes"],"_links":{"self":[{"href":"https:\/\/sgvaimudar.com.br\/index.php\/wp-json\/wp\/v2\/posts\/27409","targetHints":{"allow":["GET"]}}],"collection":[{"href":"https:\/\/sgvaimudar.com.br\/index.php\/wp-json\/wp\/v2\/posts"}],"about":[{"href":"https:\/\/sgvaimudar.com.br\/index.php\/wp-json\/wp\/v2\/types\/post"}],"author":[{"embeddable":true,"href":"https:\/\/sgvaimudar.com.br\/index.php\/wp-json\/wp\/v2\/users\/5"}],"replies":[{"embeddable":true,"href":"https:\/\/sgvaimudar.com.br\/index.php\/wp-json\/wp\/v2\/comments?post=27409"}],"version-history":[{"count":2,"href":"https:\/\/sgvaimudar.com.br\/index.php\/wp-json\/wp\/v2\/posts\/27409\/revisions"}],"predecessor-version":[{"id":27418,"href":"https:\/\/sgvaimudar.com.br\/index.php\/wp-json\/wp\/v2\/posts\/27409\/revisions\/27418"}],"wp:featuredmedia":[{"embeddable":true,"href":"https:\/\/sgvaimudar.com.br\/index.php\/wp-json\/wp\/v2\/media\/27410"}],"wp:attachment":[{"href":"https:\/\/sgvaimudar.com.br\/index.php\/wp-json\/wp\/v2\/media?parent=27409"}],"wp:term":[{"taxonomy":"category","embeddable":true,"href":"https:\/\/sgvaimudar.com.br\/index.php\/wp-json\/wp\/v2\/categories?post=27409"},{"taxonomy":"post_tag","embeddable":true,"href":"https:\/\/sgvaimudar.com.br\/index.php\/wp-json\/wp\/v2\/tags?post=27409"}],"curies":[{"name":"wp","href":"https:\/\/api.w.org\/{rel}","templated":true}]}}