{"id":27402,"date":"2025-07-02T09:59:00","date_gmt":"2025-07-02T12:59:00","guid":{"rendered":"https:\/\/sgvaimudar.com.br\/?p=27402"},"modified":"2025-07-02T09:52:12","modified_gmt":"2025-07-02T12:52:12","slug":"sao-goncalo-interdita-estabelecimentos-comerciais-suspeitos-de-receptacao","status":"publish","type":"post","link":"https:\/\/sgvaimudar.com.br\/index.php\/2025\/07\/02\/sao-goncalo-interdita-estabelecimentos-comerciais-suspeitos-de-receptacao\/","title":{"rendered":"S\u00e3o Gon\u00e7alo interdita estabelecimentos comerciais suspeitos de recepta\u00e7\u00e3o"},"content":{"rendered":"\n<p><em>Opera\u00e7\u00e3o conjunta com a Policia Civil aconteceu nesta ter\u00e7a-feira<\/em><\/p>\n\n\n\n<p>Agentes da Subsecretaria de Fiscaliza\u00e7\u00e3o de Posturas da Prefeitura de S\u00e3o Gon\u00e7alo interditaram cinco estabelecimentos comerciais em opera\u00e7\u00e3o conjunta com a Pol\u00edcia Civil, nesta ter\u00e7a-feira. Duas pessoas foram presas por recepta\u00e7\u00e3o de aparelhos de celular. Dezenas de aparelhos foram apreendidos ao longo do dia.<\/p>\n\n\n\n<p>As a\u00e7\u00f5es foram feitas ap\u00f3s investiga\u00e7\u00f5es desencadeadas pela Opera\u00e7\u00e3o Rastreio, da Pol\u00edcia Civil, que tem como objetivo combater roubo, furto e recepta\u00e7\u00e3o de aparelhos de telefone celular. As equipes da Subsecretaria de Posturas atuaram em conjunto, com o objetivo de combater com\u00e9rcios irregulares de telefones celulares.<\/p>\n\n\n\n<figure class=\"wp-block-image size-large\"><img fetchpriority=\"high\" decoding=\"async\" width=\"1024\" height=\"683\" src=\"https:\/\/sgvaimudar.com.br\/wp-content\/uploads\/2025\/07\/unnamed-1-1-1024x683.jpg\" alt=\"\" class=\"wp-image-27403\" srcset=\"https:\/\/sgvaimudar.com.br\/wp-content\/uploads\/2025\/07\/unnamed-1-1-1024x683.jpg 1024w, https:\/\/sgvaimudar.com.br\/wp-content\/uploads\/2025\/07\/unnamed-1-1-300x200.jpg 300w, https:\/\/sgvaimudar.com.br\/wp-content\/uploads\/2025\/07\/unnamed-1-1-768x512.jpg 768w, https:\/\/sgvaimudar.com.br\/wp-content\/uploads\/2025\/07\/unnamed-1-1-1536x1024.jpg 1536w, https:\/\/sgvaimudar.com.br\/wp-content\/uploads\/2025\/07\/unnamed-1-1.jpg 1620w\" sizes=\"(max-width: 1024px) 100vw, 1024px\" \/><\/figure>\n\n\n\n<p>Na parte da manh\u00e3, juntamente com policiais da 74\u00aa DP (Alc\u00e2ntara), foram averiguados 16 estabelecimentos comerciais e quatro boxes de com\u00e9rcio de ambulantes no Alc\u00e2ntara. Dessas, duas lojas foram interditadas e dezenas de celulares foram apreendidos.<\/p>\n\n\n\n<p>Na parte da tarde, juntamente com policiais da 73\u00aa DP (Neves), foram averiguados tr\u00eas estabelecimentos localizados em Neves, Gradim e Para\u00edso. Todos foram interditados; em dois deles, os donos foram presos por recepta\u00e7\u00e3o, j\u00e1 que possu\u00edam aparelhos de celulares furtados. Em Neves, o estabelecimento foi fechado por falta de alvar\u00e1 e teve os aparelhos recolhidos para averigua\u00e7\u00e3o.<\/p>\n\n\n\n<p>O subsecret\u00e1rio de Fiscaliza\u00e7\u00e3o de Posturas, Diego Manh\u00e3es, destacou a integra\u00e7\u00e3o da Prefeitura com as for\u00e7as de seguran\u00e7a.<\/p>\n\n\n\n<p>\u201cA Prefeitura de S\u00e3o Gon\u00e7alo refor\u00e7a sua atua\u00e7\u00e3o em conjunto com as for\u00e7as de seguran\u00e7a, colocando todo o aparato da fiscaliza\u00e7\u00e3o \u00e0 disposi\u00e7\u00e3o das autoridades para garantir a seguran\u00e7a da popula\u00e7\u00e3o. O empenho dos servidores \u00e9 fundamental para que a\u00e7\u00f5es como essa sejam bem-sucedidas. Conseguimos interditar estabelecimentos suspeitos; um deles n\u00e3o tinha sequer alvar\u00e1 de funcionamento. Combater a recepta\u00e7\u00e3o \u00e9 fundamental para reduzir a criminalidade nas ruas&#8221;, destacou.<\/p>\n\n\n\n<p><strong>Dia D\u201d da \u201cOpera\u00e7\u00e3o Rastreio\u201d<\/strong>&nbsp;&#8211; Al\u00e9m de S\u00e3o Gon\u00e7alo, outros 90 munic\u00edpios do Rio foram alvo das dilig\u00eancias da Pol\u00edcia Civil. Iniciada em 3 de maio, a Opera\u00e7\u00e3o Rastreio j\u00e1 \u00e9 a maior iniciativa do Estado contra a cadeia criminosa envolvida na subtra\u00e7\u00e3o e comercializa\u00e7\u00e3o dos dispositivos il\u00edcitos.<\/p>\n\n\n\n<p><em>Fotos: Fabio Guimar\u00e3es<\/em><\/p>\n\n\n\n<p><strong><em>Fa\u00e7a sua den\u00fancia pelo nosso WhatsApp: (21) <\/em><\/strong><strong><em>99744 5345<\/em><\/strong><strong><em><\/em><\/strong><\/p>\n\n\n\n<p><strong><em>S\u00e3o Gon\u00e7alo vai mudar: Not\u00edcias de S\u00e3o Gon\u00e7alo e toda regi\u00e3o.<\/em><\/strong><\/p>\n\n\n\n<figure class=\"wp-block-image size-large\"><img decoding=\"async\" width=\"1024\" height=\"252\" src=\"https:\/\/sgvaimudar.com.br\/wp-content\/uploads\/2025\/03\/Anuncie-Aqui-Sao-Goncalo-vai-mudar-1024x252.jpg\" alt=\"\" class=\"wp-image-22693\" srcset=\"https:\/\/sgvaimudar.com.br\/wp-content\/uploads\/2025\/03\/Anuncie-Aqui-Sao-Goncalo-vai-mudar-1024x252.jpg 1024w, https:\/\/sgvaimudar.com.br\/wp-content\/uploads\/2025\/03\/Anuncie-Aqui-Sao-Goncalo-vai-mudar-300x74.jpg 300w, https:\/\/sgvaimudar.com.br\/wp-content\/uploads\/2025\/03\/Anuncie-Aqui-Sao-Goncalo-vai-mudar-768x189.jpg 768w, https:\/\/sgvaimudar.com.br\/wp-content\/uploads\/2025\/03\/Anuncie-Aqui-Sao-Goncalo-vai-mudar-1536x378.jpg 1536w, https:\/\/sgvaimudar.com.br\/wp-content\/uploads\/2025\/03\/Anuncie-Aqui-Sao-Goncalo-vai-mudar-2048x504.jpg 2048w\" sizes=\"(max-width: 1024px) 100vw, 1024px\" \/><\/figure>\n","protected":false},"excerpt":{"rendered":"<p>Opera\u00e7\u00e3o conjunta com a Policia Civil aconteceu nesta ter\u00e7a-feira Agentes da Subsecretaria de Fiscaliza\u00e7\u00e3o de Posturas da Prefeitura de S\u00e3o&hellip;<\/p>\n","protected":false},"author":5,"featured_media":27404,"comment_status":"open","ping_status":"open","sticky":false,"template":"","format":"standard","meta":{"fifu_image_url":"","fifu_image_alt":"","footnotes":""},"categories":[32],"tags":[39,47,75],"class_list":["post-27402","post","type-post","status-publish","format-standard","has-post-thumbnail","hentry","category-casos-de-policia","tag-ataque","tag-rj","tag-sao-goncalo"],"_links":{"self":[{"href":"https:\/\/sgvaimudar.com.br\/index.php\/wp-json\/wp\/v2\/posts\/27402","targetHints":{"allow":["GET"]}}],"collection":[{"href":"https:\/\/sgvaimudar.com.br\/index.php\/wp-json\/wp\/v2\/posts"}],"about":[{"href":"https:\/\/sgvaimudar.com.br\/index.php\/wp-json\/wp\/v2\/types\/post"}],"author":[{"embeddable":true,"href":"https:\/\/sgvaimudar.com.br\/index.php\/wp-json\/wp\/v2\/users\/5"}],"replies":[{"embeddable":true,"href":"https:\/\/sgvaimudar.com.br\/index.php\/wp-json\/wp\/v2\/comments?post=27402"}],"version-history":[{"count":1,"href":"https:\/\/sgvaimudar.com.br\/index.php\/wp-json\/wp\/v2\/posts\/27402\/revisions"}],"predecessor-version":[{"id":27405,"href":"https:\/\/sgvaimudar.com.br\/index.php\/wp-json\/wp\/v2\/posts\/27402\/revisions\/27405"}],"wp:featuredmedia":[{"embeddable":true,"href":"https:\/\/sgvaimudar.com.br\/index.php\/wp-json\/wp\/v2\/media\/27404"}],"wp:attachment":[{"href":"https:\/\/sgvaimudar.com.br\/index.php\/wp-json\/wp\/v2\/media?parent=27402"}],"wp:term":[{"taxonomy":"category","embeddable":true,"href":"https:\/\/sgvaimudar.com.br\/index.php\/wp-json\/wp\/v2\/categories?post=27402"},{"taxonomy":"post_tag","embeddable":true,"href":"https:\/\/sgvaimudar.com.br\/index.php\/wp-json\/wp\/v2\/tags?post=27402"}],"curies":[{"name":"wp","href":"https:\/\/api.w.org\/{rel}","templated":true}]}}