{"id":27393,"date":"2025-07-02T17:00:00","date_gmt":"2025-07-02T20:00:00","guid":{"rendered":"https:\/\/sgvaimudar.com.br\/?p=27393"},"modified":"2025-07-02T09:36:48","modified_gmt":"2025-07-02T12:36:48","slug":"cdl-niteroi-comemora-a-primeira-edicao-do-premio-merito-lojista","status":"publish","type":"post","link":"https:\/\/sgvaimudar.com.br\/index.php\/2025\/07\/02\/cdl-niteroi-comemora-a-primeira-edicao-do-premio-merito-lojista\/","title":{"rendered":"CDL Niter\u00f3i comemora a primeira edi\u00e7\u00e3o do Pr\u00eamio M\u00e9rito Lojista"},"content":{"rendered":"\n<p><em>A CDL Niter\u00f3i abriu uma vota\u00e7\u00e3o p\u00fablica para eleger os melhores comerciantes e lojistas da cidade<\/em><\/p>\n\n\n\n<p>A C\u00e2mara dos Dirigentes Lojistas de Niter\u00f3i deu in\u00edcio \u00e0 primeira edi\u00e7\u00e3o do Pr\u00eamio M\u00e9rito Lojista, uma iniciativa que promete movimentar o com\u00e9rcio local ao destacar os estabelecimentos mais bem avaliados pela popula\u00e7\u00e3o. <\/p>\n\n\n\n<p>A vota\u00e7\u00e3o popular j\u00e1 est\u00e1 aberta desde o dia 17 de junho e segue at\u00e9 a v\u00e9spera da premia\u00e7\u00e3o, que acontece no pr\u00f3ximo dia 16, durante a comemora\u00e7\u00e3o pelos 67 anos da CDL e o Dia do Comerciante. <\/p>\n\n\n\n<figure class=\"wp-block-image size-large\"><img fetchpriority=\"high\" decoding=\"async\" width=\"724\" height=\"1024\" src=\"https:\/\/sgvaimudar.com.br\/wp-content\/uploads\/2025\/07\/WhatsApp-Image-2025-06-30-at-17.29.46-724x1024.jpeg\" alt=\"\" class=\"wp-image-27397\" srcset=\"https:\/\/sgvaimudar.com.br\/wp-content\/uploads\/2025\/07\/WhatsApp-Image-2025-06-30-at-17.29.46-724x1024.jpeg 724w, https:\/\/sgvaimudar.com.br\/wp-content\/uploads\/2025\/07\/WhatsApp-Image-2025-06-30-at-17.29.46-212x300.jpeg 212w, https:\/\/sgvaimudar.com.br\/wp-content\/uploads\/2025\/07\/WhatsApp-Image-2025-06-30-at-17.29.46-768x1086.jpeg 768w, https:\/\/sgvaimudar.com.br\/wp-content\/uploads\/2025\/07\/WhatsApp-Image-2025-06-30-at-17.29.46-1086x1536.jpeg 1086w, https:\/\/sgvaimudar.com.br\/wp-content\/uploads\/2025\/07\/WhatsApp-Image-2025-06-30-at-17.29.46.jpeg 1131w\" sizes=\"(max-width: 724px) 100vw, 724px\" \/><\/figure>\n\n\n\n<p>Ao todo, 12 empresas de diferentes segmentos disputam o t\u00edtulo de &#8220;melhor do com\u00e9rcio de Niter\u00f3i&#8221;, com base em crit\u00e9rios como qualidade dos produtos ou servi\u00e7os, atendimento ao cliente e reputa\u00e7\u00e3o local.<\/p>\n\n\n\n<figure class=\"wp-block-image size-large\"><img decoding=\"async\" width=\"774\" height=\"1024\" src=\"https:\/\/sgvaimudar.com.br\/wp-content\/uploads\/2025\/07\/WhatsApp-Image-2025-06-30-at-17.47.15-1-774x1024.jpeg\" alt=\"\" class=\"wp-image-27395\" srcset=\"https:\/\/sgvaimudar.com.br\/wp-content\/uploads\/2025\/07\/WhatsApp-Image-2025-06-30-at-17.47.15-1-774x1024.jpeg 774w, https:\/\/sgvaimudar.com.br\/wp-content\/uploads\/2025\/07\/WhatsApp-Image-2025-06-30-at-17.47.15-1-227x300.jpeg 227w, https:\/\/sgvaimudar.com.br\/wp-content\/uploads\/2025\/07\/WhatsApp-Image-2025-06-30-at-17.47.15-1-768x1017.jpeg 768w, https:\/\/sgvaimudar.com.br\/wp-content\/uploads\/2025\/07\/WhatsApp-Image-2025-06-30-at-17.47.15-1.jpeg 1115w\" sizes=\"(max-width: 774px) 100vw, 774px\" \/><\/figure>\n\n\n\n<p>De acordo com o presidente da CDL Niter\u00f3i, Luiz Vieira, o pr\u00eamio tem como objetivo valorizar os empreendedores que impulsionam a economia da cidade. \u201cO objetivo principal da campanha \u00e9 a valoriza\u00e7\u00e3o de empresas de com\u00e9rcio e servi\u00e7os locais mostrando para a cidade quem s\u00e3o os melhores, segundo uma vota\u00e7\u00e3o popular&#8221;, disse o presidente da CDL.<\/p>\n\n\n\n<p>Ainda segundo Vieira, as empresas que n\u00e3o forem premiadas tamb\u00e9m saem ganhando. Isso porque o Sebrae oferecer\u00e1 uma consultoria gratuita ap\u00f3s o evento, com o objetivo de orientar os participantes sobre como melhorar sua performance para futuras edi\u00e7\u00f5es da premia\u00e7\u00e3o.<\/p>\n\n\n\n<p>A cerim\u00f4nia de lan\u00e7amento do Pr\u00eamio M\u00e9rito Lojista ser\u00e1 realizada na sede da CDL, com a presen\u00e7a de autoridades locais, empres\u00e1rios e convidados especiais. O evento contar\u00e1 com coquetel e palestras. A iniciativa conta com o apoio de grandes parceiros como o Sebrae, WFibra e Sicoob, que ir\u00e3o colaborar com programas de capacita\u00e7\u00e3o e suporte t\u00e9cnico para os participantes.<\/p>\n\n\n\n<figure class=\"wp-block-image size-large\"><img decoding=\"async\" width=\"838\" height=\"1024\" src=\"https:\/\/sgvaimudar.com.br\/wp-content\/uploads\/2025\/07\/WhatsApp-Image-2025-06-30-at-17.47.15-838x1024.jpeg\" alt=\"\" class=\"wp-image-27396\" srcset=\"https:\/\/sgvaimudar.com.br\/wp-content\/uploads\/2025\/07\/WhatsApp-Image-2025-06-30-at-17.47.15-838x1024.jpeg 838w, https:\/\/sgvaimudar.com.br\/wp-content\/uploads\/2025\/07\/WhatsApp-Image-2025-06-30-at-17.47.15-245x300.jpeg 245w, https:\/\/sgvaimudar.com.br\/wp-content\/uploads\/2025\/07\/WhatsApp-Image-2025-06-30-at-17.47.15-768x939.jpeg 768w, https:\/\/sgvaimudar.com.br\/wp-content\/uploads\/2025\/07\/WhatsApp-Image-2025-06-30-at-17.47.15.jpeg 1047w\" sizes=\"(max-width: 838px) 100vw, 838px\" \/><\/figure>\n\n\n\n<p>A coordenadora do Sebrae Leste Fluminense, Juliana Marinonio, refor\u00e7ou que a premia\u00e7\u00e3o ser\u00e1 uma oportunidade para impulsionar a qualifica\u00e7\u00e3o do com\u00e9rcio, oferecer consultorias, treinamentos e eventos que ajudem os empres\u00e1rios locais a evolu\u00edrem em \u00e1reas como atendimento, gest\u00e3o financeira e relacionamento com os clientes.<\/p>\n\n\n\n<p>A superintendente de neg\u00f3cios do Sicoob Credicaf, Ana Am\u00e9lia Tuller, tamb\u00e9m celebrou a proposta. \u201cChegamos em 2022 \u00e0 cidade de Niter\u00f3i e a CDL logo nos acolheu por aqui. Agora \u00e9 nossa vez de retribuir somando para que iniciativas como esta aconte\u00e7am cada vez mais\u201d, afirmou. Ela ainda adiantou uma proposta de parceria com as empresas participantes com base nos modelos de cooperativismo nos servi\u00e7os financeiros.<\/p>\n\n\n\n<p>J\u00e1 o diretor da WFibra, Wilton Santos, e empres\u00e1rio da cidade, elogiou a iniciativa. \u201cSomos empresa de Niter\u00f3i e tamb\u00e9m parceiros da CDL. Iniciativas como estas aproximam empresas uma das outras, ampliando suas possibilidades de crescimento. Isso \u00e9 indispens\u00e1vel para que mais empreendedores avancem e juntos\u201d, destacou o diretor.<\/p>\n\n\n\n<h2 class=\"wp-block-heading\">Vota\u00e7\u00e3o<\/h2>\n\n\n\n<p>A apura\u00e7\u00e3o dos votos ser\u00e1 realizada no dia 14 de julho, com divulga\u00e7\u00e3o dos vencedores no dia 16, data em que tamb\u00e9m ser\u00e1 celebrado o Dia do Comerciante.<\/p>\n\n\n\n<p><strong><em>S\u00e3o Gon\u00e7alo vai mudar: Not\u00edcias de S\u00e3o Gon\u00e7alo e toda regi\u00e3o.<\/em><\/strong><\/p>\n\n\n\n<figure class=\"wp-block-image size-large\"><img loading=\"lazy\" decoding=\"async\" width=\"1024\" height=\"252\" src=\"https:\/\/sgvaimudar.com.br\/wp-content\/uploads\/2025\/03\/Anuncie-Aqui-Sao-Goncalo-vai-mudar-1024x252.jpg\" alt=\"\" class=\"wp-image-22693\" srcset=\"https:\/\/sgvaimudar.com.br\/wp-content\/uploads\/2025\/03\/Anuncie-Aqui-Sao-Goncalo-vai-mudar-1024x252.jpg 1024w, https:\/\/sgvaimudar.com.br\/wp-content\/uploads\/2025\/03\/Anuncie-Aqui-Sao-Goncalo-vai-mudar-300x74.jpg 300w, https:\/\/sgvaimudar.com.br\/wp-content\/uploads\/2025\/03\/Anuncie-Aqui-Sao-Goncalo-vai-mudar-768x189.jpg 768w, https:\/\/sgvaimudar.com.br\/wp-content\/uploads\/2025\/03\/Anuncie-Aqui-Sao-Goncalo-vai-mudar-1536x378.jpg 1536w, https:\/\/sgvaimudar.com.br\/wp-content\/uploads\/2025\/03\/Anuncie-Aqui-Sao-Goncalo-vai-mudar-2048x504.jpg 2048w\" sizes=\"(max-width: 1024px) 100vw, 1024px\" \/><\/figure>\n","protected":false},"excerpt":{"rendered":"<p>A CDL Niter\u00f3i abriu uma vota\u00e7\u00e3o p\u00fablica para eleger os melhores comerciantes e lojistas da cidade A C\u00e2mara dos Dirigentes&hellip;<\/p>\n","protected":false},"author":5,"featured_media":27394,"comment_status":"open","ping_status":"open","sticky":false,"template":"","format":"standard","meta":{"fifu_image_url":"","fifu_image_alt":"","footnotes":""},"categories":[34],"tags":[73],"class_list":["post-27393","post","type-post","status-publish","format-standard","has-post-thumbnail","hentry","category-niteroi","tag-votacao"],"_links":{"self":[{"href":"https:\/\/sgvaimudar.com.br\/index.php\/wp-json\/wp\/v2\/posts\/27393","targetHints":{"allow":["GET"]}}],"collection":[{"href":"https:\/\/sgvaimudar.com.br\/index.php\/wp-json\/wp\/v2\/posts"}],"about":[{"href":"https:\/\/sgvaimudar.com.br\/index.php\/wp-json\/wp\/v2\/types\/post"}],"author":[{"embeddable":true,"href":"https:\/\/sgvaimudar.com.br\/index.php\/wp-json\/wp\/v2\/users\/5"}],"replies":[{"embeddable":true,"href":"https:\/\/sgvaimudar.com.br\/index.php\/wp-json\/wp\/v2\/comments?post=27393"}],"version-history":[{"count":1,"href":"https:\/\/sgvaimudar.com.br\/index.php\/wp-json\/wp\/v2\/posts\/27393\/revisions"}],"predecessor-version":[{"id":27398,"href":"https:\/\/sgvaimudar.com.br\/index.php\/wp-json\/wp\/v2\/posts\/27393\/revisions\/27398"}],"wp:featuredmedia":[{"embeddable":true,"href":"https:\/\/sgvaimudar.com.br\/index.php\/wp-json\/wp\/v2\/media\/27394"}],"wp:attachment":[{"href":"https:\/\/sgvaimudar.com.br\/index.php\/wp-json\/wp\/v2\/media?parent=27393"}],"wp:term":[{"taxonomy":"category","embeddable":true,"href":"https:\/\/sgvaimudar.com.br\/index.php\/wp-json\/wp\/v2\/categories?post=27393"},{"taxonomy":"post_tag","embeddable":true,"href":"https:\/\/sgvaimudar.com.br\/index.php\/wp-json\/wp\/v2\/tags?post=27393"}],"curies":[{"name":"wp","href":"https:\/\/api.w.org\/{rel}","templated":true}]}}