{"id":27370,"date":"2025-07-02T10:00:00","date_gmt":"2025-07-02T13:00:00","guid":{"rendered":"https:\/\/sgvaimudar.com.br\/?p=27370"},"modified":"2025-07-02T08:36:29","modified_gmt":"2025-07-02T11:36:29","slug":"sao-goncalo-promove-mais-uma-edicao-da-festa-cultural-da-educacao","status":"publish","type":"post","link":"https:\/\/sgvaimudar.com.br\/index.php\/2025\/07\/02\/sao-goncalo-promove-mais-uma-edicao-da-festa-cultural-da-educacao\/","title":{"rendered":"S\u00e3o Gon\u00e7alo promove mais uma edi\u00e7\u00e3o da Festa Cultural da Educa\u00e7\u00e3o"},"content":{"rendered":"\n<p><em>Evento ser\u00e1 realizado no pr\u00f3ximo s\u00e1bado, em escola do Laranjal<\/em><\/p>\n\n\n\n<p>O Col\u00e9gio Municipal Esteph\u00e2nia de Carvalho, no Laranjal, vai ser palco de mais uma edi\u00e7\u00e3o da Festa Cultural da Educa\u00e7\u00e3o, neste s\u00e1bado (5), das 9h \u00e0s 16h. O evento, que \u00e9 aberto ao p\u00fablico, \u00e9 promovido pela Secretaria de Educa\u00e7\u00e3o da Prefeitura de S\u00e3o Gon\u00e7alo e vai contar com 37 apresenta\u00e7\u00f5es de dan\u00e7a realizadas por alunos de escolas municipais e 35 barracas com comidas e brincadeiras t\u00edpicas.<\/p>\n\n\n\n<p>A abertura ser\u00e1 marcada pela apresenta\u00e7\u00e3o da banda do Col\u00e9gio Municipal Esteph\u00e2nia de Carvalho e ter\u00e1 participa\u00e7\u00e3o especial da Quadrilha Bal\u00e3o Dourado. Ao todo, 48 escolas da rede municipal e quatro creches conveniadas participar\u00e3o do evento que, nesta edi\u00e7\u00e3o, tem o tema \u201cEncontro das Diferentes Culturas na Promo\u00e7\u00e3o da Paz\u201d.<\/p>\n\n\n\n<p>\u201c\u00c9 um momento muito esperado pela comunidade escolar, os alunos est\u00e3o ensaiando as dan\u00e7as para fazer uma grande festa. \u00c9 um evento para toda a fam\u00edlia, com barraquinhas de comidas t\u00edpicas e muitas brincadeiras para as crian\u00e7as. A rede municipal de S\u00e3o Gon\u00e7alo merece essa grande celebra\u00e7\u00e3o\u201d, disse o secret\u00e1rio de Educa\u00e7\u00e3o, Mauricio Nascimento.<\/p>\n\n\n\n<p><em>Foto: Ascom<\/em><\/p>\n\n\n\n<p><strong><em>S\u00e3o Gon\u00e7alo vai mudar: Not\u00edcias de S\u00e3o Gon\u00e7alo e toda regi\u00e3o.<\/em><\/strong><\/p>\n\n\n\n<figure class=\"wp-block-image size-large\"><img fetchpriority=\"high\" decoding=\"async\" width=\"1024\" height=\"252\" src=\"https:\/\/sgvaimudar.com.br\/wp-content\/uploads\/2025\/03\/Anuncie-Aqui-Sao-Goncalo-vai-mudar-1024x252.jpg\" alt=\"\" class=\"wp-image-22693\" srcset=\"https:\/\/sgvaimudar.com.br\/wp-content\/uploads\/2025\/03\/Anuncie-Aqui-Sao-Goncalo-vai-mudar-1024x252.jpg 1024w, https:\/\/sgvaimudar.com.br\/wp-content\/uploads\/2025\/03\/Anuncie-Aqui-Sao-Goncalo-vai-mudar-300x74.jpg 300w, https:\/\/sgvaimudar.com.br\/wp-content\/uploads\/2025\/03\/Anuncie-Aqui-Sao-Goncalo-vai-mudar-768x189.jpg 768w, https:\/\/sgvaimudar.com.br\/wp-content\/uploads\/2025\/03\/Anuncie-Aqui-Sao-Goncalo-vai-mudar-1536x378.jpg 1536w, https:\/\/sgvaimudar.com.br\/wp-content\/uploads\/2025\/03\/Anuncie-Aqui-Sao-Goncalo-vai-mudar-2048x504.jpg 2048w\" sizes=\"(max-width: 1024px) 100vw, 1024px\" \/><\/figure>\n","protected":false},"excerpt":{"rendered":"<p>Evento ser\u00e1 realizado no pr\u00f3ximo s\u00e1bado, em escola do Laranjal O Col\u00e9gio Municipal Esteph\u00e2nia de Carvalho, no Laranjal, vai ser&hellip;<\/p>\n","protected":false},"author":5,"featured_media":27371,"comment_status":"open","ping_status":"open","sticky":false,"template":"","format":"standard","meta":{"fifu_image_url":"","fifu_image_alt":"","footnotes":""},"categories":[6],"tags":[47,75],"class_list":["post-27370","post","type-post","status-publish","format-standard","has-post-thumbnail","hentry","category-entretenimento","tag-rj","tag-sao-goncalo"],"_links":{"self":[{"href":"https:\/\/sgvaimudar.com.br\/index.php\/wp-json\/wp\/v2\/posts\/27370","targetHints":{"allow":["GET"]}}],"collection":[{"href":"https:\/\/sgvaimudar.com.br\/index.php\/wp-json\/wp\/v2\/posts"}],"about":[{"href":"https:\/\/sgvaimudar.com.br\/index.php\/wp-json\/wp\/v2\/types\/post"}],"author":[{"embeddable":true,"href":"https:\/\/sgvaimudar.com.br\/index.php\/wp-json\/wp\/v2\/users\/5"}],"replies":[{"embeddable":true,"href":"https:\/\/sgvaimudar.com.br\/index.php\/wp-json\/wp\/v2\/comments?post=27370"}],"version-history":[{"count":1,"href":"https:\/\/sgvaimudar.com.br\/index.php\/wp-json\/wp\/v2\/posts\/27370\/revisions"}],"predecessor-version":[{"id":27372,"href":"https:\/\/sgvaimudar.com.br\/index.php\/wp-json\/wp\/v2\/posts\/27370\/revisions\/27372"}],"wp:featuredmedia":[{"embeddable":true,"href":"https:\/\/sgvaimudar.com.br\/index.php\/wp-json\/wp\/v2\/media\/27371"}],"wp:attachment":[{"href":"https:\/\/sgvaimudar.com.br\/index.php\/wp-json\/wp\/v2\/media?parent=27370"}],"wp:term":[{"taxonomy":"category","embeddable":true,"href":"https:\/\/sgvaimudar.com.br\/index.php\/wp-json\/wp\/v2\/categories?post=27370"},{"taxonomy":"post_tag","embeddable":true,"href":"https:\/\/sgvaimudar.com.br\/index.php\/wp-json\/wp\/v2\/tags?post=27370"}],"curies":[{"name":"wp","href":"https:\/\/api.w.org\/{rel}","templated":true}]}}