{"id":27366,"date":"2025-07-02T09:00:00","date_gmt":"2025-07-02T12:00:00","guid":{"rendered":"https:\/\/sgvaimudar.com.br\/?p=27366"},"modified":"2025-07-02T08:30:36","modified_gmt":"2025-07-02T11:30:36","slug":"sao-goncalo-inscreve-para-nova-capacitacao-da-vigilancia-sanitaria-no-dia-8","status":"publish","type":"post","link":"https:\/\/sgvaimudar.com.br\/index.php\/2025\/07\/02\/sao-goncalo-inscreve-para-nova-capacitacao-da-vigilancia-sanitaria-no-dia-8\/","title":{"rendered":"S\u00e3o Gon\u00e7alo inscreve para nova capacita\u00e7\u00e3o da Vigil\u00e2ncia Sanit\u00e1ria no dia 8"},"content":{"rendered":"\n<p><em>Pr\u00f3ximo evento acontece para estabelecimentos que atuam com est\u00e9tica&nbsp;&nbsp;<\/em><\/p>\n\n\n\n<p>As inscri\u00e7\u00f5es para a segunda capacita\u00e7\u00e3o para o p\u00fablico da Vigil\u00e2ncia Sanit\u00e1ria Municipal est\u00e3o abertas atrav\u00e9s do email\u00a0<a rel=\"noreferrer noopener\" href=\"mailto:vigilanciasanitaria@pmsg.rj.gov.br\" target=\"_blank\">vigilanciasanitaria@pmsg.rj.gov.br<\/a>. A orienta\u00e7\u00e3o ser\u00e1 para os respons\u00e1veis pelos estabelecimentos que trabalham com est\u00e9tica na cidade e vai acontecer no pr\u00f3ximo dia 8 de julho, das 9h \u00e0s 14h, no audit\u00f3rio da Secretaria de Sa\u00fade da Prefeitura de S\u00e3o Gon\u00e7alo, no Boavista.\u00a0<\/p>\n\n\n\n<figure class=\"wp-block-image size-large\"><img fetchpriority=\"high\" decoding=\"async\" width=\"819\" height=\"1024\" src=\"https:\/\/sgvaimudar.com.br\/wp-content\/uploads\/2025\/07\/unnamed-1-819x1024.jpg\" alt=\"\" class=\"wp-image-27367\" srcset=\"https:\/\/sgvaimudar.com.br\/wp-content\/uploads\/2025\/07\/unnamed-1-819x1024.jpg 819w, https:\/\/sgvaimudar.com.br\/wp-content\/uploads\/2025\/07\/unnamed-1-240x300.jpg 240w, https:\/\/sgvaimudar.com.br\/wp-content\/uploads\/2025\/07\/unnamed-1-768x960.jpg 768w, https:\/\/sgvaimudar.com.br\/wp-content\/uploads\/2025\/07\/unnamed-1.jpg 1024w\" sizes=\"(max-width: 819px) 100vw, 819px\" \/><\/figure>\n\n\n\n<p>Para as capacita\u00e7\u00f5es s\u00e3o oferecidas 42 vagas e as inscri\u00e7\u00f5es est\u00e3o sujeitas \u00e0 lota\u00e7\u00e3o do audit\u00f3rio. A palestra \u00e9 sobre as legisla\u00e7\u00f5es pertinentes a cada tipo de estabelecimento e as quest\u00f5es sanit\u00e1rias que devem ser observadas pelos profissionais no ambiente de trabalho para que consigam obter a licen\u00e7a sanit\u00e1ria de funcionamento. <\/p>\n\n\n\n<p>Os participantes receber\u00e3o o certificado emitido pelo N\u00facleo de Educa\u00e7\u00e3o Permanente em Sa\u00fade (Neps).<\/p>\n\n\n\n<p>Ap\u00f3s a est\u00e9tica, a pr\u00f3xima capacita\u00e7\u00e3o ser\u00e1 para as cl\u00ednicas m\u00e9dicas. E os interessados j\u00e1 podem fazer as inscri\u00e7\u00f5es atrav\u00e9s do mesmo email:&nbsp;<a href=\"mailto:vigilanciasanitaria@pmsg.rj.gov.br\" rel=\"noreferrer noopener\" target=\"_blank\">vigilanciasanitaria@pmsg.rj.gov.br<\/a>. Aqueles aptos para assistirem \u00e0 palestra receber\u00e3o um email de confirma\u00e7\u00e3o.&nbsp;<\/p>\n\n\n\n<p><strong>Palestras:<\/strong>&nbsp;&nbsp;&nbsp;&nbsp;&nbsp;<\/p>\n\n\n\n<p>8\/7 &#8211; Est\u00e9tica, das 9h \u00e0s 14h<\/p>\n\n\n\n<p>17\/7 &#8211; Cl\u00ednica M\u00e9dica, das 9h \u00e0s 14h&nbsp;<\/p>\n\n\n\n<p>12\/8 &#8211; ILPI, das 9h \u00e0s 17h&nbsp;<\/p>\n\n\n\n<p>21\/8 &#8211; MEI, das 9h \u00e0s 14h&nbsp;<\/p>\n\n\n\n<p>28\/8 &#8211; Academia, das 14h \u00e0s 17h&nbsp;<\/p>\n\n\n\n<p>16\/9 &#8211; Zoonoses, das 9h \u00e0s 14h&nbsp;<\/p>\n\n\n\n<p>10\/10 &#8211; Balan\u00e7o, das 9h \u00e0s 14h&nbsp;<\/p>\n\n\n\n<p>23\/10 &#8211; Documenta\u00e7\u00e3o, das 14h \u00e0s 17h&nbsp;<\/p>\n\n\n\n<p>24\/11 &#8211; Laborat\u00f3rio, das 9h \u00e0s 14h.<\/p>\n\n\n\n<p><strong><em>S\u00e3o Gon\u00e7alo vai mudar: Not\u00edcias de S\u00e3o Gon\u00e7alo e toda regi\u00e3o.<\/em><\/strong><\/p>\n\n\n\n<figure class=\"wp-block-image size-large\"><img decoding=\"async\" width=\"1024\" height=\"252\" src=\"https:\/\/sgvaimudar.com.br\/wp-content\/uploads\/2025\/03\/Anuncie-Aqui-Sao-Goncalo-vai-mudar-1024x252.jpg\" alt=\"\" class=\"wp-image-22693\" srcset=\"https:\/\/sgvaimudar.com.br\/wp-content\/uploads\/2025\/03\/Anuncie-Aqui-Sao-Goncalo-vai-mudar-1024x252.jpg 1024w, https:\/\/sgvaimudar.com.br\/wp-content\/uploads\/2025\/03\/Anuncie-Aqui-Sao-Goncalo-vai-mudar-300x74.jpg 300w, https:\/\/sgvaimudar.com.br\/wp-content\/uploads\/2025\/03\/Anuncie-Aqui-Sao-Goncalo-vai-mudar-768x189.jpg 768w, https:\/\/sgvaimudar.com.br\/wp-content\/uploads\/2025\/03\/Anuncie-Aqui-Sao-Goncalo-vai-mudar-1536x378.jpg 1536w, https:\/\/sgvaimudar.com.br\/wp-content\/uploads\/2025\/03\/Anuncie-Aqui-Sao-Goncalo-vai-mudar-2048x504.jpg 2048w\" sizes=\"(max-width: 1024px) 100vw, 1024px\" \/><\/figure>\n","protected":false},"excerpt":{"rendered":"<p>Pr\u00f3ximo evento acontece para estabelecimentos que atuam com est\u00e9tica&nbsp;&nbsp; As inscri\u00e7\u00f5es para a segunda capacita\u00e7\u00e3o para o p\u00fablico da Vigil\u00e2ncia&hellip;<\/p>\n","protected":false},"author":5,"featured_media":27368,"comment_status":"open","ping_status":"open","sticky":false,"template":"","format":"standard","meta":{"fifu_image_url":"","fifu_image_alt":"","footnotes":""},"categories":[7],"tags":[47,75],"class_list":["post-27366","post","type-post","status-publish","format-standard","has-post-thumbnail","hentry","category-saude","tag-rj","tag-sao-goncalo"],"_links":{"self":[{"href":"https:\/\/sgvaimudar.com.br\/index.php\/wp-json\/wp\/v2\/posts\/27366","targetHints":{"allow":["GET"]}}],"collection":[{"href":"https:\/\/sgvaimudar.com.br\/index.php\/wp-json\/wp\/v2\/posts"}],"about":[{"href":"https:\/\/sgvaimudar.com.br\/index.php\/wp-json\/wp\/v2\/types\/post"}],"author":[{"embeddable":true,"href":"https:\/\/sgvaimudar.com.br\/index.php\/wp-json\/wp\/v2\/users\/5"}],"replies":[{"embeddable":true,"href":"https:\/\/sgvaimudar.com.br\/index.php\/wp-json\/wp\/v2\/comments?post=27366"}],"version-history":[{"count":1,"href":"https:\/\/sgvaimudar.com.br\/index.php\/wp-json\/wp\/v2\/posts\/27366\/revisions"}],"predecessor-version":[{"id":27369,"href":"https:\/\/sgvaimudar.com.br\/index.php\/wp-json\/wp\/v2\/posts\/27366\/revisions\/27369"}],"wp:featuredmedia":[{"embeddable":true,"href":"https:\/\/sgvaimudar.com.br\/index.php\/wp-json\/wp\/v2\/media\/27368"}],"wp:attachment":[{"href":"https:\/\/sgvaimudar.com.br\/index.php\/wp-json\/wp\/v2\/media?parent=27366"}],"wp:term":[{"taxonomy":"category","embeddable":true,"href":"https:\/\/sgvaimudar.com.br\/index.php\/wp-json\/wp\/v2\/categories?post=27366"},{"taxonomy":"post_tag","embeddable":true,"href":"https:\/\/sgvaimudar.com.br\/index.php\/wp-json\/wp\/v2\/tags?post=27366"}],"curies":[{"name":"wp","href":"https:\/\/api.w.org\/{rel}","templated":true}]}}