{"id":27356,"date":"2025-07-02T07:36:14","date_gmt":"2025-07-02T10:36:14","guid":{"rendered":"https:\/\/sgvaimudar.com.br\/?p=27356"},"modified":"2025-07-02T07:36:14","modified_gmt":"2025-07-02T10:36:14","slug":"bcg-tem-maior-cobertura-vacinal-em-sao-goncalo-este-ano","status":"publish","type":"post","link":"https:\/\/sgvaimudar.com.br\/index.php\/2025\/07\/02\/bcg-tem-maior-cobertura-vacinal-em-sao-goncalo-este-ano\/","title":{"rendered":"BCG tem maior cobertura vacinal em S\u00e3o Gon\u00e7alo este ano"},"content":{"rendered":"\n<p><em>Secretaria de Sa\u00fade refor\u00e7a campanhas de conscientiza\u00e7\u00e3o\u00a0<\/em><\/p>\n\n\n\n<p>A vacina BCG (Bacillus Calmette-Gu\u00e9rin) tem a maior cobertura vacinal neste ano em S\u00e3o Gon\u00e7alo, alcan\u00e7ando 93,17% dos beb\u00eas at\u00e9 o dia 1\u00ba de abril deste ano. Os dados s\u00e3o do Departamento de Monitoramento, Avalia\u00e7\u00e3o e Dissemina\u00e7\u00e3o de Informa\u00e7\u00f5es Estrat\u00e9gicas em Sa\u00fade (Demas) do Minist\u00e9rio da Sa\u00fade. <\/p>\n\n\n\n<p>A amplia\u00e7\u00e3o da cobertura, que havia ca\u00eddo nos \u00faltimos anos, se deve \u00e0s constantes campanhas de conscientiza\u00e7\u00e3o realizadas pela Secretaria de Sa\u00fade da Prefeitura de S\u00e3o Gon\u00e7alo.\u00a0<\/p>\n\n\n\n<p>Considerada uma das vacinas mais importantes para o rec\u00e9m-nascido, a BCG protege contra os casos mais graves da tuberculose e tem um dia no ano para chamar de seu: 1\u00ba de julho. A data foi implantada para lembrar a sua import\u00e2ncia e estimular a vacina\u00e7\u00e3o, que tem dose \u00fanica e deve ser aplicada nos primeiros dias de vida ou at\u00e9 os 4 anos. Atualmente, a vacina est\u00e1 dispon\u00edvel em sete unidades de sa\u00fade de S\u00e3o Gon\u00e7alo.\u00a0\u00a0\u00a0\u00a0<\/p>\n\n\n\n<p>\u201cSempre refor\u00e7amos a import\u00e2ncia da imuniza\u00e7\u00e3o. E com a BCG n\u00e3o poderia ser diferente. Ela garante prote\u00e7\u00e3o contra formas graves da tuberculose, como a meningite tuberculosa e a tuberculose miliar (disseminada pelo corpo atrav\u00e9s da corrente sangu\u00ednea). Al\u00e9m disso, a vacina\u00e7\u00e3o ajuda a controlar a transmiss\u00e3o da doen\u00e7a na comunidade, protegendo n\u00e3o s\u00f3 quem recebe a vacina, mas tamb\u00e9m aqueles ao seu redor. Promovemos constantes a\u00e7\u00f5es de conscientiza\u00e7\u00e3o de sa\u00fade para ter uma sociedade mais saud\u00e1vel e segura\u201d, disse a subsecret\u00e1ria de Sa\u00fade Coletiva, Thain\u00e1 Fratane.<\/p>\n\n\n\n<p>Por ser uma doen\u00e7a infectocontagiosa,a tuberculose \u00e9 transmitida de pessoa para pessoa de forma direta pelo ar, por meio da tosse, espirro ou fala e materiais contaminados. Pessoas assintom\u00e1ticas tamb\u00e9m podem transmitir a doen\u00e7a. A tuberculose \u00e9 uma doen\u00e7a grave que afeta pulm\u00f5es, ossos, rins e meninges (membranas que envolvem o c\u00e9rebro). O principal sintoma \u00e9 a tosse, acompanhada de expectora\u00e7\u00e3o com sangue, falta de ar e febre.<\/p>\n\n\n\n<p><strong>Cicatriz<\/strong>\u00a0\u2013 Caracter\u00edstica da vacina \u00e9 a marca que ela deixa no bra\u00e7o direito do beb\u00ea, local onde ela \u00e9 aplicada. N\u00e3o se deve colocar nenhum produto, medicamento ou curativo sobre a cicatriz, que nada mais \u00e9 que a rea\u00e7\u00e3o do corpo \u00e0 vacina. \u00c9 aconselh\u00e1vel apenas a higieniza\u00e7\u00e3o com \u00e1gua e sab\u00e3o durante o banho e evitar atritos no local. A cicatriz come\u00e7a a aparecer, normalmente, duas semanas ap\u00f3s a aplica\u00e7\u00e3o do imunizante e \u00e9 a prova que a BCG est\u00e1 fazendo o efeito esperado.\u00a0<\/p>\n\n\n\n<p><strong>Confira onde vacinar os beb\u00eas\u00a0<\/strong>\u2013\u00a0<\/p>\n\n\n\n<p>Polo Sanit\u00e1rio Augusto Sena, Rio do Ouro&nbsp;<\/p>\n\n\n\n<p>Segunda e quarta, das 8h \u00e0s 12h<\/p>\n\n\n\n<p>Polo Sanit\u00e1rio H\u00e9lio Cruz, Alc\u00e2ntara<\/p>\n\n\n\n<p>Segunda, quarta e quinta, das 8h \u00e0s 12h<\/p>\n\n\n\n<p>Polo Sanit\u00e1rio Washington Luiz Lopes, Z\u00e9 Garoto<\/p>\n\n\n\n<p>De segunda a sexta, das 8h \u00e0s 12h&nbsp;<\/p>\n\n\n\n<p>Polo Sanit\u00e1rio Jorge Teixeira de Lima, Jardim Catarina&nbsp;<\/p>\n\n\n\n<p>Quarta, das 14h \u00e0s 16h30<\/p>\n\n\n\n<p>Polo Sanit\u00e1rio Paulo Marques Rangel, Porto do Rosa<\/p>\n\n\n\n<p>Quarta, das 8h \u00e0s 12h<\/p>\n\n\n\n<p>Cl\u00ednica Municipal Dr. Zerbini, Arsenal<\/p>\n\n\n\n<p>Ter\u00e7a, das 8h \u00e0s 11h&nbsp;<\/p>\n\n\n\n<p>Cl\u00ednica Municipal Gon\u00e7alense do Mutondo<\/p>\n\n\n\n<p>Quinta, das 8h \u00e0s 11h<\/p>\n\n\n\n<p><em>Foto: Lucas Alvarenga<\/em><\/p>\n\n\n\n<p><strong><em>S\u00e3o Gon\u00e7alo vai mudar: Not\u00edcias de S\u00e3o Gon\u00e7alo e toda regi\u00e3o.<\/em><\/strong><\/p>\n\n\n\n<figure class=\"wp-block-image size-large\"><img fetchpriority=\"high\" decoding=\"async\" width=\"1024\" height=\"252\" src=\"https:\/\/sgvaimudar.com.br\/wp-content\/uploads\/2025\/03\/Anuncie-Aqui-Sao-Goncalo-vai-mudar-1024x252.jpg\" alt=\"\" class=\"wp-image-22693\" srcset=\"https:\/\/sgvaimudar.com.br\/wp-content\/uploads\/2025\/03\/Anuncie-Aqui-Sao-Goncalo-vai-mudar-1024x252.jpg 1024w, https:\/\/sgvaimudar.com.br\/wp-content\/uploads\/2025\/03\/Anuncie-Aqui-Sao-Goncalo-vai-mudar-300x74.jpg 300w, https:\/\/sgvaimudar.com.br\/wp-content\/uploads\/2025\/03\/Anuncie-Aqui-Sao-Goncalo-vai-mudar-768x189.jpg 768w, https:\/\/sgvaimudar.com.br\/wp-content\/uploads\/2025\/03\/Anuncie-Aqui-Sao-Goncalo-vai-mudar-1536x378.jpg 1536w, https:\/\/sgvaimudar.com.br\/wp-content\/uploads\/2025\/03\/Anuncie-Aqui-Sao-Goncalo-vai-mudar-2048x504.jpg 2048w\" sizes=\"(max-width: 1024px) 100vw, 1024px\" \/><\/figure>\n","protected":false},"excerpt":{"rendered":"<p>Secretaria de Sa\u00fade refor\u00e7a campanhas de conscientiza\u00e7\u00e3o\u00a0 A vacina BCG (Bacillus Calmette-Gu\u00e9rin) tem a maior cobertura vacinal neste ano em&hellip;<\/p>\n","protected":false},"author":5,"featured_media":27357,"comment_status":"open","ping_status":"open","sticky":false,"template":"","format":"standard","meta":{"fifu_image_url":"","fifu_image_alt":"","footnotes":""},"categories":[7],"tags":[47,75],"class_list":["post-27356","post","type-post","status-publish","format-standard","has-post-thumbnail","hentry","category-saude","tag-rj","tag-sao-goncalo"],"_links":{"self":[{"href":"https:\/\/sgvaimudar.com.br\/index.php\/wp-json\/wp\/v2\/posts\/27356","targetHints":{"allow":["GET"]}}],"collection":[{"href":"https:\/\/sgvaimudar.com.br\/index.php\/wp-json\/wp\/v2\/posts"}],"about":[{"href":"https:\/\/sgvaimudar.com.br\/index.php\/wp-json\/wp\/v2\/types\/post"}],"author":[{"embeddable":true,"href":"https:\/\/sgvaimudar.com.br\/index.php\/wp-json\/wp\/v2\/users\/5"}],"replies":[{"embeddable":true,"href":"https:\/\/sgvaimudar.com.br\/index.php\/wp-json\/wp\/v2\/comments?post=27356"}],"version-history":[{"count":1,"href":"https:\/\/sgvaimudar.com.br\/index.php\/wp-json\/wp\/v2\/posts\/27356\/revisions"}],"predecessor-version":[{"id":27358,"href":"https:\/\/sgvaimudar.com.br\/index.php\/wp-json\/wp\/v2\/posts\/27356\/revisions\/27358"}],"wp:featuredmedia":[{"embeddable":true,"href":"https:\/\/sgvaimudar.com.br\/index.php\/wp-json\/wp\/v2\/media\/27357"}],"wp:attachment":[{"href":"https:\/\/sgvaimudar.com.br\/index.php\/wp-json\/wp\/v2\/media?parent=27356"}],"wp:term":[{"taxonomy":"category","embeddable":true,"href":"https:\/\/sgvaimudar.com.br\/index.php\/wp-json\/wp\/v2\/categories?post=27356"},{"taxonomy":"post_tag","embeddable":true,"href":"https:\/\/sgvaimudar.com.br\/index.php\/wp-json\/wp\/v2\/tags?post=27356"}],"curies":[{"name":"wp","href":"https:\/\/api.w.org\/{rel}","templated":true}]}}