{"id":27347,"date":"2025-07-01T21:00:00","date_gmt":"2025-07-02T00:00:00","guid":{"rendered":"https:\/\/sgvaimudar.com.br\/?p=27347"},"modified":"2025-07-01T10:01:09","modified_gmt":"2025-07-01T13:01:09","slug":"digao-da-banda-raimundos-debocha-da-morte-de-juliana-marins-nao-adianta-chorar","status":"publish","type":"post","link":"https:\/\/sgvaimudar.com.br\/index.php\/2025\/07\/01\/digao-da-banda-raimundos-debocha-da-morte-de-juliana-marins-nao-adianta-chorar\/","title":{"rendered":"Dig\u00e3o, da banda Raimundos, debocha da morte de Juliana Marins: \u201cN\u00e3o adianta chorar\u201d"},"content":{"rendered":"\n<p><em>A brasileira Juliana Marins, de 26 anos, sofreu um acidente fatal durante uma trilha no vulc\u00e3o Rinjani, na Indon\u00e9sia, no \u00faltimo dia 21<\/em><\/p>\n\n\n\n<p>Dig\u00e3o, guitarrista e vocalista da banda Raimundos, repercutiu amplamente no \u00faltimo fim de semana. O m\u00fasico se manifestou ap\u00f3s a morte da brasileira\u00a0Juliana Marins, de 26 anos, que sofreu um acidente fatal durante uma trilha em um vulc\u00e3o na Indon\u00e9sia, no dia 21.<\/p>\n\n\n\n<p>O m\u00fasico compartilhou a imagem de uma mochila da\u00a0jovem\u00a0com um adesivo escrito \u201cEle N\u00e3o\u201d, em refer\u00eancia ao movimento contra o ex-presidente Jair Bolsonaro. Na legenda, o artista escreveu: \u201cQuando o mundo d\u00e1 a volta, n\u00e3o adianta chorar e fingir surpresa\u2026 #ELESIM mandou o f*da-se pra voc\u00eas\u201d, debochou.<\/p>\n\n\n\n<p>A publica\u00e7\u00e3o foi vista como desrespeitosa e desumana, transformando uma trag\u00e9dia pessoal em instrumento de ataque pol\u00edtico. A repercuss\u00e3o foi imediata nas redes sociais, com milhares de usu\u00e1rios criticando a postura do guitarrista.<\/p>\n\n\n\n<figure class=\"wp-block-image size-full\"><img fetchpriority=\"high\" decoding=\"async\" width=\"211\" height=\"346\" src=\"https:\/\/sgvaimudar.com.br\/wp-content\/uploads\/2025\/07\/juli1.jpg\" alt=\"\" class=\"wp-image-27348\" srcset=\"https:\/\/sgvaimudar.com.br\/wp-content\/uploads\/2025\/07\/juli1.jpg 211w, https:\/\/sgvaimudar.com.br\/wp-content\/uploads\/2025\/07\/juli1-183x300.jpg 183w\" sizes=\"(max-width: 211px) 100vw, 211px\" \/><\/figure>\n\n\n\n<p>\u201cQue rid\u00edculo isso, o que tem a ver lado pol\u00edtico nessa hora?\u201d, escreveu uma internauta no X. \u201cFoi uma vida que foi embora, infelizmente as pessoas n\u00e3o d\u00e3o valor pra vida\u201d, completou.<\/p>\n\n\n\n<p>O nome de Dig\u00e3o esteve entre os assuntos mais comentados da internet ap\u00f3s a fala. Internautas acusaram o m\u00fasico de ser med\u00edocre, insens\u00edvel e usar a\u00a0trag\u00e9dia\u00a0como palco para propagar discursos pol\u00edticos.<\/p>\n\n\n\n<p>Ap\u00f3s a repercuss\u00e3o do coment\u00e1rio, Dig\u00e3o descreveu as cr\u00edticas dos internautas como um ataque da esquerda: \u201cEnquanto a esquerda tenta me cancelar para passar pano no descaso desse desgoverno\u2026 eu bato palmas para prefeitura de Niter\u00f3i e para o jogador pato que est\u00e1 ajudando a fam\u00edlia da Juliana\u201d.<\/p>\n\n\n\n<p>O coment\u00e1rio do vocalista faz refer\u00eancia a uma publica\u00e7\u00e3o no Instagram informando que a Prefeitura de Niter\u00f3i custear\u00e1 o traslado do corpo de\u00a0Juliana Marins, enquanto o ex-jogador Alexandre Pato arcou com as passagens a\u00e9reas dos familiares da jovem.<\/p>\n\n\n\n<h2 class=\"wp-block-heading\">A trag\u00e9dia<\/h2>\n\n\n\n<ul class=\"wp-block-list\">\n<li>Juliana Marins fazia uma trilha no Monte Rinjani, na Indon\u00e9sia, na manh\u00e3 de s\u00e1bado (21), quando caiu de um penhasco em uma \u00e1rea de dif\u00edcil acesso. Turistas que estavam na regi\u00e3o registraram imagens da jovem ap\u00f3s a queda e compartilharam a localiza\u00e7\u00e3o. As imagens viralizaram nas redes sociais e equipes de resgate iniciaram as buscas.<\/li>\n\n\n\n<li>No domingo (22), as condi\u00e7\u00f5es clim\u00e1ticas adversas, como forte neblina,&nbsp;<strong>impediram o avan\u00e7o das equipes de salvamento<\/strong>.<\/li>\n\n\n\n<li>Na segunda-feira (23), as autoridades indon\u00e9sias informaram que Juliana havia sido localizada novamente. Ela foi&nbsp;<strong>monitorada por drones<\/strong>&nbsp;e estava \u201c<strong>visualmente im\u00f3vel<\/strong>\u201d a uma profundidade estimada em 500 metros.<\/li>\n\n\n\n<li>Na manh\u00e3 de ter\u00e7a (24), ap\u00f3s mais de 72 horas do acidente, os socorristas conseguiram acessar o local, mas&nbsp;<strong>Juliana j\u00e1 estava sem vida<\/strong>.<\/li>\n\n\n\n<li>O corpo da jovem brasileira s\u00f3 foi resgatado na quarta-feira (25), ap\u00f3s uma opera\u00e7\u00e3o que durou mais de sete horas no Monte Rinjani.<\/li>\n<\/ul>\n\n\n\n<p><strong><em>Fa\u00e7a sua den\u00fancia pelo nosso WhatsApp: (21) <\/em><\/strong><strong><em>99744 5345<\/em><\/strong><strong><em><\/em><\/strong><\/p>\n\n\n\n<p><strong><em>S\u00e3o Gon\u00e7alo vai mudar: Not\u00edcias de S\u00e3o Gon\u00e7alo e toda regi\u00e3o.<\/em><\/strong><\/p>\n\n\n\n<figure class=\"wp-block-image size-large\"><img decoding=\"async\" width=\"1024\" height=\"252\" src=\"https:\/\/sgvaimudar.com.br\/wp-content\/uploads\/2025\/03\/Anuncie-Aqui-Sao-Goncalo-vai-mudar-1024x252.jpg\" alt=\"\" class=\"wp-image-22693\" srcset=\"https:\/\/sgvaimudar.com.br\/wp-content\/uploads\/2025\/03\/Anuncie-Aqui-Sao-Goncalo-vai-mudar-1024x252.jpg 1024w, https:\/\/sgvaimudar.com.br\/wp-content\/uploads\/2025\/03\/Anuncie-Aqui-Sao-Goncalo-vai-mudar-300x74.jpg 300w, https:\/\/sgvaimudar.com.br\/wp-content\/uploads\/2025\/03\/Anuncie-Aqui-Sao-Goncalo-vai-mudar-768x189.jpg 768w, https:\/\/sgvaimudar.com.br\/wp-content\/uploads\/2025\/03\/Anuncie-Aqui-Sao-Goncalo-vai-mudar-1536x378.jpg 1536w, https:\/\/sgvaimudar.com.br\/wp-content\/uploads\/2025\/03\/Anuncie-Aqui-Sao-Goncalo-vai-mudar-2048x504.jpg 2048w\" sizes=\"(max-width: 1024px) 100vw, 1024px\" \/><\/figure>\n","protected":false},"excerpt":{"rendered":"<p>A brasileira Juliana Marins, de 26 anos, sofreu um acidente fatal durante uma trilha no vulc\u00e3o Rinjani, na Indon\u00e9sia, no&hellip;<\/p>\n","protected":false},"author":5,"featured_media":27349,"comment_status":"open","ping_status":"open","sticky":false,"template":"","format":"standard","meta":{"fifu_image_url":"","fifu_image_alt":"","footnotes":""},"categories":[6],"tags":[47],"class_list":["post-27347","post","type-post","status-publish","format-standard","has-post-thumbnail","hentry","category-entretenimento","tag-rj"],"_links":{"self":[{"href":"https:\/\/sgvaimudar.com.br\/index.php\/wp-json\/wp\/v2\/posts\/27347","targetHints":{"allow":["GET"]}}],"collection":[{"href":"https:\/\/sgvaimudar.com.br\/index.php\/wp-json\/wp\/v2\/posts"}],"about":[{"href":"https:\/\/sgvaimudar.com.br\/index.php\/wp-json\/wp\/v2\/types\/post"}],"author":[{"embeddable":true,"href":"https:\/\/sgvaimudar.com.br\/index.php\/wp-json\/wp\/v2\/users\/5"}],"replies":[{"embeddable":true,"href":"https:\/\/sgvaimudar.com.br\/index.php\/wp-json\/wp\/v2\/comments?post=27347"}],"version-history":[{"count":1,"href":"https:\/\/sgvaimudar.com.br\/index.php\/wp-json\/wp\/v2\/posts\/27347\/revisions"}],"predecessor-version":[{"id":27350,"href":"https:\/\/sgvaimudar.com.br\/index.php\/wp-json\/wp\/v2\/posts\/27347\/revisions\/27350"}],"wp:featuredmedia":[{"embeddable":true,"href":"https:\/\/sgvaimudar.com.br\/index.php\/wp-json\/wp\/v2\/media\/27349"}],"wp:attachment":[{"href":"https:\/\/sgvaimudar.com.br\/index.php\/wp-json\/wp\/v2\/media?parent=27347"}],"wp:term":[{"taxonomy":"category","embeddable":true,"href":"https:\/\/sgvaimudar.com.br\/index.php\/wp-json\/wp\/v2\/categories?post=27347"},{"taxonomy":"post_tag","embeddable":true,"href":"https:\/\/sgvaimudar.com.br\/index.php\/wp-json\/wp\/v2\/tags?post=27347"}],"curies":[{"name":"wp","href":"https:\/\/api.w.org\/{rel}","templated":true}]}}