{"id":27344,"date":"2025-07-01T19:00:00","date_gmt":"2025-07-01T22:00:00","guid":{"rendered":"https:\/\/sgvaimudar.com.br\/?p=27344"},"modified":"2025-07-01T09:53:06","modified_gmt":"2025-07-01T12:53:06","slug":"alerj-derruba-veto-e-estado-assume-gestao-do-sambodromo-paes-promete-recorrer","status":"publish","type":"post","link":"https:\/\/sgvaimudar.com.br\/index.php\/2025\/07\/01\/alerj-derruba-veto-e-estado-assume-gestao-do-sambodromo-paes-promete-recorrer\/","title":{"rendered":"Alerj derruba veto e estado assume gest\u00e3o do Samb\u00f3dromo; Paes promete\u00a0recorrer"},"content":{"rendered":"\n<p><em>O projeto havia sido aprovado em dezembro, com a justificativa de permitir a explora\u00e7\u00e3o do espa\u00e7o ao longo de todo o ano, e n\u00e3o apenas no carnaval<\/em><\/p>\n\n\n\n<p>A Assembleia Legislativa do Rio (Alerj) derrubou, nesta segunda-feira (30), o veto do governador\u00a0Cl\u00e1udio Castro\u00a0\u00e0 lei que transfere a gest\u00e3o do Samb\u00f3dromo da Prefeitura para o governo do estado. O projeto havia sido aprovado em dezembro, com a justificativa de permitir a explora\u00e7\u00e3o do espa\u00e7o ao longo de todo o ano, e n\u00e3o apenas no carnaval.<\/p>\n\n\n\n<p>O prefeito\u00a0Eduardo Paes\u00a0reagiu nas redes sociais, afirmando que o munic\u00edpio vai recorrer da decis\u00e3o.<\/p>\n\n\n\n<p>\u201cA Assembleia Legislativa derrubou um veto importante que o governador Cl\u00e1udio Castro fez \u00e0 uma lei que pretende estadualizar o Samb\u00f3dromo do Rio de Janeiro. Basicamente, \u00e9 dizer que o governador vai cuidar do Carnaval carioca. Tarefa, por \u00f3bvio, b\u00e1sica de prefeito. Como se o governador do Estado do Rio de Janeiro n\u00e3o tivesse problemas suficientes para administrar. \u00c9 como se a gente dissesse: \u2018Olha, a seguran\u00e7a est\u00e1 uma maravilha e, portanto, vamos cuidar agora de fazer Carnaval\u2019. A Prefeitura vai recorrer disso\u201d, disse Paes.<\/p>\n\n\n\n<p>Ainda segundo ele, a Prefeitura continuar\u00e1 lutando para manter a administra\u00e7\u00e3o do espa\u00e7o, tradicionalmente ligado \u00e0 cidade e \u00e0 Liga das Escolas de Samba. O\u00a0Carnaval Rio 2025 movimentou cerca de 6 Bilh\u00f5es e\u00a0meio\u00a0de\u00a0reais.<\/p>\n\n\n\n<p><strong><em>Fa\u00e7a sua den\u00fancia pelo nosso WhatsApp: (21) <\/em><\/strong><strong><em>99744 5345<\/em><\/strong><strong><em><\/em><\/strong><\/p>\n\n\n\n<p><strong><em>S\u00e3o Gon\u00e7alo vai mudar: Not\u00edcias de S\u00e3o Gon\u00e7alo e toda regi\u00e3o.<\/em><\/strong><\/p>\n\n\n\n<figure class=\"wp-block-image size-large\"><img fetchpriority=\"high\" decoding=\"async\" width=\"1024\" height=\"252\" src=\"https:\/\/sgvaimudar.com.br\/wp-content\/uploads\/2025\/03\/Anuncie-Aqui-Sao-Goncalo-vai-mudar-1024x252.jpg\" alt=\"\" class=\"wp-image-22693\" srcset=\"https:\/\/sgvaimudar.com.br\/wp-content\/uploads\/2025\/03\/Anuncie-Aqui-Sao-Goncalo-vai-mudar-1024x252.jpg 1024w, https:\/\/sgvaimudar.com.br\/wp-content\/uploads\/2025\/03\/Anuncie-Aqui-Sao-Goncalo-vai-mudar-300x74.jpg 300w, https:\/\/sgvaimudar.com.br\/wp-content\/uploads\/2025\/03\/Anuncie-Aqui-Sao-Goncalo-vai-mudar-768x189.jpg 768w, https:\/\/sgvaimudar.com.br\/wp-content\/uploads\/2025\/03\/Anuncie-Aqui-Sao-Goncalo-vai-mudar-1536x378.jpg 1536w, https:\/\/sgvaimudar.com.br\/wp-content\/uploads\/2025\/03\/Anuncie-Aqui-Sao-Goncalo-vai-mudar-2048x504.jpg 2048w\" sizes=\"(max-width: 1024px) 100vw, 1024px\" \/><\/figure>\n","protected":false},"excerpt":{"rendered":"<p>O projeto havia sido aprovado em dezembro, com a justificativa de permitir a explora\u00e7\u00e3o do espa\u00e7o ao longo de todo&hellip;<\/p>\n","protected":false},"author":5,"featured_media":27345,"comment_status":"open","ping_status":"open","sticky":false,"template":"","format":"standard","meta":{"fifu_image_url":"","fifu_image_alt":"","footnotes":""},"categories":[6],"tags":[74,47,73],"class_list":["post-27344","post","type-post","status-publish","format-standard","has-post-thumbnail","hentry","category-entretenimento","tag-eleicao","tag-rj","tag-votacao"],"_links":{"self":[{"href":"https:\/\/sgvaimudar.com.br\/index.php\/wp-json\/wp\/v2\/posts\/27344","targetHints":{"allow":["GET"]}}],"collection":[{"href":"https:\/\/sgvaimudar.com.br\/index.php\/wp-json\/wp\/v2\/posts"}],"about":[{"href":"https:\/\/sgvaimudar.com.br\/index.php\/wp-json\/wp\/v2\/types\/post"}],"author":[{"embeddable":true,"href":"https:\/\/sgvaimudar.com.br\/index.php\/wp-json\/wp\/v2\/users\/5"}],"replies":[{"embeddable":true,"href":"https:\/\/sgvaimudar.com.br\/index.php\/wp-json\/wp\/v2\/comments?post=27344"}],"version-history":[{"count":1,"href":"https:\/\/sgvaimudar.com.br\/index.php\/wp-json\/wp\/v2\/posts\/27344\/revisions"}],"predecessor-version":[{"id":27346,"href":"https:\/\/sgvaimudar.com.br\/index.php\/wp-json\/wp\/v2\/posts\/27344\/revisions\/27346"}],"wp:featuredmedia":[{"embeddable":true,"href":"https:\/\/sgvaimudar.com.br\/index.php\/wp-json\/wp\/v2\/media\/27345"}],"wp:attachment":[{"href":"https:\/\/sgvaimudar.com.br\/index.php\/wp-json\/wp\/v2\/media?parent=27344"}],"wp:term":[{"taxonomy":"category","embeddable":true,"href":"https:\/\/sgvaimudar.com.br\/index.php\/wp-json\/wp\/v2\/categories?post=27344"},{"taxonomy":"post_tag","embeddable":true,"href":"https:\/\/sgvaimudar.com.br\/index.php\/wp-json\/wp\/v2\/tags?post=27344"}],"curies":[{"name":"wp","href":"https:\/\/api.w.org\/{rel}","templated":true}]}}