{"id":27342,"date":"2025-07-01T17:00:00","date_gmt":"2025-07-01T20:00:00","guid":{"rendered":"https:\/\/sgvaimudar.com.br\/?p=27342"},"modified":"2025-07-01T09:46:48","modified_gmt":"2025-07-01T12:46:48","slug":"governo-do-estado-mobiliza-17-mil-policiais-civis-e-militares-para-reforcar-a-seguranca-no-brics","status":"publish","type":"post","link":"https:\/\/sgvaimudar.com.br\/index.php\/2025\/07\/01\/governo-do-estado-mobiliza-17-mil-policiais-civis-e-militares-para-reforcar-a-seguranca-no-brics\/","title":{"rendered":"Governo do Estado mobiliza 17 mil policiais civis e militares para refor\u00e7ar a seguran\u00e7a no Brics"},"content":{"rendered":"\n<p><em>Reuni\u00e3o de c\u00fapula dos pa\u00edses do Sul Global ser\u00e1 realizada em 6 e 7 de julho, no Museu de Arte Moderna<\/em><\/p>\n\n\n\n<p>Um planejamento especial, que inclui cerca de 17 mil policiais civis e militares e agentes do Seguran\u00e7a Presente, foi elaborado pelo Governo do Estado do Rio para a reuni\u00e3o de c\u00fapula do Brics \u2013 grupo de coopera\u00e7\u00e3o econ\u00f4mica e diplom\u00e1tica entre economias mundial emergentes -, que ser\u00e1 realizada nos dias 6 e 7 de julho, no Museu de Arte Moderna (MAM), no Aterro do Flamengo.<\/p>\n\n\n\n<p>Al\u00e9m de determinar o refor\u00e7o das for\u00e7as estaduais e a utiliza\u00e7\u00e3o de tecnologia de ponta, o governador Cl\u00e1udio Castro solicitou ao governo federal o emprego das For\u00e7as Armadas para a Garantia da Lei e da Ordem (GLO) no per\u00edodo de 2 a 9 de julho, com atua\u00e7\u00e3o no per\u00edmetro externo do MAM, da Marina da Gl\u00f3ria, do Monumento de Est\u00e1cio de S\u00e1, dos locais de hospedagem dos chefes de Estado e e em outros locais de interesse das delega\u00e7\u00f5es, como aconteceu na reuni\u00e3o de c\u00fapula do G20, tamb\u00e9m realizada no Museu de Arte Moderna, em novembro de 2024.<\/p>\n\n\n\n<p>\u00a0&#8211; Estamos unindo esfor\u00e7os para garantir a seguran\u00e7a das delega\u00e7\u00f5es que vir\u00e3o para a reuni\u00e3o de c\u00fapula do Brics e para quem mora no Rio. Temos uma grande expertise em planejamentos de seguran\u00e7a para grandes eventos, com \u00f3timos resultados. A ado\u00e7\u00e3o da Garantia da Lei e da Ordem n\u00e3o \u00e9 uma excepcionalidade. Isso j\u00e1 aconteceu, por exemplo, no ano passado, quando o Rio tamb\u00e9m sediou a reuni\u00e3o de c\u00fapula do G20 \u2013 disse o governador Cl\u00e1udio Castro.<\/p>\n\n\n\n<p>Ser\u00e3o 15,5 mil policiais militares, incluindo equipes do Comando de Opera\u00e7\u00f5es Especiais (COE), para garantir a seguran\u00e7a nas vias p\u00fablicas, no entorno de hot\u00e9is e do MAM, com suporte do Centro Integrado de Comando e Controle (CICC) M\u00f3vel, instalado pr\u00f3ximo \u00e0 entrada principal do museu.<\/p>\n\n\n\n<p>Imagens geradas por c\u00e2meras urbanas com software de reconhecimento facial e de leitura de placas, instaladas em helic\u00f3pteros, de drones e das c\u00e2meras corporais dos policiais militares poder\u00e3o ser acessadas pelo Comit\u00ea Executivo de Seguran\u00e7a Integrada Regional (Cesir), que ser\u00e1 instalado no CICC, na Pra\u00e7a Onze. O Cesir \u00e9 formado por representantes de for\u00e7as estaduais e federais de seguran\u00e7a.<\/p>\n\n\n\n<p>O esquema especial da Pol\u00edcia Civil inclui 1.400 policiais, com refor\u00e7o de efetivo nas unidades que abrangem o evento e \u00e1reas de interesse operacional. Haver\u00e1 uma Central de Flagrantes extraordin\u00e1ria funcionando na Cidade da Pol\u00edcia. O efetivo dedicado ao Brics ter\u00e1 especialistas do Esquadr\u00e3o Antibomba, policiais com profici\u00eancia em idiomas e agentes da intelig\u00eancia, com monitoramento de redes sociais, al\u00e9m de policiais da per\u00edcia t\u00e9cnico-cient\u00edfica. Todas as delegacias localizadas no percurso das autoridades estrangeiras est\u00e3o aptas para servir como ponto de ref\u00fagio e prote\u00e7\u00e3o dessas autoridades.<\/p>\n\n\n\n<p><strong><em>Fa\u00e7a sua den\u00fancia pelo nosso WhatsApp: (21) <\/em><\/strong><strong><em>99744 5345<\/em><\/strong><strong><em><\/em><\/strong><\/p>\n\n\n\n<p><strong><em>S\u00e3o Gon\u00e7alo vai mudar: Not\u00edcias de S\u00e3o Gon\u00e7alo e toda regi\u00e3o.<\/em><\/strong><\/p>\n\n\n\n<figure class=\"wp-block-image size-large\"><img fetchpriority=\"high\" decoding=\"async\" width=\"1024\" height=\"252\" src=\"https:\/\/sgvaimudar.com.br\/wp-content\/uploads\/2025\/03\/Anuncie-Aqui-Sao-Goncalo-vai-mudar-1024x252.jpg\" alt=\"\" class=\"wp-image-22693\" srcset=\"https:\/\/sgvaimudar.com.br\/wp-content\/uploads\/2025\/03\/Anuncie-Aqui-Sao-Goncalo-vai-mudar-1024x252.jpg 1024w, https:\/\/sgvaimudar.com.br\/wp-content\/uploads\/2025\/03\/Anuncie-Aqui-Sao-Goncalo-vai-mudar-300x74.jpg 300w, https:\/\/sgvaimudar.com.br\/wp-content\/uploads\/2025\/03\/Anuncie-Aqui-Sao-Goncalo-vai-mudar-768x189.jpg 768w, https:\/\/sgvaimudar.com.br\/wp-content\/uploads\/2025\/03\/Anuncie-Aqui-Sao-Goncalo-vai-mudar-1536x378.jpg 1536w, https:\/\/sgvaimudar.com.br\/wp-content\/uploads\/2025\/03\/Anuncie-Aqui-Sao-Goncalo-vai-mudar-2048x504.jpg 2048w\" sizes=\"(max-width: 1024px) 100vw, 1024px\" \/><\/figure>\n","protected":false},"excerpt":{"rendered":"<p>Reuni\u00e3o de c\u00fapula dos pa\u00edses do Sul Global ser\u00e1 realizada em 6 e 7 de julho, no Museu de Arte&hellip;<\/p>\n","protected":false},"author":5,"featured_media":26187,"comment_status":"open","ping_status":"open","sticky":false,"template":"","format":"standard","meta":{"fifu_image_url":"","fifu_image_alt":"","footnotes":""},"categories":[32],"tags":[41,40,47],"class_list":["post-27342","post","type-post","status-publish","format-standard","has-post-thumbnail","hentry","category-casos-de-policia","tag-conflito","tag-guerra","tag-rj"],"_links":{"self":[{"href":"https:\/\/sgvaimudar.com.br\/index.php\/wp-json\/wp\/v2\/posts\/27342","targetHints":{"allow":["GET"]}}],"collection":[{"href":"https:\/\/sgvaimudar.com.br\/index.php\/wp-json\/wp\/v2\/posts"}],"about":[{"href":"https:\/\/sgvaimudar.com.br\/index.php\/wp-json\/wp\/v2\/types\/post"}],"author":[{"embeddable":true,"href":"https:\/\/sgvaimudar.com.br\/index.php\/wp-json\/wp\/v2\/users\/5"}],"replies":[{"embeddable":true,"href":"https:\/\/sgvaimudar.com.br\/index.php\/wp-json\/wp\/v2\/comments?post=27342"}],"version-history":[{"count":1,"href":"https:\/\/sgvaimudar.com.br\/index.php\/wp-json\/wp\/v2\/posts\/27342\/revisions"}],"predecessor-version":[{"id":27343,"href":"https:\/\/sgvaimudar.com.br\/index.php\/wp-json\/wp\/v2\/posts\/27342\/revisions\/27343"}],"wp:featuredmedia":[{"embeddable":true,"href":"https:\/\/sgvaimudar.com.br\/index.php\/wp-json\/wp\/v2\/media\/26187"}],"wp:attachment":[{"href":"https:\/\/sgvaimudar.com.br\/index.php\/wp-json\/wp\/v2\/media?parent=27342"}],"wp:term":[{"taxonomy":"category","embeddable":true,"href":"https:\/\/sgvaimudar.com.br\/index.php\/wp-json\/wp\/v2\/categories?post=27342"},{"taxonomy":"post_tag","embeddable":true,"href":"https:\/\/sgvaimudar.com.br\/index.php\/wp-json\/wp\/v2\/tags?post=27342"}],"curies":[{"name":"wp","href":"https:\/\/api.w.org\/{rel}","templated":true}]}}