{"id":27337,"date":"2025-07-01T15:00:00","date_gmt":"2025-07-01T18:00:00","guid":{"rendered":"https:\/\/sgvaimudar.com.br\/?p=27337"},"modified":"2025-07-01T09:43:04","modified_gmt":"2025-07-01T12:43:04","slug":"secretario-de-agricultura-de-itaborai-e-reeleito-para-coordenacao-da-camara-tecnica-do-conleste","status":"publish","type":"post","link":"https:\/\/sgvaimudar.com.br\/index.php\/2025\/07\/01\/secretario-de-agricultura-de-itaborai-e-reeleito-para-coordenacao-da-camara-tecnica-do-conleste\/","title":{"rendered":"Secret\u00e1rio de Agricultura de Itabora\u00ed (RJ) \u00e9 reeleito para coordena\u00e7\u00e3o da C\u00e2mara T\u00e9cnica do Conleste"},"content":{"rendered":"\n<p><em>Os reeleitos por unanimidade v\u00e3o trabalhar no mandato 2025-2027<\/em><\/p>\n\n\n\n<p>Durante a 36\u00aa Exposi\u00e7\u00e3o Agropecu\u00e1ria de Papucaia, realizada em Cachoeiras de Macacu no \u00faltimo s\u00e1bado (29\/06), foi oficializada a recondu\u00e7\u00e3o da coordena\u00e7\u00e3o da C\u00e2mara T\u00e9cnica de Agricultura e Pesca do Conleste (Cons\u00f3rcio Intermunicipal de Desenvolvimento do Leste Fluminense) para o mandato 2025-2027. <\/p>\n\n\n\n<p>Reeleitos por unanimidade, os secret\u00e1rios de Agricultura de Itabora\u00ed, Ab\u00edlio Pereira, e de Cachoeiras de Macacu, Marcos Goes, seguem \u00e0 frente do colegiado que re\u00fane representantes dos munic\u00edpios integrantes do cons\u00f3rcio.<\/p>\n\n\n\n<p>O encontro contou com a presen\u00e7a de representantes de diversas cidades da regi\u00e3o, reafirmando a import\u00e2ncia da articula\u00e7\u00e3o conjunta para fortalecer a agricultura e a pesca no Leste Fluminense. A C\u00e2mara T\u00e9cnica \u00e9 um espa\u00e7o estrat\u00e9gico de constru\u00e7\u00e3o de pol\u00edticas p\u00fablicas, troca de experi\u00eancias e promo\u00e7\u00e3o de iniciativas que impactam diretamente os produtores rurais e as comunidades pesqueiras dos munic\u00edpios consorciados.<\/p>\n\n\n\n<p>Para o secret\u00e1rio municipal de Agricultura de Itabora\u00ed, Ab\u00edlio Pereira, a recondu\u00e7\u00e3o representa um novo ciclo de responsabilidades e oportunidades.<\/p>\n\n\n\n<p>\u201cSer reconduzido a essa fun\u00e7\u00e3o \u00e9, acima de tudo, uma honra e uma grande responsabilidade. A agricultura e a pesca t\u00eam papel essencial na economia e na cultura dos nossos munic\u00edpios, e \u00e9 com esse compromisso que seguimos trabalhando de forma integrada. Vamos continuar fortalecendo nossas a\u00e7\u00f5es conjuntas, buscando mais oportunidades para os produtores, valorizando a agricultura familiar e promovendo o desenvolvimento sustent\u00e1vel em toda a regi\u00e3o do Leste Fluminense\u201d, afirmou o secret\u00e1rio.<\/p>\n\n\n\n<p>A elei\u00e7\u00e3o da nova coordena\u00e7\u00e3o refor\u00e7a a continuidade dos projetos regionais que t\u00eam como foco a inova\u00e7\u00e3o no campo, a seguran\u00e7a alimentar, a assist\u00eancia t\u00e9cnica, o incentivo \u00e0 produ\u00e7\u00e3o local e o desenvolvimento sustent\u00e1vel. O trabalho conjunto entre os munic\u00edpios permite ampliar resultados e promover o protagonismo das cadeias produtivas da agricultura e da pesca no estado do Rio de Janeiro.<\/p>\n\n\n\n<p><strong><em>S\u00e3o Gon\u00e7alo vai mudar: Not\u00edcias de S\u00e3o Gon\u00e7alo e toda regi\u00e3o.<\/em><\/strong><\/p>\n\n\n\n<figure class=\"wp-block-image size-large\"><img fetchpriority=\"high\" decoding=\"async\" width=\"1024\" height=\"252\" src=\"https:\/\/sgvaimudar.com.br\/wp-content\/uploads\/2025\/03\/Anuncie-Aqui-Sao-Goncalo-vai-mudar-1024x252.jpg\" alt=\"\" class=\"wp-image-22693\" srcset=\"https:\/\/sgvaimudar.com.br\/wp-content\/uploads\/2025\/03\/Anuncie-Aqui-Sao-Goncalo-vai-mudar-1024x252.jpg 1024w, https:\/\/sgvaimudar.com.br\/wp-content\/uploads\/2025\/03\/Anuncie-Aqui-Sao-Goncalo-vai-mudar-300x74.jpg 300w, https:\/\/sgvaimudar.com.br\/wp-content\/uploads\/2025\/03\/Anuncie-Aqui-Sao-Goncalo-vai-mudar-768x189.jpg 768w, https:\/\/sgvaimudar.com.br\/wp-content\/uploads\/2025\/03\/Anuncie-Aqui-Sao-Goncalo-vai-mudar-1536x378.jpg 1536w, https:\/\/sgvaimudar.com.br\/wp-content\/uploads\/2025\/03\/Anuncie-Aqui-Sao-Goncalo-vai-mudar-2048x504.jpg 2048w\" sizes=\"(max-width: 1024px) 100vw, 1024px\" \/><\/figure>\n","protected":false},"excerpt":{"rendered":"<p>Os reeleitos por unanimidade v\u00e3o trabalhar no mandato 2025-2027 Durante a 36\u00aa Exposi\u00e7\u00e3o Agropecu\u00e1ria de Papucaia, realizada em Cachoeiras de&hellip;<\/p>\n","protected":false},"author":5,"featured_media":27341,"comment_status":"open","ping_status":"open","sticky":false,"template":"","format":"standard","meta":{"fifu_image_url":"","fifu_image_alt":"","footnotes":""},"categories":[4],"tags":[74,47,73],"class_list":["post-27337","post","type-post","status-publish","format-standard","has-post-thumbnail","hentry","category-brasil","tag-eleicao","tag-rj","tag-votacao"],"_links":{"self":[{"href":"https:\/\/sgvaimudar.com.br\/index.php\/wp-json\/wp\/v2\/posts\/27337","targetHints":{"allow":["GET"]}}],"collection":[{"href":"https:\/\/sgvaimudar.com.br\/index.php\/wp-json\/wp\/v2\/posts"}],"about":[{"href":"https:\/\/sgvaimudar.com.br\/index.php\/wp-json\/wp\/v2\/types\/post"}],"author":[{"embeddable":true,"href":"https:\/\/sgvaimudar.com.br\/index.php\/wp-json\/wp\/v2\/users\/5"}],"replies":[{"embeddable":true,"href":"https:\/\/sgvaimudar.com.br\/index.php\/wp-json\/wp\/v2\/comments?post=27337"}],"version-history":[{"count":2,"href":"https:\/\/sgvaimudar.com.br\/index.php\/wp-json\/wp\/v2\/posts\/27337\/revisions"}],"predecessor-version":[{"id":27339,"href":"https:\/\/sgvaimudar.com.br\/index.php\/wp-json\/wp\/v2\/posts\/27337\/revisions\/27339"}],"wp:featuredmedia":[{"embeddable":true,"href":"https:\/\/sgvaimudar.com.br\/index.php\/wp-json\/wp\/v2\/media\/27341"}],"wp:attachment":[{"href":"https:\/\/sgvaimudar.com.br\/index.php\/wp-json\/wp\/v2\/media?parent=27337"}],"wp:term":[{"taxonomy":"category","embeddable":true,"href":"https:\/\/sgvaimudar.com.br\/index.php\/wp-json\/wp\/v2\/categories?post=27337"},{"taxonomy":"post_tag","embeddable":true,"href":"https:\/\/sgvaimudar.com.br\/index.php\/wp-json\/wp\/v2\/tags?post=27337"}],"curies":[{"name":"wp","href":"https:\/\/api.w.org\/{rel}","templated":true}]}}