{"id":27315,"date":"2025-07-01T11:00:00","date_gmt":"2025-07-01T14:00:00","guid":{"rendered":"https:\/\/sgvaimudar.com.br\/?p=27315"},"modified":"2025-07-01T08:46:10","modified_gmt":"2025-07-01T11:46:10","slug":"sao-goncalo-aplica-vacina-meningococica-acwy-como-dose-de-reforco","status":"publish","type":"post","link":"https:\/\/sgvaimudar.com.br\/index.php\/2025\/07\/01\/sao-goncalo-aplica-vacina-meningococica-acwy-como-dose-de-reforco\/","title":{"rendered":"S\u00e3o Gon\u00e7alo aplica vacina meningoc\u00f3cica ACWY como dose de refor\u00e7o"},"content":{"rendered":"\n<p><em>Crian\u00e7as de 12 meses de idade podem receber o imunizante\u00a0<\/em><\/p>\n\n\n\n<p>A Secretaria Municipal de Sa\u00fade de S\u00e3o Gon\u00e7alo informou que vai aplicar, a partir desta ter\u00e7a-feira, 1\u00ba de julho, a vacina Meningoc\u00f3cica ACWY (conjugada) como dose de refor\u00e7o para crian\u00e7as de 12 meses de idade em substitui\u00e7\u00e3o \u00e0 meningoc\u00f3cica C. <\/p>\n\n\n\n<p>O imunizante est\u00e1 dispon\u00edvel em 62 salas de vacina\u00e7\u00e3o: em 60 unidades, de segunda a sexta, das 8h \u00e0s 17h, e nas duas Cl\u00ednicas Municipais Gon\u00e7alense do Mutondo e da Fam\u00edlia Dr. Zerbini, no Arsenal, durante a semana, das 8h \u00e0s 21h. Aos s\u00e1bados, a vacina\u00e7\u00e3o ocorre somente nas cl\u00ednicas, das 8h \u00e0s 12h.<\/p>\n\n\n\n<p>Com a mudan\u00e7a, os beb\u00eas devem receber a primeira e segunda doses com a vacina meningoc\u00f3cica C aos tr\u00eas e cinco meses de vida. Aos 12 meses, o refor\u00e7o, que antes era realizado com a meningoc\u00f3cica C, passa a ser feito com a ACWY \u2013 ampliando a prote\u00e7\u00e3o contra mais tr\u00eas sorotipos da bact\u00e9ria e reduzindo os riscos de casos graves de meningite e septicemia (infec\u00e7\u00e3o generalizada grave). A recomenda\u00e7\u00e3o \u00e9 do Minist\u00e9rio da Sa\u00fade.\u00a0<\/p>\n\n\n\n<p>As crian\u00e7as que j\u00e1 receberam as tr\u00eas doses da meningoc\u00f3cica C n\u00e3o precisar\u00e3o receber o novo refor\u00e7o. Aquelas que n\u00e3o receberam a terceira dose da meningoc\u00f3cica C aos 12 meses, poder\u00e3o receber o refor\u00e7o da ACWY at\u00e9 os 4 anos, 11 meses e 29 dias.<\/p>\n\n\n\n<p>A oferta da ACWY continua para os adolescentes de 11 a 14 anos em dose \u00fanica. A vacina meningoc\u00f3cica ACWY foi implantada na rotina de vacina\u00e7\u00e3o dos adolescentes entre 11 e 12 anos em 2020. Em 2022, o Programa Nacional de Imuniza\u00e7\u00f5es (PNI) do Minist\u00e9rio da Sa\u00fade incluiu no Calend\u00e1rio Nacional de Vacina\u00e7\u00e3o, os adolescentes de 13 e 14 anos.\u00a0<\/p>\n\n\n\n<p>A meningite \u00e9 uma inflama\u00e7\u00e3o das meninges, membranas que revestem o c\u00e9rebro e a medula espinhal. Pode ser causada por bact\u00e9rias, v\u00edrus, fungos e parasitas, mas tamb\u00e9m pode ter origem n\u00e3o infecciosa. As meningites bacterianas s\u00e3o mais frequentes no outono e inverno. As virais predominam na primavera e ver\u00e3o.\u00a0<\/p>\n\n\n\n<p>\u201cA medida visa fortalecer a prote\u00e7\u00e3o da popula\u00e7\u00e3o infantil contra doen\u00e7as meningoc\u00f3cicas, que podem causar meningite e sepse, que s\u00e3o condi\u00e7\u00f5es s\u00e9rias e podem ter consequ\u00eancias graves, incluindo sequelas como perda da audi\u00e7\u00e3o, problemas neurol\u00f3gicos, amputa\u00e7\u00f5es e perda da vis\u00e3o ou at\u00e9 mesmo risco de vida. A imuniza\u00e7\u00e3o precoce \u00e9 essencial para proteger a sa\u00fade das crian\u00e7as e da comunidade como um todo\u201d, explicou a subsecret\u00e1ria de Sa\u00fade Coletiva, Thain\u00e1 Fratane.\u00a0<\/p>\n\n\n\n<p><strong>Locais de vacina\u00e7\u00e3o<\/strong><\/p>\n\n\n\n<p>1 \u2013 Polo Sanit\u00e1rio Paulo Marques Rangel, Porto do Rosa<\/p>\n\n\n\n<p>2 \u2013 USF Jardim Catarina I<\/p>\n\n\n\n<p>3 \u2013 USF Jos\u00e9 Avelino de Souza, Tribob\u00f3<\/p>\n\n\n\n<p>4 \u2013 USF Agenor Jos\u00e9 da Silva, Jardim Catarina<\/p>\n\n\n\n<p>5 \u2013 USF Louis Pasteur, Guaxindiba<\/p>\n\n\n\n<p>6 \u2013 Cl\u00ednica Gon\u00e7alense do Barro Vermelho<\/p>\n\n\n\n<p>7 \u2013 PAM Coelho<\/p>\n\n\n\n<p>8 \u2013 Polo Sanit\u00e1rio Washington Luiz Lopes, Z\u00e9 Garoto<\/p>\n\n\n\n<p>9 \u2013 USF David Capistrano, Ita\u00fana<\/p>\n\n\n\n<p>10 \u2013 USF Barbosa Lima Sobrinho, Boa Vista<\/p>\n\n\n\n<p>11 \u2013 Cl\u00ednica Municipal Gon\u00e7alense do Mutondo<\/p>\n\n\n\n<p>12 \u2013 USF Jos\u00e9 Bruno Neto, Boa Vista<\/p>\n\n\n\n<p>13 \u2013 USF Floren\u00e7a Pereira, Largo da Ideia<\/p>\n\n\n\n<p>14 \u2013 Polo Sanit\u00e1rio H\u00e9lio Cruz, Alc\u00e2ntara<\/p>\n\n\n\n<p>15 \u2013 USF Jos\u00e9 Jorge Cortes Freitas, Itaitindiba<\/p>\n\n\n\n<p>16 \u2013 Polo Sanit\u00e1rio Augusto Sena, Rio do Ouro<\/p>\n\n\n\n<p>17 \u2013 USF Anaia<\/p>\n\n\n\n<p>18 \u2013 USF Ana Nery, Gradim<\/p>\n\n\n\n<p>19 \u2013 Polo Sanit\u00e1rio Jorge Teixeira de Lima, Jardim Catarina<\/p>\n\n\n\n<p>20 \u2013 USF Mahatma Gandhi, Jardim Calif\u00f3rnia<\/p>\n\n\n\n<p>21 \u2013 USF Manoel De Abreu, Ipi\u00edba<\/p>\n\n\n\n<p>22 \u2013 USF Altair da Silva, Mutu\u00e1<\/p>\n\n\n\n<p>23 \u2013 USF Madre Teresa de Calcut\u00e1, Estrela do Norte<\/p>\n\n\n\n<p>24 \u2013 USF Juvenil Francisco Ribeiro, Engenho Pequeno<\/p>\n\n\n\n<p>25 \u2013 USF Fl\u00e1vio Henrique de Brito, J\u00f3quei<\/p>\n\n\n\n<p>26 \u2013 USF Irm\u00e3 Dulce, Trindade<\/p>\n\n\n\n<p>27 \u2013 USF Luiz Paulo Guimar\u00e3es, Laranjal<\/p>\n\n\n\n<p>28 \u2013 USF Em\u00edlio Ribas, Barrac\u00e3o<\/p>\n\n\n\n<p>29 \u2013 USF Elza Borges, Santa Luzia<\/p>\n\n\n\n<p>30 \u2013 PAM Neves<\/p>\n\n\n\n<p>31 \u2013 USF Ary Teixeira, Jardim Bom Retiro<\/p>\n\n\n\n<p>32 \u2013 USF Luiz Carlos Prestes, Santa Catarina<\/p>\n\n\n\n<p>33 \u2013 USF Neuza Goulart, Salgueiro<\/p>\n\n\n\n<p>34 \u2013 USF Haroldo Pereira Nunes, Porto Novo<\/p>\n\n\n\n<p>35 \u2013 Cl\u00ednica Municipal da Fam\u00edlia Dr. Zerbini, Arsenal<\/p>\n\n\n\n<p>36 \u2013 USF Alexander Fleming, Boa\u00e7u<\/p>\n\n\n\n<p>37 \u2013 USF Bandeirantes<\/p>\n\n\n\n<p>38 \u2013 USF Tancredo Neves, Luiz Ca\u00e7ador<\/p>\n\n\n\n<p>39 \u2013 USF Geremias de Mattos Fontes, Jardim Bom Retiro<\/p>\n\n\n\n<p>40 \u2013 USF Quinta Dom Ricardo<\/p>\n\n\n\n<p>41 \u2013 USF Wally Figueira da Silva, Rocha<\/p>\n\n\n\n<p>42 \u2013 USF Hiparco Ferreira, Engenho do Ro\u00e7ado<\/p>\n\n\n\n<p>43 \u2013 USF Almerinda<\/p>\n\n\n\n<p>44 \u2013 USF Lu\u00edsa de Marilac, Novo M\u00e9xico<\/p>\n\n\n\n<p>45 \u2013 Cl\u00ednica Municipal Gon\u00e7alense do Coluband\u00ea<\/p>\n\n\n\n<p>46 \u2013 USF Presidente Get\u00falio Vargas, Boa Vista<\/p>\n\n\n\n<p>47 \u2013 USF Dr. Robert Koch, Porto da Madama<\/p>\n\n\n\n<p>48 \u2013 USF Doutel de Andrade, Maria Paula<\/p>\n\n\n\n<p>49 \u2013 USF Marilea Cardoso, J\u00f3quei<\/p>\n\n\n\n<p>50 \u2013 USF \u00c1gua Mineral<\/p>\n\n\n\n<p>51 \u2013 USF Adolfo Lutz, Amendoeira<\/p>\n\n\n\n<p>52 \u2013 USF Port\u00e3o do Rosa<\/p>\n\n\n\n<p>53 \u2013 USF An\u00edbal Porto, Monjolos<\/p>\n\n\n\n<p>54 \u2013 USF Albert Sabin, Fazenda dos Mineiros<\/p>\n\n\n\n<p>55 \u2013 USF Floriano Barbosa, Jardim Catarina<\/p>\n\n\n\n<p>56 \u2013 USF Juarez Antunes, Laranjal<\/p>\n\n\n\n<p>57\u2013 USF Victor Chimelly, Paiva<\/p>\n\n\n\n<p>58 \u2013 USF Jardel do Amaral, Venda da Cruz<\/p>\n\n\n\n<p>59 \u2013 USF Armando Le\u00e3o, Morro do Castro<\/p>\n\n\n\n<p>60 \u2013 USF Roberto Silveira, Vista Alegre<\/p>\n\n\n\n<p>61 \u2013 USF Santa Luzia<\/p>\n\n\n\n<p>62 \u2013 USF Vista Alegre<\/p>\n\n\n\n<p><em>Foto: Luiz Carvalho<\/em>.<\/p>\n\n\n\n<p><strong><em>S\u00e3o Gon\u00e7alo vai mudar: Not\u00edcias de S\u00e3o Gon\u00e7alo e toda regi\u00e3o.<\/em><\/strong><\/p>\n\n\n\n<figure class=\"wp-block-image size-large\"><img fetchpriority=\"high\" decoding=\"async\" width=\"1024\" height=\"252\" src=\"https:\/\/sgvaimudar.com.br\/wp-content\/uploads\/2025\/03\/Anuncie-Aqui-Sao-Goncalo-vai-mudar-1024x252.jpg\" alt=\"\" class=\"wp-image-22693\" srcset=\"https:\/\/sgvaimudar.com.br\/wp-content\/uploads\/2025\/03\/Anuncie-Aqui-Sao-Goncalo-vai-mudar-1024x252.jpg 1024w, https:\/\/sgvaimudar.com.br\/wp-content\/uploads\/2025\/03\/Anuncie-Aqui-Sao-Goncalo-vai-mudar-300x74.jpg 300w, https:\/\/sgvaimudar.com.br\/wp-content\/uploads\/2025\/03\/Anuncie-Aqui-Sao-Goncalo-vai-mudar-768x189.jpg 768w, https:\/\/sgvaimudar.com.br\/wp-content\/uploads\/2025\/03\/Anuncie-Aqui-Sao-Goncalo-vai-mudar-1536x378.jpg 1536w, https:\/\/sgvaimudar.com.br\/wp-content\/uploads\/2025\/03\/Anuncie-Aqui-Sao-Goncalo-vai-mudar-2048x504.jpg 2048w\" sizes=\"(max-width: 1024px) 100vw, 1024px\" \/><\/figure>\n","protected":false},"excerpt":{"rendered":"<p>Crian\u00e7as de 12 meses de idade podem receber o imunizante\u00a0 A Secretaria Municipal de Sa\u00fade de S\u00e3o Gon\u00e7alo informou que&hellip;<\/p>\n","protected":false},"author":5,"featured_media":27316,"comment_status":"open","ping_status":"open","sticky":false,"template":"","format":"standard","meta":{"fifu_image_url":"","fifu_image_alt":"","footnotes":""},"categories":[7],"tags":[47,75],"class_list":["post-27315","post","type-post","status-publish","format-standard","has-post-thumbnail","hentry","category-saude","tag-rj","tag-sao-goncalo"],"_links":{"self":[{"href":"https:\/\/sgvaimudar.com.br\/index.php\/wp-json\/wp\/v2\/posts\/27315","targetHints":{"allow":["GET"]}}],"collection":[{"href":"https:\/\/sgvaimudar.com.br\/index.php\/wp-json\/wp\/v2\/posts"}],"about":[{"href":"https:\/\/sgvaimudar.com.br\/index.php\/wp-json\/wp\/v2\/types\/post"}],"author":[{"embeddable":true,"href":"https:\/\/sgvaimudar.com.br\/index.php\/wp-json\/wp\/v2\/users\/5"}],"replies":[{"embeddable":true,"href":"https:\/\/sgvaimudar.com.br\/index.php\/wp-json\/wp\/v2\/comments?post=27315"}],"version-history":[{"count":1,"href":"https:\/\/sgvaimudar.com.br\/index.php\/wp-json\/wp\/v2\/posts\/27315\/revisions"}],"predecessor-version":[{"id":27317,"href":"https:\/\/sgvaimudar.com.br\/index.php\/wp-json\/wp\/v2\/posts\/27315\/revisions\/27317"}],"wp:featuredmedia":[{"embeddable":true,"href":"https:\/\/sgvaimudar.com.br\/index.php\/wp-json\/wp\/v2\/media\/27316"}],"wp:attachment":[{"href":"https:\/\/sgvaimudar.com.br\/index.php\/wp-json\/wp\/v2\/media?parent=27315"}],"wp:term":[{"taxonomy":"category","embeddable":true,"href":"https:\/\/sgvaimudar.com.br\/index.php\/wp-json\/wp\/v2\/categories?post=27315"},{"taxonomy":"post_tag","embeddable":true,"href":"https:\/\/sgvaimudar.com.br\/index.php\/wp-json\/wp\/v2\/tags?post=27315"}],"curies":[{"name":"wp","href":"https:\/\/api.w.org\/{rel}","templated":true}]}}