{"id":27310,"date":"2025-07-01T09:59:00","date_gmt":"2025-07-01T12:59:00","guid":{"rendered":"https:\/\/sgvaimudar.com.br\/?p=27310"},"modified":"2025-07-01T08:39:38","modified_gmt":"2025-07-01T11:39:38","slug":"gm-de-marica-garante-a-seguranca-de-trilheiros-durante-incendio-provocado-por-balao-no-morro-do-elefante","status":"publish","type":"post","link":"https:\/\/sgvaimudar.com.br\/index.php\/2025\/07\/01\/gm-de-marica-garante-a-seguranca-de-trilheiros-durante-incendio-provocado-por-balao-no-morro-do-elefante\/","title":{"rendered":"GM de Maric\u00e1 garante a seguran\u00e7a de trilheiros durante inc\u00eandio provocado por bal\u00e3o no Morro do Elefante"},"content":{"rendered":"\n<p><em>Grupamento Tur\u00edstico evacua local com efici\u00eancia, evitando acidentes e colaborando com \u00f3rg\u00e3os ambientais no controle das chamas em Itaipua\u00e7u<br><\/em><br>A Prefeitura de Maric\u00e1, por meio da Secretaria de Seguran\u00e7a Cidad\u00e3, foi acionada por um morador que percebeu uma densa fuma\u00e7a nas proximidades da trilha do Morro do Elefante, em Itaipua\u00e7u, na manh\u00e3 deste domingo (29\/06).\u00a0 <\/p>\n\n\n\n<p>No local, agentes do Grupamento Tur\u00edstico (GTUR), da Guarda Municipal, foram informados por um servidor do Instituto Estadual do Ambiente (Inea) que o inc\u00eandio teria sido causado pela poss\u00edvel queda de um bal\u00e3o.<\/p>\n\n\n\n<p>De imediato, o GTUR iniciou a evacua\u00e7\u00e3o dos visitantes da trilha para garantir a seguran\u00e7a de todos. Ap\u00f3s cerca de uma hora de subida at\u00e9 a regi\u00e3o conhecida como &#8220;Carrasqueira&#8221; ou &#8220;Cabe\u00e7a do Elefante&#8221;, pr\u00f3ximo ao topo do morro, a equipe conseguiu orientar e retirar com seguran\u00e7a os trilheiros. Tr\u00eas servidores do Inea realizaram varredura para confirmar que n\u00e3o havia mais pessoas na \u00e1rea afetada.<\/p>\n\n\n\n<p>Apesar da intensa fuma\u00e7a que cobria a regi\u00e3o, a descida ocorreu sem incidentes, e todos os visitantes foram retirados em seguran\u00e7a. Ao final da opera\u00e7\u00e3o, os trilheiros e servidores do Inea agradeceram o pronto atendimento e o apoio do Grupamento Tur\u00edstico da Guarda Municipal.\u00a0 As chamadas foram controladas pelo Corpo de Bombeiros.<\/p>\n\n\n\n<p>&#8220;A Prefeitura refor\u00e7a seu compromisso com a seguran\u00e7a e a preserva\u00e7\u00e3o ambiental das \u00e1reas de lazer da cidade&#8221;, disse o Executivo maricaense no texto.<\/p>\n\n\n\n<p>Foto Cr\u00e9dito: Divulga\u00e7\u00e3o<\/p>\n\n\n\n<p><strong><em>Fa\u00e7a sua den\u00fancia pelo nosso WhatsApp: (21) <\/em><\/strong><strong><em>99744 5345<\/em><\/strong><strong><em><\/em><\/strong><\/p>\n\n\n\n<p><strong><em>S\u00e3o Gon\u00e7alo vai mudar: Not\u00edcias de S\u00e3o Gon\u00e7alo e toda regi\u00e3o.<\/em><\/strong><\/p>\n\n\n\n<figure class=\"wp-block-image size-large\"><img fetchpriority=\"high\" decoding=\"async\" width=\"1024\" height=\"252\" src=\"https:\/\/sgvaimudar.com.br\/wp-content\/uploads\/2025\/03\/Anuncie-Aqui-Sao-Goncalo-vai-mudar-1024x252.jpg\" alt=\"\" class=\"wp-image-22693\" srcset=\"https:\/\/sgvaimudar.com.br\/wp-content\/uploads\/2025\/03\/Anuncie-Aqui-Sao-Goncalo-vai-mudar-1024x252.jpg 1024w, https:\/\/sgvaimudar.com.br\/wp-content\/uploads\/2025\/03\/Anuncie-Aqui-Sao-Goncalo-vai-mudar-300x74.jpg 300w, https:\/\/sgvaimudar.com.br\/wp-content\/uploads\/2025\/03\/Anuncie-Aqui-Sao-Goncalo-vai-mudar-768x189.jpg 768w, https:\/\/sgvaimudar.com.br\/wp-content\/uploads\/2025\/03\/Anuncie-Aqui-Sao-Goncalo-vai-mudar-1536x378.jpg 1536w, https:\/\/sgvaimudar.com.br\/wp-content\/uploads\/2025\/03\/Anuncie-Aqui-Sao-Goncalo-vai-mudar-2048x504.jpg 2048w\" sizes=\"(max-width: 1024px) 100vw, 1024px\" \/><\/figure>\n","protected":false},"excerpt":{"rendered":"<p>Grupamento Tur\u00edstico evacua local com efici\u00eancia, evitando acidentes e colaborando com \u00f3rg\u00e3os ambientais no controle das chamas em Itaipua\u00e7uA Prefeitura&hellip;<\/p>\n","protected":false},"author":5,"featured_media":27311,"comment_status":"open","ping_status":"open","sticky":false,"template":"","format":"standard","meta":{"fifu_image_url":"","fifu_image_alt":"","footnotes":""},"categories":[32],"tags":[47],"class_list":["post-27310","post","type-post","status-publish","format-standard","has-post-thumbnail","hentry","category-casos-de-policia","tag-rj"],"_links":{"self":[{"href":"https:\/\/sgvaimudar.com.br\/index.php\/wp-json\/wp\/v2\/posts\/27310","targetHints":{"allow":["GET"]}}],"collection":[{"href":"https:\/\/sgvaimudar.com.br\/index.php\/wp-json\/wp\/v2\/posts"}],"about":[{"href":"https:\/\/sgvaimudar.com.br\/index.php\/wp-json\/wp\/v2\/types\/post"}],"author":[{"embeddable":true,"href":"https:\/\/sgvaimudar.com.br\/index.php\/wp-json\/wp\/v2\/users\/5"}],"replies":[{"embeddable":true,"href":"https:\/\/sgvaimudar.com.br\/index.php\/wp-json\/wp\/v2\/comments?post=27310"}],"version-history":[{"count":2,"href":"https:\/\/sgvaimudar.com.br\/index.php\/wp-json\/wp\/v2\/posts\/27310\/revisions"}],"predecessor-version":[{"id":27314,"href":"https:\/\/sgvaimudar.com.br\/index.php\/wp-json\/wp\/v2\/posts\/27310\/revisions\/27314"}],"wp:featuredmedia":[{"embeddable":true,"href":"https:\/\/sgvaimudar.com.br\/index.php\/wp-json\/wp\/v2\/media\/27311"}],"wp:attachment":[{"href":"https:\/\/sgvaimudar.com.br\/index.php\/wp-json\/wp\/v2\/media?parent=27310"}],"wp:term":[{"taxonomy":"category","embeddable":true,"href":"https:\/\/sgvaimudar.com.br\/index.php\/wp-json\/wp\/v2\/categories?post=27310"},{"taxonomy":"post_tag","embeddable":true,"href":"https:\/\/sgvaimudar.com.br\/index.php\/wp-json\/wp\/v2\/tags?post=27310"}],"curies":[{"name":"wp","href":"https:\/\/api.w.org\/{rel}","templated":true}]}}