{"id":27305,"date":"2025-07-01T10:00:00","date_gmt":"2025-07-01T13:00:00","guid":{"rendered":"https:\/\/sgvaimudar.com.br\/?p=27305"},"modified":"2025-07-01T08:27:51","modified_gmt":"2025-07-01T11:27:51","slug":"sao-goncalo-tem-julho-recheado-de-cultura-com-teatro-musica-danca-e-festivais","status":"publish","type":"post","link":"https:\/\/sgvaimudar.com.br\/index.php\/2025\/07\/01\/sao-goncalo-tem-julho-recheado-de-cultura-com-teatro-musica-danca-e-festivais\/","title":{"rendered":"S\u00e3o Gon\u00e7alo t\u00eam julho recheado de cultura com teatro, m\u00fasica, dan\u00e7a e festivais"},"content":{"rendered":"\n<p><em>Programa\u00e7\u00f5es acontecer\u00e3o no Teatro Municipal e na Feira de Tradi\u00e7\u00f5es Nordestinas<\/em><\/p>\n\n\n\n<p>O m\u00eas de julho chega com uma programa\u00e7\u00e3o cultural em S\u00e3o Gon\u00e7alo com atra\u00e7\u00f5es para todas as idades. O Teatro Municipal George Savalla Gomes, no Centro, e a Feira de Tradi\u00e7\u00f5es Nordestinas, em Neves, ser\u00e3o palcos de espet\u00e1culos teatrais, musicais e de dan\u00e7a, al\u00e9m de sediar festivais que celebram a cultura urbana.\u00a0Um dos destaques \u00e9 o Fest Hip Hop, no Centro de Tradi\u00e7\u00f5es Nordestinas, com entrada gratuita.<\/p>\n\n\n\n<figure class=\"wp-block-image size-large\"><img fetchpriority=\"high\" decoding=\"async\" width=\"1024\" height=\"758\" src=\"https:\/\/sgvaimudar.com.br\/wp-content\/uploads\/2025\/07\/unnamed-12-1024x758.jpg\" alt=\"\" class=\"wp-image-27307\" srcset=\"https:\/\/sgvaimudar.com.br\/wp-content\/uploads\/2025\/07\/unnamed-12-1024x758.jpg 1024w, https:\/\/sgvaimudar.com.br\/wp-content\/uploads\/2025\/07\/unnamed-12-300x222.jpg 300w, https:\/\/sgvaimudar.com.br\/wp-content\/uploads\/2025\/07\/unnamed-12-768x568.jpg 768w, https:\/\/sgvaimudar.com.br\/wp-content\/uploads\/2025\/07\/unnamed-12.jpg 1170w\" sizes=\"(max-width: 1024px) 100vw, 1024px\" \/><\/figure>\n\n\n\n<p><strong>&#8211; 5 de julho:<\/strong>\u00a0&#8216;O Orfanato e o Mist\u00e9rio dos Sonhos&#8217; ser\u00e1 encenado no Teatro Municipal, com classifica\u00e7\u00e3o livre, \u00e0s 15h30. A hist\u00f3ria acontece no orfanato da Madame, onde objetos somem, misteriosos ratos ladr\u00f5es aparecem, mas eles s\u00e3o o menor dos problemas. Algo muito mais misterioso espreita e rouba n\u00e3o apenas brinquedos. Agora as crian\u00e7as precisar\u00e3o desvendar esse mist\u00e9rio antes que seja tarde demais.<\/p>\n\n\n\n<p>Local: Teatro Municipal de S\u00e3o Gon\u00e7alo<\/p>\n\n\n\n<p>Hor\u00e1rio: 15h30<\/p>\n\n\n\n<p>Classifica\u00e7\u00e3o: Livre<\/p>\n\n\n\n<p>Ingresso: Para adquirir os ingressos, entrar em contato com a diretora Carol Araujo pelo whatsapp (21 97597-1110)<\/p>\n\n\n\n<p>Valor: 40,00 inteira \/ 20,00 meia<\/p>\n\n\n\n<p><strong>&#8211; 5 de julho:<\/strong>&nbsp;&#8220;A Casa da Rua 8&#8221; tamb\u00e9m ser\u00e1 encenada no Teatro Municipal, contando uma aventura da banda de rock &#8220;Os Espectros&#8221; e o grupo de YouTubers &#8220;Ca\u00e7adores&#8221;, que est\u00e3o presos em uma casa abandonada onde o tempo e o espa\u00e7o se comportam de forma muito estranha.&nbsp;<\/p>\n\n\n\n<p>Local: Teatro Municipal de S\u00e3o Gon\u00e7alo<\/p>\n\n\n\n<p>Hor\u00e1rio: 18h30<\/p>\n\n\n\n<p>Classifica\u00e7\u00e3o: livre<\/p>\n\n\n\n<p>Ingresso: Para adquirir os ingressos, entrar em contato com a diretora Carol Araujo pelo whatsapp (21 97597-1110)<\/p>\n\n\n\n<p>Valor: 40,00 inteira\/ 20,00 meia<\/p>\n\n\n\n<p><strong>&#8211; 6 de julho:<\/strong>&nbsp;Fest Hip-Hop \u00e9 um projeto contemplado pela Pol\u00edtica Nacional Aldir Blanc (PNAB), que visa o fortalecimento e a retomada da cultura hip hop em S\u00e3o Gon\u00e7alo, cidade que abrigou e formou v\u00e1rios expoentes do g\u00eanero em n\u00edvel nacional. O evento vai mesclar talentos da cidade e convidados, expondo os elementos dessa cultura: rapper, DJ, graffiti e B.boy.<\/p>\n\n\n\n<p>Local: Centro de Tradi\u00e7\u00f5es de Nordestinas \u201cSevero, Embaixador Nordestino\u201d<\/p>\n\n\n\n<p>Hor\u00e1rio: 16h<\/p>\n\n\n\n<p>Classifica\u00e7\u00e3o: Livre<\/p>\n\n\n\n<p>Ingresso: Entrada franca<\/p>\n\n\n\n<p><strong>&#8211; 6 de julho:<\/strong>&nbsp;Turn\u00ea Segue o Sol apresenta o cantor e compositor Marcelo Daimom, com can\u00e7\u00f5es leves, melodias contagiantes com letras muito bem constru\u00eddas que valorizam a sua conex\u00e3o com a espiritualidade interior.<\/p>\n\n\n\n<p>Local: Teatro Municipal de S\u00e3o Gon\u00e7alo<\/p>\n\n\n\n<p>Hor\u00e1rio: 18h<\/p>\n\n\n\n<p>Classifica\u00e7\u00e3o: Livre<\/p>\n\n\n\n<p>Ingresso: Pelo whatsapp (21 968916541)&nbsp;<\/p>\n\n\n\n<p>Valor: 60,00 inteira \/ 30,00 meia<\/p>\n\n\n\n<p><strong>&#8211; 16 e 18 de junho:<\/strong>&nbsp;Karla Ak\u00f4 Dance \u00e9 um espet\u00e1culo de dan\u00e7a tem\u00e1tico com os alunos do projeto, com o intuito de trabalhar a veia art\u00edstica, com cen\u00e1rio, atua\u00e7\u00f5es e dan\u00e7a.<\/p>\n\n\n\n<p>Local: Teatro Municipal de S\u00e3o Gon\u00e7alo<\/p>\n\n\n\n<p>Hor\u00e1rio: 18h<\/p>\n\n\n\n<p>Classifica\u00e7\u00e3o: Livre<\/p>\n\n\n\n<p>Ingresso: Karla Oliveira (21 99437-9582)&nbsp;<\/p>\n\n\n\n<p>Valor: 30,00 inteira \/ 15,00 meia<\/p>\n\n\n\n<p><strong>&#8211; 25, 26 e 27 de julho:<\/strong>\u00a0O Festival Tran\u00e7ar \u00e9 Esperan\u00e7ar est\u00e1 de volta para sua segunda edi\u00e7\u00e3o, ainda maior e mais potente. O evento \u00e9 realizado pela Associa\u00e7\u00e3o Mulheres da Parada e contemplado pela Pol\u00edtica Nacional Aldir Blanc (PNAB) em 2024, em celebra\u00e7\u00e3o ao Dia da Mulher Negra Latino-Americana e Caribenha.\u00a0\u00a0<\/p>\n\n\n\n<figure class=\"wp-block-image size-large\"><img decoding=\"async\" width=\"1024\" height=\"682\" src=\"https:\/\/sgvaimudar.com.br\/wp-content\/uploads\/2025\/07\/unnamed-11-1024x682.jpg\" alt=\"\" class=\"wp-image-27308\" srcset=\"https:\/\/sgvaimudar.com.br\/wp-content\/uploads\/2025\/07\/unnamed-11-1024x682.jpg 1024w, https:\/\/sgvaimudar.com.br\/wp-content\/uploads\/2025\/07\/unnamed-11-300x200.jpg 300w, https:\/\/sgvaimudar.com.br\/wp-content\/uploads\/2025\/07\/unnamed-11-768x512.jpg 768w, https:\/\/sgvaimudar.com.br\/wp-content\/uploads\/2025\/07\/unnamed-11-1536x1023.jpg 1536w, https:\/\/sgvaimudar.com.br\/wp-content\/uploads\/2025\/07\/unnamed-11.jpg 1600w\" sizes=\"(max-width: 1024px) 100vw, 1024px\" \/><\/figure>\n\n\n\n<p>Nesta edi\u00e7\u00e3o, a programa\u00e7\u00e3o se estrutura em quatro pilares: cultura e ancestralidade viva; empreendedorismo e economia criativa; afeto, reconhecimento e mem\u00f3ria; sustentabilidade e impacto social. Durante os tr\u00eas dias, o p\u00fablico poder\u00e1 participar de oficinas, palestras, feiras, shows e concurso de tran\u00e7as, al\u00e9m de acompanhar pitches com premia\u00e7\u00e3o e investimento semente para 40 mulheres empreendedoras.<\/p>\n\n\n\n<p>Local: Teatro Municipal de S\u00e3o Gon\u00e7alo<\/p>\n\n\n\n<p>Hor\u00e1rio: 9h \u00e0s 22h<\/p>\n\n\n\n<p>Classifica\u00e7\u00e3o: Livre<\/p>\n\n\n\n<p>Ingresso:\u00a0<a rel=\"noreferrer noopener\" href=\"https:\/\/click.cse360.com.br\/Click\/AddCampaignEmailClick\/2dcdc18d-3837-4280-9a0f-08ddb7cdd5e7\/https%253a%252f%252fwww.sympla.com.br%252fevento%252ffestival-trancar-e-esperancar-2025%252f3001140%253f_gl%253d1*p620qj*_gcl_au*MTIyNTM4Mjg4MC4xNzQ5NjY4NzU5*_ga*MTc2MTU2MzI5Ni4xNzQ5NjY4NzU5*_ga_KXH10SQTZF*czE3NTAxMTI4OTMkbzQkZzEkdDE3NTAxMTM3OD\/ac66966e-2b55-4484-fb2c-08dc491eed5f\/jornalistaws@gmail.com\/False\" target=\"_blank\">https:\/\/www.sympla.com.br\/evento\/festival-trancar-e-esperancar-2025\/3001140?_gl=1*p620qj*_gcl_au*MTIyNTM4Mjg4MC4xNzQ5NjY4NzU5*_ga*MTc2MTU2MzI5Ni4xNzQ5NjY4NzU5*_ga_KXH10SQTZF*czE3NTAxMTI4OTMkbzQkZzEkdDE3NTAxMTM3OD<\/a>.<\/p>\n\n\n\n<p><strong>&#8211; 31 de julho:<\/strong>\u00a0Momento Salvatori \u00e9 um grupo formado por mais de 30 artistas da terceira idade, da cidade de S\u00e3o Gon\u00e7alo. O projeto tem objetivo de oferecer seresta ao grande p\u00fablico, de forma acess\u00edvel e gratuita na regi\u00e3o central de S\u00e3o Gon\u00e7alo. O grupo art\u00edstico foi criado pelo saudoso jornalista Assueres Barbosa e Josias \u00c1vila.\u00a0<\/p>\n\n\n\n<p>Local: Teatro Municipal de S\u00e3o Gon\u00e7alo<\/p>\n\n\n\n<p>Hor\u00e1rio: 10h.<\/p>\n\n\n\n<p><strong><em>S\u00e3o Gon\u00e7alo vai mudar: Not\u00edcias de S\u00e3o Gon\u00e7alo e toda regi\u00e3o.<\/em><\/strong><\/p>\n\n\n\n<figure class=\"wp-block-image size-large\"><img decoding=\"async\" width=\"1024\" height=\"252\" src=\"https:\/\/sgvaimudar.com.br\/wp-content\/uploads\/2025\/03\/Anuncie-Aqui-Sao-Goncalo-vai-mudar-1024x252.jpg\" alt=\"\" class=\"wp-image-22693\" srcset=\"https:\/\/sgvaimudar.com.br\/wp-content\/uploads\/2025\/03\/Anuncie-Aqui-Sao-Goncalo-vai-mudar-1024x252.jpg 1024w, https:\/\/sgvaimudar.com.br\/wp-content\/uploads\/2025\/03\/Anuncie-Aqui-Sao-Goncalo-vai-mudar-300x74.jpg 300w, https:\/\/sgvaimudar.com.br\/wp-content\/uploads\/2025\/03\/Anuncie-Aqui-Sao-Goncalo-vai-mudar-768x189.jpg 768w, https:\/\/sgvaimudar.com.br\/wp-content\/uploads\/2025\/03\/Anuncie-Aqui-Sao-Goncalo-vai-mudar-1536x378.jpg 1536w, https:\/\/sgvaimudar.com.br\/wp-content\/uploads\/2025\/03\/Anuncie-Aqui-Sao-Goncalo-vai-mudar-2048x504.jpg 2048w\" sizes=\"(max-width: 1024px) 100vw, 1024px\" \/><\/figure>\n","protected":false},"excerpt":{"rendered":"<p>Programa\u00e7\u00f5es acontecer\u00e3o no Teatro Municipal e na Feira de Tradi\u00e7\u00f5es Nordestinas O m\u00eas de julho chega com uma programa\u00e7\u00e3o cultural&hellip;<\/p>\n","protected":false},"author":5,"featured_media":27306,"comment_status":"open","ping_status":"open","sticky":false,"template":"","format":"standard","meta":{"fifu_image_url":"","fifu_image_alt":"","footnotes":""},"categories":[6],"tags":[75],"class_list":["post-27305","post","type-post","status-publish","format-standard","has-post-thumbnail","hentry","category-entretenimento","tag-sao-goncalo"],"_links":{"self":[{"href":"https:\/\/sgvaimudar.com.br\/index.php\/wp-json\/wp\/v2\/posts\/27305","targetHints":{"allow":["GET"]}}],"collection":[{"href":"https:\/\/sgvaimudar.com.br\/index.php\/wp-json\/wp\/v2\/posts"}],"about":[{"href":"https:\/\/sgvaimudar.com.br\/index.php\/wp-json\/wp\/v2\/types\/post"}],"author":[{"embeddable":true,"href":"https:\/\/sgvaimudar.com.br\/index.php\/wp-json\/wp\/v2\/users\/5"}],"replies":[{"embeddable":true,"href":"https:\/\/sgvaimudar.com.br\/index.php\/wp-json\/wp\/v2\/comments?post=27305"}],"version-history":[{"count":1,"href":"https:\/\/sgvaimudar.com.br\/index.php\/wp-json\/wp\/v2\/posts\/27305\/revisions"}],"predecessor-version":[{"id":27309,"href":"https:\/\/sgvaimudar.com.br\/index.php\/wp-json\/wp\/v2\/posts\/27305\/revisions\/27309"}],"wp:featuredmedia":[{"embeddable":true,"href":"https:\/\/sgvaimudar.com.br\/index.php\/wp-json\/wp\/v2\/media\/27306"}],"wp:attachment":[{"href":"https:\/\/sgvaimudar.com.br\/index.php\/wp-json\/wp\/v2\/media?parent=27305"}],"wp:term":[{"taxonomy":"category","embeddable":true,"href":"https:\/\/sgvaimudar.com.br\/index.php\/wp-json\/wp\/v2\/categories?post=27305"},{"taxonomy":"post_tag","embeddable":true,"href":"https:\/\/sgvaimudar.com.br\/index.php\/wp-json\/wp\/v2\/tags?post=27305"}],"curies":[{"name":"wp","href":"https:\/\/api.w.org\/{rel}","templated":true}]}}