{"id":27302,"date":"2025-07-01T08:59:00","date_gmt":"2025-07-01T11:59:00","guid":{"rendered":"https:\/\/sgvaimudar.com.br\/?p=27302"},"modified":"2025-07-01T08:19:50","modified_gmt":"2025-07-01T11:19:50","slug":"bicho-pegou-no-brejal-confronto-termina-com-trio-capturado-e-armas-do-trafico-apreendidas","status":"publish","type":"post","link":"https:\/\/sgvaimudar.com.br\/index.php\/2025\/07\/01\/bicho-pegou-no-brejal-confronto-termina-com-trio-capturado-e-armas-do-trafico-apreendidas\/","title":{"rendered":"&#8220;Bicho pegou&#8221; no Brejal: Confronto termina com trio capturado e armas do tr\u00e1fico apreendidas"},"content":{"rendered":"\n<p><em>Policiais do 7\u00baBPM detiveram um adolescente de 17 anos e apreenderam uma arma turca, r\u00e1dios e drogas <\/em><\/p>\n\n\n\n<p>Uma opera\u00e7\u00e3o do 7\u00baBPM contra o crime organizado no Complexo do Brejal, em S\u00e3o Gon\u00e7alo, terminou com tr\u00eas suspeitos capturados entre eles o menor de idade e um verdadeiro arsenal apreendido, na manh\u00e3 desta segunda-feira (30\/6). A a\u00e7\u00e3o ocorreu na Rua Afonso Arinos, em Guaxindiba, por volta das 8h, e teve como alvo criminosos do Comando Vermelho (CV) ligados ao tr\u00e1fico de drogas e a roubos de cargas e ve\u00edculos na regi\u00e3o.<\/p>\n\n\n\n<p><strong>DIN\u00c2MICA <\/strong>&#8211; Segundo a PM, a a\u00e7\u00e3o aconteceu durante o patrulhamento t\u00e1tico em \u00e1reas de risco como as comunidades do Brejal, Vi\u00fava, Morr\u00e3o e Conga e Xerec\u00e3o, quando os policiais do Grupamento de A\u00e7\u00e3o T\u00e1tica (GAT) foram atacados por quatro homens armados. Houve confronto e dois deles acabaram cercado por agentes numa laje de uma casa em constru\u00e7\u00e3o.<\/p>\n\n\n\n<p>Segundo a pol\u00edcia, um dos detidos tem 17 anos e \u00e9 conhecido pelo apelido de <strong><em>Toddynho<\/em><\/strong>. Com ele os policiais encontraram uma pistola turca de marca Canik, calibre nove mm, com dois carregadores e 14 muni\u00e7\u00f5es intactas. J\u00e1 com o segundo suspeito, identificado apenas como <strong><em>Coroa<\/em><\/strong>, os pms apreenderam uma mochila camuflada contendo drogas e um r\u00e1dio transmissor.<\/p>\n\n\n\n<p>A equipe deteve ainda um terceiro envolvido apelidado de <strong><em>Castro<\/em><\/strong> que tentou se esconder em um conjunto de casas, mas foi capturado portando mais material entorpecente.<\/p>\n\n\n\n<p>Ao todo a pol\u00edcia apreendeu uma pistola Canik TP 9 SF calibre 9 mm, 2 carregadores de pistola, (incluindo modelo &#8220;goiabada&#8221;), 14 muni\u00e7\u00f5es, um bloqueador de sinal (Jammer), um traje de camuflagem, tr\u00eas r\u00e1dios comunicadores e drogas que ainda n\u00e3o havia sido contabilizadas.<\/p>\n\n\n\n<p>A ocorr\u00eancia foi registrada na 74\u00ba DP (Alc\u00e2ntara), onde os suspeitos e o material apreendido foram apresentados. De acordo com a pol\u00edcia militar a opera\u00e7\u00e3o faz parte de a\u00e7\u00f5es desencadeadas a partir da ADPF 635 (Argui\u00e7\u00e3o de Descumprimento de Prefeito Fundamental) que regula opera\u00e7\u00f5es policiais em comunidade do Estado do Rio de Janeiro, e teve como base investiga\u00e7\u00f5es do Servi\u00e7o Reservado (P2) do pr\u00f3prio batalh\u00e3o.<\/p>\n\n\n\n<p>Segundo os militares, o objetivo \u00e9 sufocar financeiramente o tr\u00e1fico cumprir dilig\u00eancias sobre suspeitos monitorados por dossi\u00ea de den\u00fancias de DDs. A ocorr\u00eancia n\u00e3o fala se tiveram feridos na troca de tiros.<\/p>\n\n\n\n<p><strong><em>Fa\u00e7a sua den\u00fancia pelo nosso WhatsApp: (21) <\/em><\/strong><strong><em>99744 5345<\/em><\/strong><strong><em><\/em><\/strong><\/p>\n\n\n\n<p><strong><em>S\u00e3o Gon\u00e7alo vai mudar: Not\u00edcias de S\u00e3o Gon\u00e7alo e toda regi\u00e3o.<\/em><\/strong><\/p>\n\n\n\n<figure class=\"wp-block-image size-large\"><img fetchpriority=\"high\" decoding=\"async\" width=\"1024\" height=\"252\" src=\"https:\/\/sgvaimudar.com.br\/wp-content\/uploads\/2025\/03\/Anuncie-Aqui-Sao-Goncalo-vai-mudar-1024x252.jpg\" alt=\"\" class=\"wp-image-22693\" srcset=\"https:\/\/sgvaimudar.com.br\/wp-content\/uploads\/2025\/03\/Anuncie-Aqui-Sao-Goncalo-vai-mudar-1024x252.jpg 1024w, https:\/\/sgvaimudar.com.br\/wp-content\/uploads\/2025\/03\/Anuncie-Aqui-Sao-Goncalo-vai-mudar-300x74.jpg 300w, https:\/\/sgvaimudar.com.br\/wp-content\/uploads\/2025\/03\/Anuncie-Aqui-Sao-Goncalo-vai-mudar-768x189.jpg 768w, https:\/\/sgvaimudar.com.br\/wp-content\/uploads\/2025\/03\/Anuncie-Aqui-Sao-Goncalo-vai-mudar-1536x378.jpg 1536w, https:\/\/sgvaimudar.com.br\/wp-content\/uploads\/2025\/03\/Anuncie-Aqui-Sao-Goncalo-vai-mudar-2048x504.jpg 2048w\" sizes=\"(max-width: 1024px) 100vw, 1024px\" \/><\/figure>\n","protected":false},"excerpt":{"rendered":"<p>Policiais do 7\u00baBPM detiveram um adolescente de 17 anos e apreenderam uma arma turca, r\u00e1dios e drogas Uma opera\u00e7\u00e3o do&hellip;<\/p>\n","protected":false},"author":5,"featured_media":27303,"comment_status":"open","ping_status":"open","sticky":false,"template":"","format":"standard","meta":{"fifu_image_url":"","fifu_image_alt":"","footnotes":""},"categories":[32],"tags":[39,41,40,47,75],"class_list":["post-27302","post","type-post","status-publish","format-standard","has-post-thumbnail","hentry","category-casos-de-policia","tag-ataque","tag-conflito","tag-guerra","tag-rj","tag-sao-goncalo"],"_links":{"self":[{"href":"https:\/\/sgvaimudar.com.br\/index.php\/wp-json\/wp\/v2\/posts\/27302","targetHints":{"allow":["GET"]}}],"collection":[{"href":"https:\/\/sgvaimudar.com.br\/index.php\/wp-json\/wp\/v2\/posts"}],"about":[{"href":"https:\/\/sgvaimudar.com.br\/index.php\/wp-json\/wp\/v2\/types\/post"}],"author":[{"embeddable":true,"href":"https:\/\/sgvaimudar.com.br\/index.php\/wp-json\/wp\/v2\/users\/5"}],"replies":[{"embeddable":true,"href":"https:\/\/sgvaimudar.com.br\/index.php\/wp-json\/wp\/v2\/comments?post=27302"}],"version-history":[{"count":1,"href":"https:\/\/sgvaimudar.com.br\/index.php\/wp-json\/wp\/v2\/posts\/27302\/revisions"}],"predecessor-version":[{"id":27304,"href":"https:\/\/sgvaimudar.com.br\/index.php\/wp-json\/wp\/v2\/posts\/27302\/revisions\/27304"}],"wp:featuredmedia":[{"embeddable":true,"href":"https:\/\/sgvaimudar.com.br\/index.php\/wp-json\/wp\/v2\/media\/27303"}],"wp:attachment":[{"href":"https:\/\/sgvaimudar.com.br\/index.php\/wp-json\/wp\/v2\/media?parent=27302"}],"wp:term":[{"taxonomy":"category","embeddable":true,"href":"https:\/\/sgvaimudar.com.br\/index.php\/wp-json\/wp\/v2\/categories?post=27302"},{"taxonomy":"post_tag","embeddable":true,"href":"https:\/\/sgvaimudar.com.br\/index.php\/wp-json\/wp\/v2\/tags?post=27302"}],"curies":[{"name":"wp","href":"https:\/\/api.w.org\/{rel}","templated":true}]}}