{"id":27296,"date":"2025-07-01T07:40:34","date_gmt":"2025-07-01T10:40:34","guid":{"rendered":"https:\/\/sgvaimudar.com.br\/?p=27296"},"modified":"2025-07-01T07:40:34","modified_gmt":"2025-07-01T10:40:34","slug":"ciclorrota-comeca-a-tomar-forma-na-avenida-jornalista-roberto-marinho","status":"publish","type":"post","link":"https:\/\/sgvaimudar.com.br\/index.php\/2025\/07\/01\/ciclorrota-comeca-a-tomar-forma-na-avenida-jornalista-roberto-marinho\/","title":{"rendered":"Ciclorrota come\u00e7a a tomar forma na Avenida Jornalista Roberto Marinho"},"content":{"rendered":"\n<p><em>Obra est\u00e1 sendo executada pela Secretaria de Estado das Cidades com apoio da Prefeitura<\/em><\/p>\n\n\n\n<p>A ciclorrota que vai ligar a Pra\u00e7a Get\u00falio Vargas, no Rocha, at\u00e9 o bairro Raul Veiga, come\u00e7ou a ser pintada e sinalizada na Avenida Jornalista Roberto Marinho, na altura do Coluband\u00ea. <\/p>\n\n\n\n<p>A obra est\u00e1 sendo executada pela Secretaria de Estado das Cidades, do Governo do Estado, em parceria com a Prefeitura de S\u00e3o Gon\u00e7alo. A sinaliza\u00e7\u00e3o contou com o apoio da Secretaria de Meio Ambiente e Transportes e da Guarda Municipal.<\/p>\n\n\n\n<p>A ciclorrota ir\u00e1 formar uma \u00e1rea exclusiva para ciclistas de 4,4 quil\u00f4metros de extens\u00e3o. O projeto foi criado pela Secretaria Municipal de Gest\u00e3o Integrada e Projetos Especiais (Semgipe).<\/p>\n\n\n\n<p>Antes da ciclovia, foram refeitas as cal\u00e7adas do espa\u00e7o. A ciclorrota continuar\u00e1 sendo sinalizada no decorrer desta semana, mas ainda n\u00e3o est\u00e1 autorizada para ser utilizada pela popula\u00e7\u00e3o. Ainda ser\u00e3o instalados tach\u00f5es e segregadores para sinalizar a ciclovia e evitar que carros acessem o local.<\/p>\n\n\n\n<p>Para o prefeito Capit\u00e3o Nelson, a ciclorrota est\u00e1 transformando a Avenida Jornalista Roberto Marinho.<\/p>\n\n\n\n<p>&#8220;A nossa antiga Avenida Maric\u00e1 j\u00e1 teve as cal\u00e7adas transformadas e, agora, a ciclovia est\u00e1 sendo pintada. As novas cal\u00e7adas feitas, por exemplo, possuem um padr\u00e3o de altura de 15 cent\u00edmetros, al\u00e9m de rampas de acessibilidade para pessoas com defici\u00eancia (PcDs). O projeto prev\u00ea a mudan\u00e7a da paisagem local, incentiva o uso de bicicletas e a diminui\u00e7\u00e3o da emiss\u00e3o de gases poluentes, al\u00e9m do reordenamento do tr\u00e2nsito&#8221;, disse.<\/p>\n\n\n\n<p>O secret\u00e1rio de Estado das Cidades, Douglas Ruas, tamb\u00e9m falou sobre a import\u00e2ncia da ciclorrota para o munic\u00edpio.<\/p>\n\n\n\n<p>\u201cA ciclorrota \u00e9 mais um projeto que tem o objetivo de gerar mais mobilidade urbana e menos tempo no tr\u00e2nsito para os moradores de S\u00e3o Gon\u00e7alo. Ser\u00e3o mais de quatro quil\u00f4metros de ciclovia, diminuindo o n\u00famero de carros nas ruas e a emiss\u00e3o de gases poluentes. Desta forma, cumprimos a determina\u00e7\u00e3o do governador Cl\u00e1udio Castro de tornar as cidades mais resilientes e preparadas para encarar os desafios do futuro\u201c, disse.<\/p>\n\n\n\n<p>A operadora de loja Paloma Silva, de 26 anos, mora no bairro e acompanhou de perto as mudan\u00e7as causadas pelas obras.<\/p>\n\n\n\n<p>&#8220;Acho essa obra importante. Por exemplo, eu n\u00e3o ando tanto de bicicleta, mas meu esposo sim, ele vai trabalhar todos os dias de bicicleta. Ent\u00e3o, a obra vai ser \u00f3tima! Esperamos que os carros respeitem a ciclovia e n\u00e3o a invadam para que tudo funcione bem&#8221;, disse.<\/p>\n\n\n\n<p>Al\u00e9m da ciclorrota, o Muvi, que vai ligar Neves a Guaxindiba, tamb\u00e9m vai implementar ciclovias por S\u00e3o Gon\u00e7alo, facilitando o ir e vir da popula\u00e7\u00e3o. Em Neves, no Vila Lage e no Camar\u00e3o, por exemplo, j\u00e1 \u00e9 poss\u00edvel ver ciclovias do projeto prontas. A Prefeitura destacar que a obra segue em execu\u00e7\u00e3o.<\/p>\n\n\n\n<p><em>Fotos: Renan Otto<\/em><\/p>\n\n\n\n<p><strong><em>S\u00e3o Gon\u00e7alo vai mudar: Not\u00edcias de S\u00e3o Gon\u00e7alo e toda regi\u00e3o.<\/em><\/strong><\/p>\n\n\n\n<figure class=\"wp-block-image size-large\"><img fetchpriority=\"high\" decoding=\"async\" width=\"1024\" height=\"252\" src=\"https:\/\/sgvaimudar.com.br\/wp-content\/uploads\/2025\/03\/Anuncie-Aqui-Sao-Goncalo-vai-mudar-1024x252.jpg\" alt=\"\" class=\"wp-image-22693\" srcset=\"https:\/\/sgvaimudar.com.br\/wp-content\/uploads\/2025\/03\/Anuncie-Aqui-Sao-Goncalo-vai-mudar-1024x252.jpg 1024w, https:\/\/sgvaimudar.com.br\/wp-content\/uploads\/2025\/03\/Anuncie-Aqui-Sao-Goncalo-vai-mudar-300x74.jpg 300w, https:\/\/sgvaimudar.com.br\/wp-content\/uploads\/2025\/03\/Anuncie-Aqui-Sao-Goncalo-vai-mudar-768x189.jpg 768w, https:\/\/sgvaimudar.com.br\/wp-content\/uploads\/2025\/03\/Anuncie-Aqui-Sao-Goncalo-vai-mudar-1536x378.jpg 1536w, https:\/\/sgvaimudar.com.br\/wp-content\/uploads\/2025\/03\/Anuncie-Aqui-Sao-Goncalo-vai-mudar-2048x504.jpg 2048w\" sizes=\"(max-width: 1024px) 100vw, 1024px\" \/><\/figure>\n","protected":false},"excerpt":{"rendered":"<p>Obra est\u00e1 sendo executada pela Secretaria de Estado das Cidades com apoio da Prefeitura A ciclorrota que vai ligar a&hellip;<\/p>\n","protected":false},"author":5,"featured_media":27297,"comment_status":"open","ping_status":"open","sticky":false,"template":"","format":"standard","meta":{"fifu_image_url":"","fifu_image_alt":"","footnotes":""},"categories":[3],"tags":[47,75],"class_list":["post-27296","post","type-post","status-publish","format-standard","has-post-thumbnail","hentry","category-sao-goncalo","tag-rj","tag-sao-goncalo"],"_links":{"self":[{"href":"https:\/\/sgvaimudar.com.br\/index.php\/wp-json\/wp\/v2\/posts\/27296","targetHints":{"allow":["GET"]}}],"collection":[{"href":"https:\/\/sgvaimudar.com.br\/index.php\/wp-json\/wp\/v2\/posts"}],"about":[{"href":"https:\/\/sgvaimudar.com.br\/index.php\/wp-json\/wp\/v2\/types\/post"}],"author":[{"embeddable":true,"href":"https:\/\/sgvaimudar.com.br\/index.php\/wp-json\/wp\/v2\/users\/5"}],"replies":[{"embeddable":true,"href":"https:\/\/sgvaimudar.com.br\/index.php\/wp-json\/wp\/v2\/comments?post=27296"}],"version-history":[{"count":1,"href":"https:\/\/sgvaimudar.com.br\/index.php\/wp-json\/wp\/v2\/posts\/27296\/revisions"}],"predecessor-version":[{"id":27298,"href":"https:\/\/sgvaimudar.com.br\/index.php\/wp-json\/wp\/v2\/posts\/27296\/revisions\/27298"}],"wp:featuredmedia":[{"embeddable":true,"href":"https:\/\/sgvaimudar.com.br\/index.php\/wp-json\/wp\/v2\/media\/27297"}],"wp:attachment":[{"href":"https:\/\/sgvaimudar.com.br\/index.php\/wp-json\/wp\/v2\/media?parent=27296"}],"wp:term":[{"taxonomy":"category","embeddable":true,"href":"https:\/\/sgvaimudar.com.br\/index.php\/wp-json\/wp\/v2\/categories?post=27296"},{"taxonomy":"post_tag","embeddable":true,"href":"https:\/\/sgvaimudar.com.br\/index.php\/wp-json\/wp\/v2\/tags?post=27296"}],"curies":[{"name":"wp","href":"https:\/\/api.w.org\/{rel}","templated":true}]}}