{"id":27288,"date":"2025-07-01T07:14:10","date_gmt":"2025-07-01T10:14:10","guid":{"rendered":"https:\/\/sgvaimudar.com.br\/?p=27288"},"modified":"2025-07-01T07:14:11","modified_gmt":"2025-07-01T10:14:11","slug":"criancas-da-rede-municipal-de-sao-goncalo-aprendem-sobre-primeiros-socorros-no-porto-novo","status":"publish","type":"post","link":"https:\/\/sgvaimudar.com.br\/index.php\/2025\/07\/01\/criancas-da-rede-municipal-de-sao-goncalo-aprendem-sobre-primeiros-socorros-no-porto-novo\/","title":{"rendered":"Crian\u00e7as da rede municipal de S\u00e3o Gon\u00e7alo aprendem sobre primeiros socorros no Porto Novo"},"content":{"rendered":"\n<p><em>A\u00e7\u00e3o faz parte do projeto Defesa Civil do Futuro<\/em><\/p>\n\n\n\n<p>Cerca de 30 alunos do 5\u00b0 ano do Ensino Fundamental da Escola Municipal Maria Dias, no Porto Novo, aprenderam com agentes da Defesa Civil sobre pr\u00e1ticas de primeiros socorros, incluindo casos de engasgo em adultos e beb\u00eas e manobras que podem ser feitas em caso de paradas cardiorrespirat\u00f3rias, dentre outras.<\/p>\n\n\n\n<p> A a\u00e7\u00e3o faz parte do projeto Defesa Civil do Futuro, desenvolvido em parceria com a Secretaria de Educa\u00e7\u00e3o. A Defesa Civil vem ensinando sobre diversos temas relacionados \u00e0 pasta, incluindo meteorologia, percep\u00e7\u00f5es de risco e outros. \u00c9 o que explica o Major Felipe Assump\u00e7\u00e3o.<\/p>\n\n\n\n<figure class=\"wp-block-image size-large\"><img fetchpriority=\"high\" decoding=\"async\" width=\"1024\" height=\"684\" src=\"https:\/\/sgvaimudar.com.br\/wp-content\/uploads\/2025\/07\/unnamed-8-1024x684.jpg\" alt=\"\" class=\"wp-image-27289\" srcset=\"https:\/\/sgvaimudar.com.br\/wp-content\/uploads\/2025\/07\/unnamed-8-1024x684.jpg 1024w, https:\/\/sgvaimudar.com.br\/wp-content\/uploads\/2025\/07\/unnamed-8-300x200.jpg 300w, https:\/\/sgvaimudar.com.br\/wp-content\/uploads\/2025\/07\/unnamed-8-768x513.jpg 768w, https:\/\/sgvaimudar.com.br\/wp-content\/uploads\/2025\/07\/unnamed-8-1536x1027.jpg 1536w, https:\/\/sgvaimudar.com.br\/wp-content\/uploads\/2025\/07\/unnamed-8.jpg 1616w\" sizes=\"(max-width: 1024px) 100vw, 1024px\" \/><\/figure>\n\n\n\n<p>&#8220;Esse projeto da Defesa Civil vem sendo realizado desde 2012. A gente atua em escolas, com aulas pr\u00e1ticas e te\u00f3ricas, ensinando sobre diversos temas de atua\u00e7\u00e3o da Defesa Civil no munic\u00edpio, o que inclui tamb\u00e9m desastres de origem natural, como inunda\u00e7\u00f5es e alagamentos, e no\u00e7\u00f5es de meio ambiente. As crian\u00e7as participam e aprendem sobre a nossa atua\u00e7\u00e3o em cinco encontros. Hoje, ensinamos aos alunos, que s\u00e3o maiores, sobre no\u00e7\u00f5es de primeiro socorros, incluindo os n\u00fameros de emerg\u00eancia, como o da pr\u00f3pria Defesa Civil, que \u00e9 199, e o do Samu, que \u00e9 192&#8221;, disse.<\/p>\n\n\n\n<p>Beatriz Helena Concei\u00e7\u00e3o, de 11 anos, foi uma das alunas do 5\u00b0 ano que participaram do projeto. Para ela, as aulas s\u00e3o interessantes e interativas.<\/p>\n\n\n\n<p>&#8220;Eu estou achando essa aula muito legal, mistura o te\u00f3rico com o pr\u00e1tico. Hoje, aprendemos a realizar manobras para pessoas engasgadas, por exemplo, na semana passada, aprendemos sobre meteorologia. \u00c9 muito interessante! Em todas as aulas, eles trazem aprendizados novos. A aula \u00e9 diferente, \u00e9 divertida e tudo que eu aprendo aqui eu conto para os meus pais em casa&#8221;, disse.<\/p>\n\n\n\n<p>Al\u00e9m dos alunos do 5\u00b0 ano, o projeto tamb\u00e9m esteve nas salas de aulas do 3\u00b0 e 4\u00b0 anos da unidade da rede municipal.<\/p>\n\n\n\n<p>Ao final dos cinco encontros na escola, o projeto \u00e9 encerrado com um passeio no espa\u00e7o Playtoy Park, no Shopping S\u00e3o Gon\u00e7alo.<\/p>\n\n\n\n<p><em>Fotos: Renan Otto<\/em><\/p>\n\n\n\n<p><strong><em>S\u00e3o Gon\u00e7alo vai mudar: Not\u00edcias de S\u00e3o Gon\u00e7alo e toda regi\u00e3o.<\/em><\/strong><\/p>\n\n\n\n<figure class=\"wp-block-image size-large\"><img decoding=\"async\" width=\"1024\" height=\"252\" src=\"https:\/\/sgvaimudar.com.br\/wp-content\/uploads\/2025\/03\/Anuncie-Aqui-Sao-Goncalo-vai-mudar-1024x252.jpg\" alt=\"\" class=\"wp-image-22693\" srcset=\"https:\/\/sgvaimudar.com.br\/wp-content\/uploads\/2025\/03\/Anuncie-Aqui-Sao-Goncalo-vai-mudar-1024x252.jpg 1024w, https:\/\/sgvaimudar.com.br\/wp-content\/uploads\/2025\/03\/Anuncie-Aqui-Sao-Goncalo-vai-mudar-300x74.jpg 300w, https:\/\/sgvaimudar.com.br\/wp-content\/uploads\/2025\/03\/Anuncie-Aqui-Sao-Goncalo-vai-mudar-768x189.jpg 768w, https:\/\/sgvaimudar.com.br\/wp-content\/uploads\/2025\/03\/Anuncie-Aqui-Sao-Goncalo-vai-mudar-1536x378.jpg 1536w, https:\/\/sgvaimudar.com.br\/wp-content\/uploads\/2025\/03\/Anuncie-Aqui-Sao-Goncalo-vai-mudar-2048x504.jpg 2048w\" sizes=\"(max-width: 1024px) 100vw, 1024px\" \/><\/figure>\n","protected":false},"excerpt":{"rendered":"<p>A\u00e7\u00e3o faz parte do projeto Defesa Civil do Futuro Cerca de 30 alunos do 5\u00b0 ano do Ensino Fundamental da&hellip;<\/p>\n","protected":false},"author":5,"featured_media":27290,"comment_status":"open","ping_status":"open","sticky":false,"template":"","format":"standard","meta":{"fifu_image_url":"","fifu_image_alt":"","footnotes":""},"categories":[3],"tags":[47,75],"class_list":["post-27288","post","type-post","status-publish","format-standard","has-post-thumbnail","hentry","category-sao-goncalo","tag-rj","tag-sao-goncalo"],"_links":{"self":[{"href":"https:\/\/sgvaimudar.com.br\/index.php\/wp-json\/wp\/v2\/posts\/27288","targetHints":{"allow":["GET"]}}],"collection":[{"href":"https:\/\/sgvaimudar.com.br\/index.php\/wp-json\/wp\/v2\/posts"}],"about":[{"href":"https:\/\/sgvaimudar.com.br\/index.php\/wp-json\/wp\/v2\/types\/post"}],"author":[{"embeddable":true,"href":"https:\/\/sgvaimudar.com.br\/index.php\/wp-json\/wp\/v2\/users\/5"}],"replies":[{"embeddable":true,"href":"https:\/\/sgvaimudar.com.br\/index.php\/wp-json\/wp\/v2\/comments?post=27288"}],"version-history":[{"count":1,"href":"https:\/\/sgvaimudar.com.br\/index.php\/wp-json\/wp\/v2\/posts\/27288\/revisions"}],"predecessor-version":[{"id":27291,"href":"https:\/\/sgvaimudar.com.br\/index.php\/wp-json\/wp\/v2\/posts\/27288\/revisions\/27291"}],"wp:featuredmedia":[{"embeddable":true,"href":"https:\/\/sgvaimudar.com.br\/index.php\/wp-json\/wp\/v2\/media\/27290"}],"wp:attachment":[{"href":"https:\/\/sgvaimudar.com.br\/index.php\/wp-json\/wp\/v2\/media?parent=27288"}],"wp:term":[{"taxonomy":"category","embeddable":true,"href":"https:\/\/sgvaimudar.com.br\/index.php\/wp-json\/wp\/v2\/categories?post=27288"},{"taxonomy":"post_tag","embeddable":true,"href":"https:\/\/sgvaimudar.com.br\/index.php\/wp-json\/wp\/v2\/tags?post=27288"}],"curies":[{"name":"wp","href":"https:\/\/api.w.org\/{rel}","templated":true}]}}