{"id":27278,"date":"2025-07-01T06:44:38","date_gmt":"2025-07-01T09:44:38","guid":{"rendered":"https:\/\/sgvaimudar.com.br\/?p=27278"},"modified":"2025-07-01T06:44:38","modified_gmt":"2025-07-01T09:44:38","slug":"capoeira-e-destaque-em-recreio-dirigido-em-escola-municipal-de-sao-goncalo","status":"publish","type":"post","link":"https:\/\/sgvaimudar.com.br\/index.php\/2025\/07\/01\/capoeira-e-destaque-em-recreio-dirigido-em-escola-municipal-de-sao-goncalo\/","title":{"rendered":"Capoeira \u00e9 destaque em recreio dirigido em escola municipal de S\u00e3o Gon\u00e7alo"},"content":{"rendered":"\n<p><em>Alunos da rede municipal trabalham participa\u00e7\u00e3o e disciplina<\/em><\/p>\n\n\n\n<p>A capoeira foi a atividade escolhida para o recreio dirigido do Ciep 438 Municipalizado Rubens Maur\u00edcio da Silva Abreu, no Galo Branco, em S\u00e3o Gon\u00e7alo, que conta com o trabalho volunt\u00e1rio da escola Abad\u00e1-Capoeira \u00e0s segundas-feiras. A iniciativa busca reduzir conflitos e tornar o ambiente escolar mais acolhedor e participativo.<\/p>\n\n\n\n<p>&#8220;A capoeira \u00e9 uma express\u00e3o cultural brasileira que une luta, dan\u00e7a e m\u00fasica e traz in\u00fameros benef\u00edcios \u00e0 sa\u00fade f\u00edsica e mental&#8221;, afirmou a Prefeitura no texto. <\/p>\n\n\n\n<figure class=\"wp-block-image size-full\"><img fetchpriority=\"high\" decoding=\"async\" width=\"1024\" height=\"648\" src=\"https:\/\/sgvaimudar.com.br\/wp-content\/uploads\/2025\/07\/unnamed-4.jpg\" alt=\"\" class=\"wp-image-27279\" srcset=\"https:\/\/sgvaimudar.com.br\/wp-content\/uploads\/2025\/07\/unnamed-4.jpg 1024w, https:\/\/sgvaimudar.com.br\/wp-content\/uploads\/2025\/07\/unnamed-4-300x190.jpg 300w, https:\/\/sgvaimudar.com.br\/wp-content\/uploads\/2025\/07\/unnamed-4-768x486.jpg 768w\" sizes=\"(max-width: 1024px) 100vw, 1024px\" \/><\/figure>\n\n\n\n<p>O recreio dirigido prop\u00f5e atividades planejadas que estimulam a socializa\u00e7\u00e3o, o respeito \u00e0s regras, a coopera\u00e7\u00e3o e o desenvolvimento motor. A ideia \u00e9 promover atividades divertidas e que prendam a aten\u00e7\u00e3o dos alunos, para que eles tenham menos tempo ociosos.<\/p>\n\n\n\n<p>\u201cA capoeira \u00e9 um meio de trazer informa\u00e7\u00f5es culturais para a escola, a gente traz a hist\u00f3ria de como come\u00e7ou a Capoeira e a hist\u00f3ria do Maculel\u00ea. Muitos ainda acham que a capoeira veio de fora, mas a gente explica que \u00e9 de origem brasileira. A gente trabalha com a disciplina; caso o aluno esteja sendo indisciplinado na escola, ele n\u00e3o pode participar\u201d, afirmou a representante da escola Abad\u00e1-Capoeira, Jacilene Aguiar.<\/p>\n\n\n\n<figure class=\"wp-block-image size-full\"><img decoding=\"async\" width=\"1024\" height=\"749\" src=\"https:\/\/sgvaimudar.com.br\/wp-content\/uploads\/2025\/07\/unnamed-5.jpg\" alt=\"\" class=\"wp-image-27280\" srcset=\"https:\/\/sgvaimudar.com.br\/wp-content\/uploads\/2025\/07\/unnamed-5.jpg 1024w, https:\/\/sgvaimudar.com.br\/wp-content\/uploads\/2025\/07\/unnamed-5-300x219.jpg 300w, https:\/\/sgvaimudar.com.br\/wp-content\/uploads\/2025\/07\/unnamed-5-768x562.jpg 768w\" sizes=\"(max-width: 1024px) 100vw, 1024px\" \/><\/figure>\n\n\n\n<p>A atividade foi bem aceita pelo aluno Miguel Ribeiro, de 12 anos, que sempre teve interesse por lutas. Ele conta que chegou a fazer Capoeira em outros locais, mas ter na escola, no hor\u00e1rio do recreio, de forma gratuita, foi um grande incentivo.<\/p>\n\n\n\n<p>\u201cEu estou achando muito legal e, sinceramente, n\u00e3o vou parar de fazer t\u00e3o cedo. Eu j\u00e1 tinha feito Capoeira em outros lugares, mas aqui na escola foi o lugar que eu mais gostei, s\u00e3o muito atenciosos, eu tiro todas as minhas d\u00favidas. Com certeza n\u00e3o vou faltar mais as segundas\u201d, disse.<\/p>\n\n\n\n<p><em>Fotos: Luiz Carvalho<\/em><\/p>\n\n\n\n<p><strong><em>S\u00e3o Gon\u00e7alo vai mudar: Not\u00edcias de S\u00e3o Gon\u00e7alo e toda regi\u00e3o.<\/em><\/strong><\/p>\n\n\n\n<figure class=\"wp-block-image size-large\"><img decoding=\"async\" width=\"1024\" height=\"252\" src=\"https:\/\/sgvaimudar.com.br\/wp-content\/uploads\/2025\/03\/Anuncie-Aqui-Sao-Goncalo-vai-mudar-1024x252.jpg\" alt=\"\" class=\"wp-image-22693\" srcset=\"https:\/\/sgvaimudar.com.br\/wp-content\/uploads\/2025\/03\/Anuncie-Aqui-Sao-Goncalo-vai-mudar-1024x252.jpg 1024w, https:\/\/sgvaimudar.com.br\/wp-content\/uploads\/2025\/03\/Anuncie-Aqui-Sao-Goncalo-vai-mudar-300x74.jpg 300w, https:\/\/sgvaimudar.com.br\/wp-content\/uploads\/2025\/03\/Anuncie-Aqui-Sao-Goncalo-vai-mudar-768x189.jpg 768w, https:\/\/sgvaimudar.com.br\/wp-content\/uploads\/2025\/03\/Anuncie-Aqui-Sao-Goncalo-vai-mudar-1536x378.jpg 1536w, https:\/\/sgvaimudar.com.br\/wp-content\/uploads\/2025\/03\/Anuncie-Aqui-Sao-Goncalo-vai-mudar-2048x504.jpg 2048w\" sizes=\"(max-width: 1024px) 100vw, 1024px\" \/><\/figure>\n","protected":false},"excerpt":{"rendered":"<p>Alunos da rede municipal trabalham participa\u00e7\u00e3o e disciplina A capoeira foi a atividade escolhida para o recreio dirigido do Ciep&hellip;<\/p>\n","protected":false},"author":5,"featured_media":27281,"comment_status":"open","ping_status":"open","sticky":false,"template":"","format":"standard","meta":{"fifu_image_url":"","fifu_image_alt":"","footnotes":""},"categories":[5],"tags":[47,75],"class_list":["post-27278","post","type-post","status-publish","format-standard","has-post-thumbnail","hentry","category-esportes","tag-rj","tag-sao-goncalo"],"_links":{"self":[{"href":"https:\/\/sgvaimudar.com.br\/index.php\/wp-json\/wp\/v2\/posts\/27278","targetHints":{"allow":["GET"]}}],"collection":[{"href":"https:\/\/sgvaimudar.com.br\/index.php\/wp-json\/wp\/v2\/posts"}],"about":[{"href":"https:\/\/sgvaimudar.com.br\/index.php\/wp-json\/wp\/v2\/types\/post"}],"author":[{"embeddable":true,"href":"https:\/\/sgvaimudar.com.br\/index.php\/wp-json\/wp\/v2\/users\/5"}],"replies":[{"embeddable":true,"href":"https:\/\/sgvaimudar.com.br\/index.php\/wp-json\/wp\/v2\/comments?post=27278"}],"version-history":[{"count":1,"href":"https:\/\/sgvaimudar.com.br\/index.php\/wp-json\/wp\/v2\/posts\/27278\/revisions"}],"predecessor-version":[{"id":27282,"href":"https:\/\/sgvaimudar.com.br\/index.php\/wp-json\/wp\/v2\/posts\/27278\/revisions\/27282"}],"wp:featuredmedia":[{"embeddable":true,"href":"https:\/\/sgvaimudar.com.br\/index.php\/wp-json\/wp\/v2\/media\/27281"}],"wp:attachment":[{"href":"https:\/\/sgvaimudar.com.br\/index.php\/wp-json\/wp\/v2\/media?parent=27278"}],"wp:term":[{"taxonomy":"category","embeddable":true,"href":"https:\/\/sgvaimudar.com.br\/index.php\/wp-json\/wp\/v2\/categories?post=27278"},{"taxonomy":"post_tag","embeddable":true,"href":"https:\/\/sgvaimudar.com.br\/index.php\/wp-json\/wp\/v2\/tags?post=27278"}],"curies":[{"name":"wp","href":"https:\/\/api.w.org\/{rel}","templated":true}]}}