{"id":27274,"date":"2025-06-30T21:00:00","date_gmt":"2025-07-01T00:00:00","guid":{"rendered":"https:\/\/sgvaimudar.com.br\/?p=27274"},"modified":"2025-06-30T10:31:05","modified_gmt":"2025-06-30T13:31:05","slug":"ato-em-sp-reune-apoiadores-de-bolsonaro-contra-julgamento-no-stf","status":"publish","type":"post","link":"https:\/\/sgvaimudar.com.br\/index.php\/2025\/06\/30\/ato-em-sp-reune-apoiadores-de-bolsonaro-contra-julgamento-no-stf\/","title":{"rendered":"Ato em SP re\u00fane apoiadores de Bolsonaro contra julgamento no STF"},"content":{"rendered":"\n<p><em>Manifestantes tamb\u00e9m pediam anistia a condenados do 8 de janeiro<\/em><\/p>\n\n\n\n<p>Com o mote de &#8220;Justi\u00e7a J\u00e1&#8221;, uma manifesta\u00e7\u00e3o na Avenida Paulista, em S\u00e3o Paulo, reuniu apoiadores do ex-presidente da Rep\u00fablica Jair Bolsonaro. O ato protesta principalmente contra o julgamento de Bolsonaro no Supremo Tribunal Federal (STF), no qual o ex-chefe do Executivo \u00e9 acusado de liderar uma tentativa de golpe de Estado em 2022.\u00a0H\u00e1 apenas\u00a0dois dias,\u00a0o ministro do STF, Alexandre de Moraes, abriu prazo para as alega\u00e7\u00f5es finais do processo que investiga a suposta trama golpista.<img decoding=\"async\" src=\"https:\/\/agenciabrasil.ebc.com.br\/ebc.png?id=1648825&amp;o=node\"><img decoding=\"async\" src=\"https:\/\/agenciabrasil.ebc.com.br\/ebc.gif?id=1648825&amp;o=node\"><\/p>\n\n\n\n<p>Durante o ato realizado na tarde deste domingo (29), os manifestantes tamb\u00e9m exibiram faixas pedindo anistia aos condenados pelo STF pelos ataques de 8 de janeiro \u00e0s sedes dos Tr\u00eas Poderes, al\u00e9m de bandeiras de apoio a Israel e aos Estados Unidos.<\/p>\n\n\n\n<p>Eles tamb\u00e9m criticaram\u00a0as mudan\u00e7as do Imposto sobre Opera\u00e7\u00f5es Financeiras (IOF) propostas em decreto do governo federal e as fraudes no Instituto Nacional de Seguridade Social (INSS) descobertas pela Pol\u00edcia Federal.<\/p>\n\n\n\n<p>Al\u00e9m de Bolsonaro, o ato contou com a presen\u00e7a do pastor evang\u00e9lico Silas Malafaia, principal organizador do ato, e dos governadores Tarc\u00edsio de Freitas (S\u00e3o Paulo), Romeu Zema (Minas Gerais) e Jorginho Mello (Santa Catarina). Todos eles subiram ao caminh\u00e3o de som que foi posicionado ao lado do Parque Trianon, no cruzamento entre a Avenida Paulista e a Rua Peixoto Gomide.<\/p>\n\n\n\n<p>Vestidos de verde e amarelo, os apoiadores do ex-presidente estiveram concentrados na tarde deste domingo em apenas um quarteir\u00e3o da Avenida Paulista, em frente ao Parque Trianon, entre a Rua Peixoto Gomide \u2500 onde estava&nbsp;o caminh\u00e3o com as autoridades \u2500 e o Museu de Arte de S\u00e3o Paulo (Masp). Havia tamb\u00e9m uma concentra\u00e7\u00e3o de apoiadores em frente \u00e0&nbsp;sede da Federa\u00e7\u00e3o das Ind\u00fastrias do Estado de S\u00e3o Paulo (Fiesp).<\/p>\n\n\n\n<p>Conforme o Monitor do Debate Pol\u00edtico do Cebrap e a ONG&nbsp;<em>More in Common<\/em>, o ato contou com 12,4 mil pessoas. O c\u00e1lculo \u00e9 feito por imagens capturadas por drones e&nbsp;<em>softwares<\/em>&nbsp;de intelig\u00eancia artificial, que calculam a quantidade de manifestantes. O mesmo m\u00e9todo foi utilizado no ato anterior do ex-presidente, em 6 de abril, quando foi registrada a presen\u00e7a de 44,9 mil pessoas na avenida Paulista.&nbsp;<\/p>\n\n\n\n<h2 class=\"wp-block-heading\">Discursos<\/h2>\n\n\n\n<p>Saudado com gritos de \u201cmito\u201d,\u00a0o ex-presidente subiu ao palco para pedir aos seus apoiadores que ajudem a eleger 50% da\u00a0C\u00e2mara e do Senado nas elei\u00e7\u00f5es de 2026 para \u201cmudar o Brasil\u201d. Segundo o ex-presidente, se a direita quer que o \u201cnosso time seja campe\u00e3o, temos que investir e acreditar\u201d e entender que \u201cas coisas n\u00e3o acontecem de uma hora para outra\u201d.<\/p>\n\n\n\n<p>Em seu discurso, o ex-presidente tamb\u00e9m defendeu a anistia aos manifestantes condenados pelos atentados do&nbsp;8 de janeiro. \u201cApelo aos tr\u00eas poderes da Rep\u00fablica para pacificar o Brasil. Liberdade para os inocentes do 8 de janeiro\u201d, falou. Segundo ele, a anistia \u201c\u00e9 um rem\u00e9dio previsto na Constitui\u00e7\u00e3o\u201d e o caminho para a pacifica\u00e7\u00e3o.<\/p>\n\n\n\n<p>Antes de Bolsonaro, tamb\u00e9m discursaram o pastor Silas Malafaia e o governador de S\u00e3o Paulo, Tarc\u00edsio de Freitas, o mais aplaudido pelo p\u00fablico durante o ato.<\/p>\n\n\n\n<p>Em seu discurso, Malafaia criticou as pris\u00f5es determinadas pelo ministro Alexandre de Moraes durante o processo que investiga a tentativa de golpe no dia 8 de janeiro e chamou o ministro de ditador. Ele tamb\u00e9m criticou o fato de a investiga\u00e7\u00e3o sobre Bolsonaro estar baseada em dela\u00e7\u00f5es do ex-ajudante de Bolsonaro, o coronel Mauro Cid.<\/p>\n\n\n\n<p>\u201cEle [Moraes] pensou r\u00e1pido: se eu prender o coronel [Mauro] Cid, a dela\u00e7\u00e3o dele cai, e se a dela\u00e7\u00e3o dele cai, toda a sustenta\u00e7\u00e3o da den\u00fancia do PGR [Procurador-Geral da Rep\u00fablica] Paulo Gonet, que est\u00e1 jogando a reputa\u00e7\u00e3o dele na lata do lixo, est\u00e1 sustentada na dela\u00e7\u00e3o fajuta do coronel Cid\u201d, disse Malafaia.<\/p>\n\n\n\n<p>J\u00e1\u00a0o governador de S\u00e3o Paulo defendeu a anistia aos condenados pelos ataques contra as sedes do Legislativo, Executivo e Judici\u00e1rio, no\u00a08 de janeiro,\u00a0e centrou cr\u00edticas no governo do atual presidente Luiz In\u00e1cio Lula da Silva. <\/p>\n\n\n\n<p>\u201cEstamos aqui para pedir justi\u00e7a, anistia, pacifica\u00e7\u00e3o e para orar pela esperan\u00e7a e pelo futuro\u201d, disse ele. \u201cEm dois anos e sete meses, [o atual governo] destruiu tudo. O Brasil n\u00e3o aguenta mais. O Brasil n\u00e3o aguenta mais o gasto desenfreado, a corrup\u00e7\u00e3o, o governo gastador e o juro alto. O Brasil n\u00e3o aguenta mais o PT\u201d, falou o governador.<\/p>\n\n\n\n<p>Para o governador, a miss\u00e3o de Bolsonaro \u201cn\u00e3o acabou\u201d e ele ainda vai fazer diferen\u00e7a no pa\u00eds.\u00a0\u201cVolta, Bolsonaro\u201d, disse Tarc\u00edsio.\u00a0Bolsonaro, no entanto, foi condenado pelo TSE e declarado ineleg\u00edvel at\u00e9 20230 por abuso de poder.<\/p>\n\n\n\n<h2 class=\"wp-block-heading\">Alega\u00e7\u00f5es finais<\/h2>\n\n\n\n<p>O julgamento de Bolsonaro e dos outros integrantes no n\u00facleo 1 do processo entrou no per\u00edodo de alega\u00e7\u00f5es finais a partir de despacho do Ministro Alexandre de Moraes, publicado na \u00faltima sexta-feira.<\/p>\n\n\n\n<p>Pelo despacho,&nbsp;a partir da intima\u00e7\u00e3o, a Procuradoria-Geral da Rep\u00fablica (PGR) ter\u00e1 o prazo de 15 dias para apresentar sua vers\u00e3o final dos fatos investigados. Ap\u00f3s esse tempo, o delator do compl\u00f4 golpista, o tenente-coronel Mauro Cid, ex-ajudante de ordens de Bolsonaro, ter\u00e1 o mesmo tempo para apresentar suas pr\u00f3prias alega\u00e7\u00f5es finais.<\/p>\n\n\n\n<p>Por \u00faltimo,&nbsp;as defesas dos outros sete r\u00e9us da A\u00e7\u00e3o Penal 2.668 ter\u00e3o tamb\u00e9m 15 dias para apresentar ao Supremo sua \u00faltima manifesta\u00e7\u00e3o antes do julgamento do caso pela Primeira Turma,&nbsp;composta&nbsp;por cinco ministros: al\u00e9m de Moraes, Cristiano Zanin, Luiz Fux, C\u00e1rmen L\u00facia e Fl\u00e1vio Dino.<\/p>\n\n\n\n<p>Todos os oito r\u00e9us, incluindo o pr\u00f3prio Bolsonaro, foram denunciados pelo procurador-geral da Rep\u00fablica, Paulo Gonet, pelos mesmos cinco crimes: organiza\u00e7\u00e3o criminosa armada, tentativa de abolir violentamente o Estado Democr\u00e1tico de Direito, golpe de Estado, dano qualificado por viol\u00eancia e grave amea\u00e7a e deteriora\u00e7\u00e3o de patrim\u00f4nio tombado. Somadas, as penas podem ultrapassar os 40 anos de pris\u00e3o.<\/p>\n\n\n\n<p><strong><em>S\u00e3o Gon\u00e7alo vai mudar: Not\u00edcias de S\u00e3o Gon\u00e7alo e toda regi\u00e3o.<\/em><\/strong><\/p>\n\n\n\n<figure class=\"wp-block-image size-large\"><img fetchpriority=\"high\" decoding=\"async\" width=\"1024\" height=\"252\" src=\"https:\/\/sgvaimudar.com.br\/wp-content\/uploads\/2025\/03\/Anuncie-Aqui-Sao-Goncalo-vai-mudar-1024x252.jpg\" alt=\"\" class=\"wp-image-22693\" srcset=\"https:\/\/sgvaimudar.com.br\/wp-content\/uploads\/2025\/03\/Anuncie-Aqui-Sao-Goncalo-vai-mudar-1024x252.jpg 1024w, https:\/\/sgvaimudar.com.br\/wp-content\/uploads\/2025\/03\/Anuncie-Aqui-Sao-Goncalo-vai-mudar-300x74.jpg 300w, https:\/\/sgvaimudar.com.br\/wp-content\/uploads\/2025\/03\/Anuncie-Aqui-Sao-Goncalo-vai-mudar-768x189.jpg 768w, https:\/\/sgvaimudar.com.br\/wp-content\/uploads\/2025\/03\/Anuncie-Aqui-Sao-Goncalo-vai-mudar-1536x378.jpg 1536w, https:\/\/sgvaimudar.com.br\/wp-content\/uploads\/2025\/03\/Anuncie-Aqui-Sao-Goncalo-vai-mudar-2048x504.jpg 2048w\" sizes=\"(max-width: 1024px) 100vw, 1024px\" \/><\/figure>\n","protected":false},"excerpt":{"rendered":"<p>Manifestantes tamb\u00e9m pediam anistia a condenados do 8 de janeiro Com o mote de &#8220;Justi\u00e7a J\u00e1&#8221;, uma manifesta\u00e7\u00e3o na Avenida&hellip;<\/p>\n","protected":false},"author":5,"featured_media":27275,"comment_status":"open","ping_status":"open","sticky":false,"template":"","format":"standard","meta":{"fifu_image_url":"","fifu_image_alt":"","footnotes":""},"categories":[4],"tags":[74,73],"class_list":["post-27274","post","type-post","status-publish","format-standard","has-post-thumbnail","hentry","category-brasil","tag-eleicao","tag-votacao"],"_links":{"self":[{"href":"https:\/\/sgvaimudar.com.br\/index.php\/wp-json\/wp\/v2\/posts\/27274","targetHints":{"allow":["GET"]}}],"collection":[{"href":"https:\/\/sgvaimudar.com.br\/index.php\/wp-json\/wp\/v2\/posts"}],"about":[{"href":"https:\/\/sgvaimudar.com.br\/index.php\/wp-json\/wp\/v2\/types\/post"}],"author":[{"embeddable":true,"href":"https:\/\/sgvaimudar.com.br\/index.php\/wp-json\/wp\/v2\/users\/5"}],"replies":[{"embeddable":true,"href":"https:\/\/sgvaimudar.com.br\/index.php\/wp-json\/wp\/v2\/comments?post=27274"}],"version-history":[{"count":1,"href":"https:\/\/sgvaimudar.com.br\/index.php\/wp-json\/wp\/v2\/posts\/27274\/revisions"}],"predecessor-version":[{"id":27276,"href":"https:\/\/sgvaimudar.com.br\/index.php\/wp-json\/wp\/v2\/posts\/27274\/revisions\/27276"}],"wp:featuredmedia":[{"embeddable":true,"href":"https:\/\/sgvaimudar.com.br\/index.php\/wp-json\/wp\/v2\/media\/27275"}],"wp:attachment":[{"href":"https:\/\/sgvaimudar.com.br\/index.php\/wp-json\/wp\/v2\/media?parent=27274"}],"wp:term":[{"taxonomy":"category","embeddable":true,"href":"https:\/\/sgvaimudar.com.br\/index.php\/wp-json\/wp\/v2\/categories?post=27274"},{"taxonomy":"post_tag","embeddable":true,"href":"https:\/\/sgvaimudar.com.br\/index.php\/wp-json\/wp\/v2\/tags?post=27274"}],"curies":[{"name":"wp","href":"https:\/\/api.w.org\/{rel}","templated":true}]}}