{"id":27271,"date":"2025-06-30T19:00:00","date_gmt":"2025-06-30T22:00:00","guid":{"rendered":"https:\/\/sgvaimudar.com.br\/?p=27271"},"modified":"2025-06-30T10:23:54","modified_gmt":"2025-06-30T13:23:54","slug":"familia-de-juliana-marins-reclama-de-descaso-de-aerea-no-traslado","status":"publish","type":"post","link":"https:\/\/sgvaimudar.com.br\/index.php\/2025\/06\/30\/familia-de-juliana-marins-reclama-de-descaso-de-aerea-no-traslado\/","title":{"rendered":"Fam\u00edlia de Juliana Marins reclama de descaso de a\u00e9rea no traslado"},"content":{"rendered":"\n<p><em>Parentes n\u00e3o conseguem confirmar voo de Bali para o Rio de Janeiro<\/em><\/p>\n\n\n\n<p>A fam\u00edlia da publicit\u00e1ria\u00a0Juliana Marins utilizou as redes sociais neste domingo (29) para denunciar descaso no traslado do corpo da jovem de 26 anos para o Brasil.\u00a0Juliana morreu na semana passada, ao cair enquanto\u00a0fazia uma trilha no Monte Rinjani, um vulc\u00e3o na ilha de Lombok, na Indon\u00e9sia.<img decoding=\"async\" src=\"https:\/\/agenciabrasil.ebc.com.br\/ebc.png?id=1648824&amp;o=node\"><img decoding=\"async\" src=\"https:\/\/agenciabrasil.ebc.com.br\/ebc.gif?id=1648824&amp;o=node\"><\/p>\n\n\n\n<p>Em uma primeira publica\u00e7\u00e3o no perfil de Instagram criado para fornecer informa\u00e7\u00f5es sobre o caso de Juliana, a fam\u00edlia reclama que n\u00e3o conseguia confirmar o voo que levar\u00e1 o corpo de Bali, na Indon\u00e9sia, at\u00e9 o aeroporto internacional do Gale\u00e3o, no Rio de Janeiro.<\/p>\n\n\n\n<p>\u00c9 descaso do in\u00edcio ao fim. Precisamos da confirma\u00e7\u00e3o do voo da Juliana urgente. Precisamos que a Emirates se mexa e traga Juliana para casa!\u201d, diz o texto.<\/p>\n\n\n\n<p>Em seguida, por volta das 15h, hor\u00e1rio de Bras\u00edlia (2h da manh\u00e3 na Indon\u00e9sia), a fam\u00edlia acrescenta que \u201cj\u00e1 estava tudo certo com o voo, j\u00e1 estava confirmado, mas a Emirates em Bali n\u00e3o quer trazer minha irm\u00e3 para casa. Do nada o bagageiro do voo ficou \u2018lotado\u2019\u201d.<\/p>\n\n\n\n<p>H\u00e1 dias, o pai da publicit\u00e1ria, Manoel Marins, est\u00e1 na Indon\u00e9sia para trazer o corpo de volta ao Brasil.<\/p>\n\n\n\n<p>A\u00a0imprensa no Brasil pediu um posicionamento \u00e0 companhia a\u00e9rea Emirates, que informou que o caso estava sendo apurado.<\/p>\n\n\n\n<h2 class=\"wp-block-heading\">Relembre o caso<\/h2>\n\n\n\n<p>Juliana fazia uma trilha no Monte Rinjani, no s\u00e1bado (21), quando caiu em um penhasco&nbsp;do vulc\u00e3o. Desde ent\u00e3o, houve grande expectativa sobre o resgate&nbsp;dela, que s\u00f3 era vista por imagens feitas por um drone. Em uma das tomadas, ela ainda se mexia.<\/p>\n\n\n\n<p>Apenas na ter\u00e7a-feira (24), equipes de socorro confirmaram a morte da moradora de Niter\u00f3i, cidade da regi\u00e3o metropolitana do Rio de Janeiro.<\/p>\n\n\n\n<p>Durante o intervalo entre a not\u00edcia da queda e o resgate,\u00a0a fam\u00edlia reclamou da demora em iniciar os trabalhos de busca. O corpo s\u00f3 foi resgatado na quarta-feira (25). Para a fam\u00edlia, houve \u201cneglig\u00eancia\u201d no esfor\u00e7o de resgate.<\/p>\n\n\n\n<p>Segundo a Ag\u00eancia Nacional de Busca e Resgate da Indon\u00e9sia, a brasileira n\u00e3o foi resgatada a tempo por conta das condi\u00e7\u00f5es meteorol\u00f3gicas, terreno complicado e problemas na log\u00edstica das opera\u00e7\u00f5es de socorro.<\/p>\n\n\n\n<h2 class=\"wp-block-heading\">Causa da morte<\/h2>\n\n\n\n<p>Uma aut\u00f3psia realizada por profissionais da Indon\u00e9sia concluiu que\u00a0a turista brasileira morreu em decorr\u00eancia de hemorragia provocada por danos a \u00f3rg\u00e3os internos e fraturas \u00f3sseas. Segundo os legistas, os ferimentos foram provocados por traumas por contus\u00e3o, ocorridos algumas horas antes do resgate do corpo.<\/p>\n\n\n\n<p>O laudo explica que depois do in\u00edcio da hemorragia, a morte levou menos de 20 minutos para ocorrer. A equipe tamb\u00e9m descartou morte por hipotermia, porque n\u00e3o h\u00e1 sinais de les\u00f5es teciduais nos dedos.<\/p>\n\n\n\n<h2 class=\"wp-block-heading\">Traslado<\/h2>\n\n\n\n<p>A como\u00e7\u00e3o com o caso fez com que\u00a0a Prefeitura de Niter\u00f3i se dispusesse a pagar pelo translado do corpo. Foi repassado \u00e0 fam\u00edlia o valor de R$ 55 mil. Em forma de homenagem,\u00a0a Prefeitura rebatizou de Juliana Marins uma trilha e um mirante da cidade.<\/p>\n\n\n\n<p>O presidente Luiz In\u00e1cio Lula da Silva determinou ao Minist\u00e9rio das Rela\u00e7\u00f5es Exteriores que preste todo o apoio \u00e0 fam\u00edlia. Um decreto publicado nesta sexta-feira (27) no Di\u00e1rio Oficial da Uni\u00e3o permite o custeio, pelo governo federal, do traslado de corpos de brasileiros mortos no exterior.<\/p>\n\n\n\n<p><strong><em>S\u00e3o Gon\u00e7alo vai mudar: Not\u00edcias de S\u00e3o Gon\u00e7alo e toda regi\u00e3o.<\/em><\/strong><\/p>\n\n\n\n<figure class=\"wp-block-image size-large\"><img fetchpriority=\"high\" decoding=\"async\" width=\"722\" height=\"1024\" src=\"https:\/\/sgvaimudar.com.br\/wp-content\/uploads\/2023\/10\/Anuncie-aqui-a5-1-722x1024.png\" alt=\"\" class=\"wp-image-3627\" srcset=\"https:\/\/sgvaimudar.com.br\/wp-content\/uploads\/2023\/10\/Anuncie-aqui-a5-1-722x1024.png 722w, https:\/\/sgvaimudar.com.br\/wp-content\/uploads\/2023\/10\/Anuncie-aqui-a5-1-212x300.png 212w, https:\/\/sgvaimudar.com.br\/wp-content\/uploads\/2023\/10\/Anuncie-aqui-a5-1-768x1089.png 768w, https:\/\/sgvaimudar.com.br\/wp-content\/uploads\/2023\/10\/Anuncie-aqui-a5-1-1083x1536.png 1083w, https:\/\/sgvaimudar.com.br\/wp-content\/uploads\/2023\/10\/Anuncie-aqui-a5-1-1444x2048.png 1444w, https:\/\/sgvaimudar.com.br\/wp-content\/uploads\/2023\/10\/Anuncie-aqui-a5-1.png 1750w\" sizes=\"(max-width: 722px) 100vw, 722px\" \/><\/figure>\n","protected":false},"excerpt":{"rendered":"<p>Parentes n\u00e3o conseguem confirmar voo de Bali para o Rio de Janeiro A fam\u00edlia da publicit\u00e1ria\u00a0Juliana Marins utilizou as redes&hellip;<\/p>\n","protected":false},"author":5,"featured_media":27272,"comment_status":"open","ping_status":"open","sticky":false,"template":"","format":"standard","meta":{"fifu_image_url":"","fifu_image_alt":"","footnotes":""},"categories":[1],"tags":[47],"class_list":["post-27271","post","type-post","status-publish","format-standard","has-post-thumbnail","hentry","category-mundo","tag-rj"],"_links":{"self":[{"href":"https:\/\/sgvaimudar.com.br\/index.php\/wp-json\/wp\/v2\/posts\/27271","targetHints":{"allow":["GET"]}}],"collection":[{"href":"https:\/\/sgvaimudar.com.br\/index.php\/wp-json\/wp\/v2\/posts"}],"about":[{"href":"https:\/\/sgvaimudar.com.br\/index.php\/wp-json\/wp\/v2\/types\/post"}],"author":[{"embeddable":true,"href":"https:\/\/sgvaimudar.com.br\/index.php\/wp-json\/wp\/v2\/users\/5"}],"replies":[{"embeddable":true,"href":"https:\/\/sgvaimudar.com.br\/index.php\/wp-json\/wp\/v2\/comments?post=27271"}],"version-history":[{"count":1,"href":"https:\/\/sgvaimudar.com.br\/index.php\/wp-json\/wp\/v2\/posts\/27271\/revisions"}],"predecessor-version":[{"id":27273,"href":"https:\/\/sgvaimudar.com.br\/index.php\/wp-json\/wp\/v2\/posts\/27271\/revisions\/27273"}],"wp:featuredmedia":[{"embeddable":true,"href":"https:\/\/sgvaimudar.com.br\/index.php\/wp-json\/wp\/v2\/media\/27272"}],"wp:attachment":[{"href":"https:\/\/sgvaimudar.com.br\/index.php\/wp-json\/wp\/v2\/media?parent=27271"}],"wp:term":[{"taxonomy":"category","embeddable":true,"href":"https:\/\/sgvaimudar.com.br\/index.php\/wp-json\/wp\/v2\/categories?post=27271"},{"taxonomy":"post_tag","embeddable":true,"href":"https:\/\/sgvaimudar.com.br\/index.php\/wp-json\/wp\/v2\/tags?post=27271"}],"curies":[{"name":"wp","href":"https:\/\/api.w.org\/{rel}","templated":true}]}}