{"id":27264,"date":"2025-06-30T15:00:00","date_gmt":"2025-06-30T18:00:00","guid":{"rendered":"https:\/\/sgvaimudar.com.br\/?p=27264"},"modified":"2025-06-30T09:56:53","modified_gmt":"2025-06-30T12:56:53","slug":"prefeitura-de-itaborai-entrega-praca-pedro-antonio-novaes-revitalizada-e-com-nova-quadra-de-areia","status":"publish","type":"post","link":"https:\/\/sgvaimudar.com.br\/index.php\/2025\/06\/30\/prefeitura-de-itaborai-entrega-praca-pedro-antonio-novaes-revitalizada-e-com-nova-quadra-de-areia\/","title":{"rendered":"Prefeitura de Itabora\u00ed entrega Pra\u00e7a Pedro Ant\u00f4nio Novaes revitalizada e com nova quadra de areia"},"content":{"rendered":"\n<p>Os moradores do munic\u00edpio de Itabora\u00ed ganharam, no \u00faltimo s\u00e1bado (28\/06), a revitaliza\u00e7\u00e3o completa da Pra\u00e7a Pedro Ant\u00f4nio Novaes, no bairro Venda das Pedras. O espa\u00e7o, agora totalmente requalificado, conta com novos equipamentos de lazer, paisagismo renovado e a constru\u00e7\u00e3o da primeira quadra de v\u00f4lei de areia feita pelo munic\u00edpio, tendo em vista que \u00e9 a segunda do tipo em toda a cidade.<\/p>\n\n\n\n<p>A entrega oficial contou com a presen\u00e7a do vice-prefeito e secret\u00e1rio municipal de Obras, Elber Correa; do presidente da C\u00e2mara Municipal de Vereadores, Jo\u00e3o Delaroli; do deputado estadual Guilherme Delaroli, al\u00e9m de outras autoridades municipais e moradores da regi\u00e3o.<\/p>\n\n\n\n<figure class=\"wp-block-image size-large\"><img fetchpriority=\"high\" decoding=\"async\" width=\"1024\" height=\"575\" src=\"https:\/\/sgvaimudar.com.br\/wp-content\/uploads\/2025\/06\/Prefeitura-de-Itaborai-entrega-Praca-Antonio-Novaes-revitalizada-e-com-nova-quadra-de-areia-3-1024x575.jpeg\" alt=\"\" class=\"wp-image-27265\" srcset=\"https:\/\/sgvaimudar.com.br\/wp-content\/uploads\/2025\/06\/Prefeitura-de-Itaborai-entrega-Praca-Antonio-Novaes-revitalizada-e-com-nova-quadra-de-areia-3-1024x575.jpeg 1024w, https:\/\/sgvaimudar.com.br\/wp-content\/uploads\/2025\/06\/Prefeitura-de-Itaborai-entrega-Praca-Antonio-Novaes-revitalizada-e-com-nova-quadra-de-areia-3-300x169.jpeg 300w, https:\/\/sgvaimudar.com.br\/wp-content\/uploads\/2025\/06\/Prefeitura-de-Itaborai-entrega-Praca-Antonio-Novaes-revitalizada-e-com-nova-quadra-de-areia-3-768x432.jpeg 768w, https:\/\/sgvaimudar.com.br\/wp-content\/uploads\/2025\/06\/Prefeitura-de-Itaborai-entrega-Praca-Antonio-Novaes-revitalizada-e-com-nova-quadra-de-areia-3-1536x863.jpeg 1536w, https:\/\/sgvaimudar.com.br\/wp-content\/uploads\/2025\/06\/Prefeitura-de-Itaborai-entrega-Praca-Antonio-Novaes-revitalizada-e-com-nova-quadra-de-areia-3.jpeg 1600w\" sizes=\"(max-width: 1024px) 100vw, 1024px\" \/><\/figure>\n\n\n\n<p>A reestrutura\u00e7\u00e3o da pra\u00e7a incluiu a instala\u00e7\u00e3o de brinquedos novos no parquinho infantil, piso emborrachado para garantir a seguran\u00e7a das crian\u00e7as, academia ao ar livre no padr\u00e3o das demais j\u00e1 instaladas na cidade e cuidados especiais com a arboriza\u00e7\u00e3o e os jardins.<\/p>\n\n\n\n<p>\u201cCada pra\u00e7a que entregamos \u00e9 mais que um espa\u00e7o de lazer: \u00e9 um ponto de encontro para as fam\u00edlias e um refor\u00e7o no sentimento de pertencimento da comunidade. Aqui em Venda das Pedras, n\u00f3s entregamos a primeira quadra de areia feita pelo munic\u00edpio, e isso representa o nosso compromisso em criar \u00e1reas p\u00fablicas de qualidade para todos\u201d, afirmou o vice-prefeito e secret\u00e1rio de Obras, Elber Correa.<\/p>\n\n\n\n<p>\u201cEstamos trabalhando por uma cidade mais humana, com espa\u00e7os de conviv\u00eancia, esporte e lazer. Essa entrega \u00e9 mais uma conquista do nosso governo, feita com muito carinho para os moradores de Venda das Pedras e regi\u00e3o. \u00c9 gratificante ver a popula\u00e7\u00e3o ocupando e cuidando desses espa\u00e7os\u201d, destacou o deputado estadual Guilherme Delaroli.<\/p>\n\n\n\n<p>Morador antigo da regi\u00e3o, o aposentado Jailson de Oliveira Souza, de 59 anos, celebrou a transforma\u00e7\u00e3o da pra\u00e7a.<\/p>\n\n\n\n<p>\u201cA pra\u00e7a \u00e9 importante para as crian\u00e7as, para quem participa das missas da igreja aqui do lado, sempre tem evento. Para mim \u00e9 de grande import\u00e2ncia, porque \u00e9 um lazer. Eu espero que as pessoas cuidem bem, n\u00e3o danifiquem, usem com cautela. Eu morei aqui por 28 anos. Hoje moro na rua de tr\u00e1s, meus pais viveram aqui. Para a gente, essa entrega foi um presente, est\u00e1vamos precisando. S\u00f3 tenho a agradecer a todos os envolvidos. Est\u00e1 tudo \u00f3timo\u201d, expressou o morador.<\/p>\n\n\n\n<p>A nova Pra\u00e7a Pedro Ant\u00f4nio Novaes refor\u00e7a o compromisso da gest\u00e3o municipal com a revitaliza\u00e7\u00e3o dos espa\u00e7os p\u00fablicos e a promo\u00e7\u00e3o da qualidade de vida, em especial nos bairros e regi\u00f5es mais populosas da cidade. A iniciativa integra o cronograma de obras e melhorias urbanas que a Prefeitura de Itabora\u00ed vem executando em toda a cidade.<\/p>\n\n\n\n<p><strong><em>S\u00e3o Gon\u00e7alo vai mudar: Not\u00edcias de S\u00e3o Gon\u00e7alo e toda regi\u00e3o.<\/em><\/strong><\/p>\n\n\n\n<figure class=\"wp-block-image size-large\"><img decoding=\"async\" width=\"1024\" height=\"252\" src=\"https:\/\/sgvaimudar.com.br\/wp-content\/uploads\/2025\/03\/Anuncie-Aqui-Sao-Goncalo-vai-mudar-1024x252.jpg\" alt=\"\" class=\"wp-image-22693\" srcset=\"https:\/\/sgvaimudar.com.br\/wp-content\/uploads\/2025\/03\/Anuncie-Aqui-Sao-Goncalo-vai-mudar-1024x252.jpg 1024w, https:\/\/sgvaimudar.com.br\/wp-content\/uploads\/2025\/03\/Anuncie-Aqui-Sao-Goncalo-vai-mudar-300x74.jpg 300w, https:\/\/sgvaimudar.com.br\/wp-content\/uploads\/2025\/03\/Anuncie-Aqui-Sao-Goncalo-vai-mudar-768x189.jpg 768w, https:\/\/sgvaimudar.com.br\/wp-content\/uploads\/2025\/03\/Anuncie-Aqui-Sao-Goncalo-vai-mudar-1536x378.jpg 1536w, https:\/\/sgvaimudar.com.br\/wp-content\/uploads\/2025\/03\/Anuncie-Aqui-Sao-Goncalo-vai-mudar-2048x504.jpg 2048w\" sizes=\"(max-width: 1024px) 100vw, 1024px\" \/><\/figure>\n","protected":false},"excerpt":{"rendered":"<p>Os moradores do munic\u00edpio de Itabora\u00ed ganharam, no \u00faltimo s\u00e1bado (28\/06), a revitaliza\u00e7\u00e3o completa da Pra\u00e7a Pedro Ant\u00f4nio Novaes, no&hellip;<\/p>\n","protected":false},"author":5,"featured_media":27266,"comment_status":"open","ping_status":"open","sticky":false,"template":"","format":"standard","meta":{"fifu_image_url":"","fifu_image_alt":"","footnotes":""},"categories":[5],"tags":[47],"class_list":["post-27264","post","type-post","status-publish","format-standard","has-post-thumbnail","hentry","category-esportes","tag-rj"],"_links":{"self":[{"href":"https:\/\/sgvaimudar.com.br\/index.php\/wp-json\/wp\/v2\/posts\/27264","targetHints":{"allow":["GET"]}}],"collection":[{"href":"https:\/\/sgvaimudar.com.br\/index.php\/wp-json\/wp\/v2\/posts"}],"about":[{"href":"https:\/\/sgvaimudar.com.br\/index.php\/wp-json\/wp\/v2\/types\/post"}],"author":[{"embeddable":true,"href":"https:\/\/sgvaimudar.com.br\/index.php\/wp-json\/wp\/v2\/users\/5"}],"replies":[{"embeddable":true,"href":"https:\/\/sgvaimudar.com.br\/index.php\/wp-json\/wp\/v2\/comments?post=27264"}],"version-history":[{"count":1,"href":"https:\/\/sgvaimudar.com.br\/index.php\/wp-json\/wp\/v2\/posts\/27264\/revisions"}],"predecessor-version":[{"id":27267,"href":"https:\/\/sgvaimudar.com.br\/index.php\/wp-json\/wp\/v2\/posts\/27264\/revisions\/27267"}],"wp:featuredmedia":[{"embeddable":true,"href":"https:\/\/sgvaimudar.com.br\/index.php\/wp-json\/wp\/v2\/media\/27266"}],"wp:attachment":[{"href":"https:\/\/sgvaimudar.com.br\/index.php\/wp-json\/wp\/v2\/media?parent=27264"}],"wp:term":[{"taxonomy":"category","embeddable":true,"href":"https:\/\/sgvaimudar.com.br\/index.php\/wp-json\/wp\/v2\/categories?post=27264"},{"taxonomy":"post_tag","embeddable":true,"href":"https:\/\/sgvaimudar.com.br\/index.php\/wp-json\/wp\/v2\/tags?post=27264"}],"curies":[{"name":"wp","href":"https:\/\/api.w.org\/{rel}","templated":true}]}}