{"id":27260,"date":"2025-06-30T14:00:00","date_gmt":"2025-06-30T17:00:00","guid":{"rendered":"https:\/\/sgvaimudar.com.br\/?p=27260"},"modified":"2025-06-30T09:51:31","modified_gmt":"2025-06-30T12:51:31","slug":"tangua-avanca-na-construcao-de-politicas-publicas-para-prevencao-e-acolhimento-de-pessoas-com-dependencia-quimica","status":"publish","type":"post","link":"https:\/\/sgvaimudar.com.br\/index.php\/2025\/06\/30\/tangua-avanca-na-construcao-de-politicas-publicas-para-prevencao-e-acolhimento-de-pessoas-com-dependencia-quimica\/","title":{"rendered":"Tangu\u00e1 avan\u00e7a na constru\u00e7\u00e3o de pol\u00edticas p\u00fablicas para preven\u00e7\u00e3o e acolhimento de pessoas com depend\u00eancia qu\u00edmica"},"content":{"rendered":"\n<p><em>A visita \u00e9 resultado de uma solicita\u00e7\u00e3o feita pela pr\u00f3pria Secretaria Estadual, a partir das demandas apresentadas pelo munic\u00edpio <\/em><\/p>\n\n\n\n<p>A Secretaria Municipal de Assist\u00eancia Social, Direitos Humanos e Envelhecimento Saud\u00e1vel de Tangu\u00e1 recebeu, nesta semana, representantes da Subsecretaria Estadual de Preven\u00e7\u00e3o \u00e0 Depend\u00eancia Qu\u00edmica, vinculada \u00e0 Secretaria de Estado de Desenvolvimento Social e Direitos Humanos.<\/p>\n\n\n\n<p>Estiveram presentes a subsecret\u00e1ria Ana D\u2019Arc e sua assessora Marta, que vieram ao munic\u00edpio com o objetivo de conhecer de perto a realidade local e dialogar sobre a\u00e7\u00f5es conjuntas voltadas \u00e0 preven\u00e7\u00e3o e ao enfrentamento do uso abusivo de \u00e1lcool e outras drogas.<\/p>\n\n\n\n<p>A proposta \u00e9 estabelecer uma parceria s\u00f3lida entre o munic\u00edpio e o Governo do Estado, considerando o crescimento no n\u00famero de pessoas em situa\u00e7\u00e3o de depend\u00eancia qu\u00edmica na cidade. A uni\u00e3o entre os entes p\u00fablicos busca, sobretudo, a elabora\u00e7\u00e3o de um projeto efetivo que atenda \u00e0 popula\u00e7\u00e3o de forma humanizada, com foco na preven\u00e7\u00e3o, no acolhimento e na reinser\u00e7\u00e3o social.<\/p>\n\n\n\n<p>Durante a semana, tamb\u00e9m foi realizado o primeiro encontro de capacita\u00e7\u00e3o com profissionais da rede municipal de assist\u00eancia social, abordando o tema \u201cEntre o estigma e o cuidado: como o SUAS pode atuar frente ao uso de subst\u00e2ncias\u201d. A forma\u00e7\u00e3o foi um espa\u00e7o importante de reflex\u00e3o e qualifica\u00e7\u00e3o, contribuindo para que os t\u00e9cnicos estejam mais preparados para lidar com as complexidades que envolvem o uso problem\u00e1tico de subst\u00e2ncias psicoativas.<\/p>\n\n\n\n<p>A constru\u00e7\u00e3o de respostas mais eficientes para essa realidade exige di\u00e1logo, escuta qualificada e a\u00e7\u00f5es integradas. Por isso, o encontro entre as duas esferas \u2014 municipal e estadual \u2014 marca um passo importante na busca por solu\u00e7\u00f5es concretas que garantam cuidado, dignidade e acolhimento \u00e0s pessoas que mais precisam.<\/p>\n\n\n\n<p><strong><em>S\u00e3o Gon\u00e7alo vai mudar: Not\u00edcias de S\u00e3o Gon\u00e7alo e toda regi\u00e3o.<\/em><\/strong><\/p>\n\n\n\n<figure class=\"wp-block-image size-large\"><img fetchpriority=\"high\" decoding=\"async\" width=\"1024\" height=\"252\" src=\"https:\/\/sgvaimudar.com.br\/wp-content\/uploads\/2025\/03\/Anuncie-Aqui-Sao-Goncalo-vai-mudar-1024x252.jpg\" alt=\"\" class=\"wp-image-22693\" srcset=\"https:\/\/sgvaimudar.com.br\/wp-content\/uploads\/2025\/03\/Anuncie-Aqui-Sao-Goncalo-vai-mudar-1024x252.jpg 1024w, https:\/\/sgvaimudar.com.br\/wp-content\/uploads\/2025\/03\/Anuncie-Aqui-Sao-Goncalo-vai-mudar-300x74.jpg 300w, https:\/\/sgvaimudar.com.br\/wp-content\/uploads\/2025\/03\/Anuncie-Aqui-Sao-Goncalo-vai-mudar-768x189.jpg 768w, https:\/\/sgvaimudar.com.br\/wp-content\/uploads\/2025\/03\/Anuncie-Aqui-Sao-Goncalo-vai-mudar-1536x378.jpg 1536w, https:\/\/sgvaimudar.com.br\/wp-content\/uploads\/2025\/03\/Anuncie-Aqui-Sao-Goncalo-vai-mudar-2048x504.jpg 2048w\" sizes=\"(max-width: 1024px) 100vw, 1024px\" \/><\/figure>\n","protected":false},"excerpt":{"rendered":"<p>A visita \u00e9 resultado de uma solicita\u00e7\u00e3o feita pela pr\u00f3pria Secretaria Estadual, a partir das demandas apresentadas pelo munic\u00edpio A&hellip;<\/p>\n","protected":false},"author":5,"featured_media":27262,"comment_status":"open","ping_status":"open","sticky":false,"template":"","format":"standard","meta":{"fifu_image_url":"","fifu_image_alt":"","footnotes":""},"categories":[7],"tags":[47],"class_list":["post-27260","post","type-post","status-publish","format-standard","has-post-thumbnail","hentry","category-saude","tag-rj"],"_links":{"self":[{"href":"https:\/\/sgvaimudar.com.br\/index.php\/wp-json\/wp\/v2\/posts\/27260","targetHints":{"allow":["GET"]}}],"collection":[{"href":"https:\/\/sgvaimudar.com.br\/index.php\/wp-json\/wp\/v2\/posts"}],"about":[{"href":"https:\/\/sgvaimudar.com.br\/index.php\/wp-json\/wp\/v2\/types\/post"}],"author":[{"embeddable":true,"href":"https:\/\/sgvaimudar.com.br\/index.php\/wp-json\/wp\/v2\/users\/5"}],"replies":[{"embeddable":true,"href":"https:\/\/sgvaimudar.com.br\/index.php\/wp-json\/wp\/v2\/comments?post=27260"}],"version-history":[{"count":1,"href":"https:\/\/sgvaimudar.com.br\/index.php\/wp-json\/wp\/v2\/posts\/27260\/revisions"}],"predecessor-version":[{"id":27261,"href":"https:\/\/sgvaimudar.com.br\/index.php\/wp-json\/wp\/v2\/posts\/27260\/revisions\/27261"}],"wp:featuredmedia":[{"embeddable":true,"href":"https:\/\/sgvaimudar.com.br\/index.php\/wp-json\/wp\/v2\/media\/27262"}],"wp:attachment":[{"href":"https:\/\/sgvaimudar.com.br\/index.php\/wp-json\/wp\/v2\/media?parent=27260"}],"wp:term":[{"taxonomy":"category","embeddable":true,"href":"https:\/\/sgvaimudar.com.br\/index.php\/wp-json\/wp\/v2\/categories?post=27260"},{"taxonomy":"post_tag","embeddable":true,"href":"https:\/\/sgvaimudar.com.br\/index.php\/wp-json\/wp\/v2\/tags?post=27260"}],"curies":[{"name":"wp","href":"https:\/\/api.w.org\/{rel}","templated":true}]}}