{"id":27257,"date":"2025-06-30T13:00:00","date_gmt":"2025-06-30T16:00:00","guid":{"rendered":"https:\/\/sgvaimudar.com.br\/?p=27257"},"modified":"2025-06-30T09:38:47","modified_gmt":"2025-06-30T12:38:47","slug":"audiencia-publica-vai-apresentar-e-discutir-o-orcamento-2026-de-rio-bonito","status":"publish","type":"post","link":"https:\/\/sgvaimudar.com.br\/index.php\/2025\/06\/30\/audiencia-publica-vai-apresentar-e-discutir-o-orcamento-2026-de-rio-bonito\/","title":{"rendered":"Audi\u00eancia P\u00fablica vai apresentar e discutir o or\u00e7amento 2026 de Rio Bonito"},"content":{"rendered":"\n<p>A Prefeitura de Rio Bonito vai realizar uma Audi\u00eancia P\u00fablica para apresenta\u00e7\u00e3o e discuss\u00e3o de projetos e reivindica\u00e7\u00f5es da popula\u00e7\u00e3o, com objetivo de serem inclu\u00eddos na proposta de Lei Or\u00e7ament\u00e1ria Anual (LOA) para o exerc\u00edcio financeiro de 2026 e no Plano Plurianual 2026\/2029. <\/p>\n\n\n\n<p>O evento vai acontecer na pr\u00f3xima sexta-feira (4\/7), a partir das 14 horas, no Audit\u00f3rio do Centro Administrativo, na Pra\u00e7a Cruzeiro. O evento deve contar com a participa\u00e7\u00e3o de representante de v\u00e1rios seguimentos da sociedade, como empres\u00e1rios, comerciantes, secret\u00e1rios municipais, vereadores e moradores locais, entre outros. <\/p>\n\n\n\n<p>&#8220;Essa \u00e9 oportunidade da popula\u00e7\u00e3o conhecer as previs\u00f5es de recursos e as a\u00e7\u00f5es que ser\u00e3o executadas pelo poder p\u00fablico no pr\u00f3ximo ano&#8221;, disse o Executivo no texto. Durante a audi\u00eancia, a popula\u00e7\u00e3o poder\u00e1 levar as reivindica\u00e7\u00f5es do seu bairro, al\u00e9m de ter\u00e1 informa\u00e7\u00f5es sobre gastos p\u00fablicos, e aplica\u00e7\u00e3o dos recursos. <\/p>\n\n\n\n<p>Segundo o secret\u00e1rio de Planejamento, Coordena\u00e7\u00e3o Geral e Gest\u00e3o, Humberto Belgues, explicou que a Audi\u00eancia P\u00fablica permite a troca de ideias, j\u00e1 que o Poder P\u00fablico, dentro da sua vis\u00e3o macro para o desenvolvimento da cidade, tem como metas principais de investimentos a educa\u00e7\u00e3o, sa\u00fade e infraestrutura urbana, com grande foco na assist\u00eancia social, entre outros.<\/p>\n\n\n\n<p>Sendo de iniciativa do Poder Executivo, a LDO subsidia a produ\u00e7\u00e3o da Lei Or\u00e7ament\u00e1ria Anual (LOA) sempre respeitando as diretrizes do Plano Plurianual (PPA). Tamb\u00e9m define metas, apontando eixos que requerem empenho mais prementes para receberem a interven\u00e7\u00e3o do Poder P\u00fablico.<\/p>\n\n\n\n<p><strong><em>S\u00e3o Gon\u00e7alo vai mudar: Not\u00edcias de S\u00e3o Gon\u00e7alo e toda regi\u00e3o.<\/em><\/strong><\/p>\n\n\n\n<figure class=\"wp-block-image size-large\"><img fetchpriority=\"high\" decoding=\"async\" width=\"1024\" height=\"252\" src=\"https:\/\/sgvaimudar.com.br\/wp-content\/uploads\/2025\/03\/Anuncie-Aqui-Sao-Goncalo-vai-mudar-1024x252.jpg\" alt=\"\" class=\"wp-image-22693\" srcset=\"https:\/\/sgvaimudar.com.br\/wp-content\/uploads\/2025\/03\/Anuncie-Aqui-Sao-Goncalo-vai-mudar-1024x252.jpg 1024w, https:\/\/sgvaimudar.com.br\/wp-content\/uploads\/2025\/03\/Anuncie-Aqui-Sao-Goncalo-vai-mudar-300x74.jpg 300w, https:\/\/sgvaimudar.com.br\/wp-content\/uploads\/2025\/03\/Anuncie-Aqui-Sao-Goncalo-vai-mudar-768x189.jpg 768w, https:\/\/sgvaimudar.com.br\/wp-content\/uploads\/2025\/03\/Anuncie-Aqui-Sao-Goncalo-vai-mudar-1536x378.jpg 1536w, https:\/\/sgvaimudar.com.br\/wp-content\/uploads\/2025\/03\/Anuncie-Aqui-Sao-Goncalo-vai-mudar-2048x504.jpg 2048w\" sizes=\"(max-width: 1024px) 100vw, 1024px\" \/><\/figure>\n","protected":false},"excerpt":{"rendered":"<p>A Prefeitura de Rio Bonito vai realizar uma Audi\u00eancia P\u00fablica para apresenta\u00e7\u00e3o e discuss\u00e3o de projetos e reivindica\u00e7\u00f5es da popula\u00e7\u00e3o,&hellip;<\/p>\n","protected":false},"author":5,"featured_media":27258,"comment_status":"open","ping_status":"open","sticky":false,"template":"","format":"standard","meta":{"fifu_image_url":"","fifu_image_alt":"","footnotes":""},"categories":[3],"tags":[47,73],"class_list":["post-27257","post","type-post","status-publish","format-standard","has-post-thumbnail","hentry","category-sao-goncalo","tag-rj","tag-votacao"],"_links":{"self":[{"href":"https:\/\/sgvaimudar.com.br\/index.php\/wp-json\/wp\/v2\/posts\/27257","targetHints":{"allow":["GET"]}}],"collection":[{"href":"https:\/\/sgvaimudar.com.br\/index.php\/wp-json\/wp\/v2\/posts"}],"about":[{"href":"https:\/\/sgvaimudar.com.br\/index.php\/wp-json\/wp\/v2\/types\/post"}],"author":[{"embeddable":true,"href":"https:\/\/sgvaimudar.com.br\/index.php\/wp-json\/wp\/v2\/users\/5"}],"replies":[{"embeddable":true,"href":"https:\/\/sgvaimudar.com.br\/index.php\/wp-json\/wp\/v2\/comments?post=27257"}],"version-history":[{"count":1,"href":"https:\/\/sgvaimudar.com.br\/index.php\/wp-json\/wp\/v2\/posts\/27257\/revisions"}],"predecessor-version":[{"id":27259,"href":"https:\/\/sgvaimudar.com.br\/index.php\/wp-json\/wp\/v2\/posts\/27257\/revisions\/27259"}],"wp:featuredmedia":[{"embeddable":true,"href":"https:\/\/sgvaimudar.com.br\/index.php\/wp-json\/wp\/v2\/media\/27258"}],"wp:attachment":[{"href":"https:\/\/sgvaimudar.com.br\/index.php\/wp-json\/wp\/v2\/media?parent=27257"}],"wp:term":[{"taxonomy":"category","embeddable":true,"href":"https:\/\/sgvaimudar.com.br\/index.php\/wp-json\/wp\/v2\/categories?post=27257"},{"taxonomy":"post_tag","embeddable":true,"href":"https:\/\/sgvaimudar.com.br\/index.php\/wp-json\/wp\/v2\/tags?post=27257"}],"curies":[{"name":"wp","href":"https:\/\/api.w.org\/{rel}","templated":true}]}}