{"id":27240,"date":"2025-06-30T12:00:00","date_gmt":"2025-06-30T15:00:00","guid":{"rendered":"https:\/\/sgvaimudar.com.br\/?p=27240"},"modified":"2025-06-30T08:44:13","modified_gmt":"2025-06-30T11:44:13","slug":"rio-de-janeiro-sera-sede-da-maior-conferencia-global-sobre-oceanos-em-2027","status":"publish","type":"post","link":"https:\/\/sgvaimudar.com.br\/index.php\/2025\/06\/30\/rio-de-janeiro-sera-sede-da-maior-conferencia-global-sobre-oceanos-em-2027\/","title":{"rendered":"Rio de Janeiro ser\u00e1 sede da maior confer\u00eancia global sobre oceanos em 2027"},"content":{"rendered":"\n<p><em>Escolha da Unesco reconhece pol\u00edticas ambientais implantadas pelo Governo do Estado e marca protagonismo fluminense na implementa\u00e7\u00e3o da Economia Azul como estrat\u00e9gia de desenvolvimento sustent\u00e1vel<\/em><\/p>\n\n\n\n<p>O Rio de Janeiro vai sediar a terceira Confer\u00eancia da D\u00e9cada da Ci\u00eancia Oce\u00e2nica para o Desenvolvimento Sustent\u00e1vel, em 2027 \u2013 um reconhecimento internacional que dialoga com os esfor\u00e7os do Governo do Estado para transformar o territ\u00f3rio fluminense em uma metr\u00f3pole azul. A escolha pelo Rio de Janeiro foi anunciada nesta sexta-feira (27\/06), durante uma reuni\u00e3o da assembleia da Comiss\u00e3o Oceanogr\u00e1fica da Unesco, em Paris.<\/p>\n\n\n\n<p>-Essa escolha da Unesco \u00e9 motivo de grande orgulho para o povo fluminense e um reconhecimento do trabalho s\u00e9rio e comprometido que temos feito para proteger nossos mares, nossas ba\u00edas e nossas futuras gera\u00e7\u00f5es. O Rio de Janeiro est\u00e1 cada vez mais preparado para liderar a transforma\u00e7\u00e3o ambiental que o Brasil e o mundo precisam- declarou o governador Cl\u00e1udio Castro.<\/p>\n\n\n\n<p>Essa conquista est\u00e1 alinhada a uma s\u00e9rie de a\u00e7\u00f5es e iniciativas estrat\u00e9gicas que v\u00eam sendo conduzidas para impulsionar a economia do mar, consolidar o Rio como refer\u00eancia em sustentabilidade costeira e, principalmente, para avan\u00e7ar na despolui\u00e7\u00e3o da Ba\u00eda de Guanabara \u2013 um dos principais s\u00edmbolos ambientais, hist\u00f3ricos e sociais do estado.<\/p>\n\n\n\n<p>Mais de R$ 6 bilh\u00f5es vindos da concess\u00e3o do saneamento est\u00e3o sendo investidos em projetos ambientais na Ba\u00eda de Guanabara. Com isso, o Estado do Rio tem conseguido resgatar a qualidade da \u00e1gua de praias da Zona Sul, de Niter\u00f3i e da Ilha de Paquet\u00e1, que voltaram a ser balne\u00e1veis, e trazer de volta a vida marinha para a Ba\u00eda. Al\u00e9m disso, at\u00e9 2046, R$ 25 bilh\u00f5es ser\u00e3o os ganhos socioecon\u00f4micos com a redu\u00e7\u00e3o da polui\u00e7\u00e3o.<\/p>\n\n\n\n<p>Secret\u00e1rio estadual do Ambiente e Sustentabilidade, Bernardo Rossi celebra a conquista e destaca que, ao investir na recupera\u00e7\u00e3o e no uso sustent\u00e1vel dos recursos h\u00eddricos, o Rio fortalece diversas atividades rumo ao desenvolvimento econ\u00f4mico, sustent\u00e1vel e social, como o turismo, a pesca, o mercado imobili\u00e1rio, os esportes e o transporte.<\/p>\n\n\n\n<p>-O Governo do Estado est\u00e1 sendo marcado pela Virada Azul. O Rio de Janeiro adotou a Economia Azul n\u00e3o como conceito abstrato, mas como uma pol\u00edtica p\u00fablica concreta e transversal. Mais do que olhar apenas para o oceano, estamos tratando a \u00e1gua como ativo estrat\u00e9gico para o desenvolvimento econ\u00f4mico, para a adapta\u00e7\u00e3o clim\u00e1tica e para a prosperidade social. \u00c9 uma vis\u00e3o que conecta pessoas, territ\u00f3rio e futuro &#8211; diz Rossi.<\/p>\n\n\n\n<p>Resultados da parceria com a OCDE<\/p>\n\n\n\n<p>Estudo in\u00e9dito da Organiza\u00e7\u00e3o para a Coopera\u00e7\u00e3o e Desenvolvimento Econ\u00f4mico (OCDE) aponta que o estado \u00e9 o primeiro territ\u00f3rio da Am\u00e9rica Latina a aplicar a sua metodologia para Cidades Azuis, e assim, se consolidar como uma pot\u00eancia global no setor. O estudo mapeou din\u00e2micas, identificou gargalos na governan\u00e7a da Ba\u00eda de Guanabara e prop\u00f4s recomenda\u00e7\u00f5es estrat\u00e9gicas para equilibrar economia, meio ambiente e inclus\u00e3o social.<\/p>\n\n\n\n<p>Segundo a OCDE, universalizar o saneamento na Ba\u00eda pode gerar um retorno de at\u00e9 R$ 25 bilh\u00f5es em benef\u00edcios socioecon\u00f4micos at\u00e9 2046. O entorno dela abriga mais de 13 milh\u00f5es de pessoas, 75% da popula\u00e7\u00e3o do estado, mais de 1.100 favelas e 70% do PIB.<\/p>\n\n\n\n<p>Vale destacar que o Rio ocupa uma posi\u00e7\u00e3o estrat\u00e9gica para liderar o desenvolvimento da Economia Azul no pa\u00eds, aproveitando seu vasto litoral e a forte rela\u00e7\u00e3o da popula\u00e7\u00e3o com o ambiente costeiro \u2014 cerca de 80% dos fluminenses vivem nessas regi\u00f5es. Com potencial para gerar mais emprego e renda do que o pr\u00f3prio setor de petr\u00f3leo, a Economia Azul j\u00e1 movimenta um ecossistema expressivo no estado, reunindo cerca de 80 mil empresas e empregando diretamente 400 mil trabalhadores.<\/p>\n\n\n\n<p>Proclamada pela Assembleia Geral das Na\u00e7\u00f5es Unidas em 2017, a D\u00e9cada da Ci\u00eancia Oce\u00e2nica para o Desenvolvimento Sustent\u00e1vel est\u00e1 sendo implementada entre os anos de 2021 e 2030. As confer\u00eancias globais ocorrem a cada tr\u00eas anos. A primeira edi\u00e7\u00e3o foi realizada em 2021, organizada pela Alemanha, e a segunda em 2024, pela Espanha. No Brasil, o evento reunir\u00e1 representantes de governos, comunidade cient\u00edfica, sociedade civil, povos ind\u00edgenas, comunidades costeiras e outros atores ligados \u00e0 pauta oce\u00e2nica.<\/p>\n\n\n\n<p>Projetos estrat\u00e9gicos em curso<\/p>\n\n\n\n<p>Al\u00e9m disso, uma s\u00e9rie de programas estruturantes refor\u00e7a o compromisso do Governo do Estado do Rio com a recupera\u00e7\u00e3o ambiental e o desenvolvimento sustent\u00e1vel da zona costeira. O Programa de Saneamento Ambiental (PSAM), por exemplo, est\u00e1 investindo cerca de R$ 953 milh\u00f5es em a\u00e7\u00f5es como a elabora\u00e7\u00e3o e apoio aos planos municipais de saneamento, a digitaliza\u00e7\u00e3o de processos do Instituto Estadual do Ambiente (Inea), o monitoramento da qualidade dos corpos h\u00eddricos e obras de tratamento de esgoto.<\/p>\n\n\n\n<p>J\u00e1 o Programa Limpa Rio, com mais de R$ 400 milh\u00f5es aplicados, promoveu a retirada de mais de 12 milh\u00f5es de metros c\u00fabicos de sedimentos em centenas de corpos h\u00eddricos de todos os 92 munic\u00edpios do estado, atuando para prevenir inunda\u00e7\u00f5es e fortalecer a gest\u00e3o integrada dos recursos h\u00eddricos. Como reflexo direto da governan\u00e7a ambiental integrada, 17 ecobarreiras j\u00e1 foram reinstaladas em rios que des\u00e1guam na Ba\u00eda de Guanabara, impedindo que 1.200 toneladas de res\u00edduos por m\u00eas cheguem \u00e0 Ba\u00eda.<\/p>\n\n\n\n<p>O estado tamb\u00e9m avan\u00e7a na inova\u00e7\u00e3o com o Programa BlueRio, que transforma o Rio no primeiro hub de tecnologia azul da Am\u00e9rica Latina, com chamada internacional para startups. A Plataforma Digital da Ba\u00eda de Guanabara, por sua vez, permite monitorar em tempo real a qualidade da \u00e1gua, a sa\u00fade dos ecossistemas e os avan\u00e7os na despolui\u00e7\u00e3o.<\/p>\n\n\n\n<p><strong><em>S\u00e3o Gon\u00e7alo vai mudar: Not\u00edcias de S\u00e3o Gon\u00e7alo e toda regi\u00e3o.<\/em><\/strong><\/p>\n\n\n\n<figure class=\"wp-block-image size-large\"><img fetchpriority=\"high\" decoding=\"async\" width=\"1024\" height=\"252\" src=\"https:\/\/sgvaimudar.com.br\/wp-content\/uploads\/2025\/03\/Anuncie-Aqui-Sao-Goncalo-vai-mudar-1024x252.jpg\" alt=\"\" class=\"wp-image-22693\" srcset=\"https:\/\/sgvaimudar.com.br\/wp-content\/uploads\/2025\/03\/Anuncie-Aqui-Sao-Goncalo-vai-mudar-1024x252.jpg 1024w, https:\/\/sgvaimudar.com.br\/wp-content\/uploads\/2025\/03\/Anuncie-Aqui-Sao-Goncalo-vai-mudar-300x74.jpg 300w, https:\/\/sgvaimudar.com.br\/wp-content\/uploads\/2025\/03\/Anuncie-Aqui-Sao-Goncalo-vai-mudar-768x189.jpg 768w, https:\/\/sgvaimudar.com.br\/wp-content\/uploads\/2025\/03\/Anuncie-Aqui-Sao-Goncalo-vai-mudar-1536x378.jpg 1536w, https:\/\/sgvaimudar.com.br\/wp-content\/uploads\/2025\/03\/Anuncie-Aqui-Sao-Goncalo-vai-mudar-2048x504.jpg 2048w\" sizes=\"(max-width: 1024px) 100vw, 1024px\" \/><\/figure>\n","protected":false},"excerpt":{"rendered":"<p>Escolha da Unesco reconhece pol\u00edticas ambientais implantadas pelo Governo do Estado e marca protagonismo fluminense na implementa\u00e7\u00e3o da Economia Azul&hellip;<\/p>\n","protected":false},"author":5,"featured_media":27241,"comment_status":"open","ping_status":"open","sticky":false,"template":"","format":"standard","meta":{"fifu_image_url":"","fifu_image_alt":"","footnotes":""},"categories":[4],"tags":[47],"class_list":["post-27240","post","type-post","status-publish","format-standard","has-post-thumbnail","hentry","category-brasil","tag-rj"],"_links":{"self":[{"href":"https:\/\/sgvaimudar.com.br\/index.php\/wp-json\/wp\/v2\/posts\/27240","targetHints":{"allow":["GET"]}}],"collection":[{"href":"https:\/\/sgvaimudar.com.br\/index.php\/wp-json\/wp\/v2\/posts"}],"about":[{"href":"https:\/\/sgvaimudar.com.br\/index.php\/wp-json\/wp\/v2\/types\/post"}],"author":[{"embeddable":true,"href":"https:\/\/sgvaimudar.com.br\/index.php\/wp-json\/wp\/v2\/users\/5"}],"replies":[{"embeddable":true,"href":"https:\/\/sgvaimudar.com.br\/index.php\/wp-json\/wp\/v2\/comments?post=27240"}],"version-history":[{"count":1,"href":"https:\/\/sgvaimudar.com.br\/index.php\/wp-json\/wp\/v2\/posts\/27240\/revisions"}],"predecessor-version":[{"id":27242,"href":"https:\/\/sgvaimudar.com.br\/index.php\/wp-json\/wp\/v2\/posts\/27240\/revisions\/27242"}],"wp:featuredmedia":[{"embeddable":true,"href":"https:\/\/sgvaimudar.com.br\/index.php\/wp-json\/wp\/v2\/media\/27241"}],"wp:attachment":[{"href":"https:\/\/sgvaimudar.com.br\/index.php\/wp-json\/wp\/v2\/media?parent=27240"}],"wp:term":[{"taxonomy":"category","embeddable":true,"href":"https:\/\/sgvaimudar.com.br\/index.php\/wp-json\/wp\/v2\/categories?post=27240"},{"taxonomy":"post_tag","embeddable":true,"href":"https:\/\/sgvaimudar.com.br\/index.php\/wp-json\/wp\/v2\/tags?post=27240"}],"curies":[{"name":"wp","href":"https:\/\/api.w.org\/{rel}","templated":true}]}}