{"id":27230,"date":"2025-06-30T10:00:00","date_gmt":"2025-06-30T13:00:00","guid":{"rendered":"https:\/\/sgvaimudar.com.br\/?p=27230"},"modified":"2025-06-30T08:48:19","modified_gmt":"2025-06-30T11:48:19","slug":"marvvila-imaginasamba-e-joao-gabriel-embalam-as-festas-de-sao-pedro-e-sao-joao-em-marica","status":"publish","type":"post","link":"https:\/\/sgvaimudar.com.br\/index.php\/2025\/06\/30\/marvvila-imaginasamba-e-joao-gabriel-embalam-as-festas-de-sao-pedro-e-sao-joao-em-marica\/","title":{"rendered":"Marvvila, Imaginasamba e Jo\u00e3o Gabriel embalam as festas de S\u00e3o Pedro e S\u00e3o Jo\u00e3o em Maric\u00e1"},"content":{"rendered":"\n<p><em>Palcos de Ara\u00e7atiba e Ino\u00e3 receberam milhares de pessoas na noite deste s\u00e1bado (28\/06)<\/em><\/p>\n\n\n\n<p>Os maricaenses aproveitaram neste fim de semana muita alegria e m\u00fasica de qualidade na orla de Ara\u00e7atiba e no Spar, em Ino\u00e3, na noite deste s\u00e1bado (28\/06). As comemora\u00e7\u00f5es das festas de S\u00e3o Pedro e S\u00e3o Jo\u00e3o agitaram o fim de semana da cidade com shows de Marvvila, Jo\u00e3o Gabriel e Imaginasamba.<\/p>\n\n\n\n<p>As celebra\u00e7\u00f5es seguiram neste domingo. \u201c\u00c9 uma grande satisfa\u00e7\u00e3o seguir a determina\u00e7\u00e3o de potencializar as festividades na cidade. Nosso objetivo \u00e9 entregar boas experi\u00eancias ao cidad\u00e3o maricaense. Essa \u00e9 a grande chave daquilo que queremos fazer. Trabalhar bastante para que o povo possa, tamb\u00e9m, se divertir\u201d, disse o secret\u00e1rio de Promo\u00e7\u00e3o de Eventos da Prefeitura de Maric\u00e1, Rony Peterson.<\/p>\n\n\n\n<figure class=\"wp-block-image size-large\"><img fetchpriority=\"high\" decoding=\"async\" width=\"1024\" height=\"690\" src=\"https:\/\/sgvaimudar.com.br\/wp-content\/uploads\/2025\/06\/048a1651_54620887483_o-1024x690.jpg\" alt=\"\" class=\"wp-image-27232\" srcset=\"https:\/\/sgvaimudar.com.br\/wp-content\/uploads\/2025\/06\/048a1651_54620887483_o-1024x690.jpg 1024w, https:\/\/sgvaimudar.com.br\/wp-content\/uploads\/2025\/06\/048a1651_54620887483_o-300x202.jpg 300w, https:\/\/sgvaimudar.com.br\/wp-content\/uploads\/2025\/06\/048a1651_54620887483_o-768x518.jpg 768w, https:\/\/sgvaimudar.com.br\/wp-content\/uploads\/2025\/06\/048a1651_54620887483_o-1536x1035.jpg 1536w, https:\/\/sgvaimudar.com.br\/wp-content\/uploads\/2025\/06\/048a1651_54620887483_o.jpg 2048w\" sizes=\"(max-width: 1024px) 100vw, 1024px\" \/><\/figure>\n\n\n\n<p>No palco de Ara\u00e7atiba, na festa em celebra\u00e7\u00e3o a S\u00e3o Pedro, a cantora Marvvila abriu os trabalhos da noite com muito carisma e pagode. Sucessos como \u201cPode ficar com a raz\u00e3o\u201d, \u201cPode escrever\u201d e \u201cA pagodeira\u201d foram interpretados para um p\u00fablico que lotou a rua \u00e0 beira da lagoa.<\/p>\n\n\n\n<p>No mesmo local, Jo\u00e3o Gabriel seguiu embalando a multid\u00e3o com seu sertanejo universit\u00e1rio. O cantor, inclusive, fez quest\u00e3o de lembrar que j\u00e1 recebeu o t\u00edtulo de cidad\u00e3o maricaense e que sempre se sente abra\u00e7ado na cidade. \u201cCantar em Maric\u00e1 gera sempre uma expectativa maravilhosa. Esses dias, em casa, achei o meu t\u00edtulo de cidad\u00e3o maricaense. Logo, estar aqui \u00e9 sempre motivo de muito orgulho. Recebo um carinho imenso\u201d, afirmou.<\/p>\n\n\n\n<p>O p\u00fablico aprovou as atra\u00e7\u00f5es e a estrutura. Bem pr\u00f3xima do palco, na \u00e1rea reservada a Pessoas com Defici\u00eancia (PcD), a moradora de Itapua\u00e7u, Eliane Costa de Oliveira, de 61 anos, elogiou o evento. \u201cJ\u00e1 conhecia as festas de Ara\u00e7atiba, mas essa est\u00e1 de parab\u00e9ns. A vis\u00e3o nesse espa\u00e7o ficou digna de um camarote. Todos est\u00e3o de parab\u00e9ns\u201d, comentou.<\/p>\n\n\n\n<p><strong>Muito pagode em Ino\u00e3<br><\/strong>Enquanto acontecia a festa de S\u00e3o Pedro em Ara\u00e7atiba, o pagode tamb\u00e9m animou os maricaenses que foram curtir o palco em comemora\u00e7\u00e3o \u00e0 S\u00e3o Jo\u00e3o, na Pra\u00e7a do Spar, em Ino\u00e3. A m\u00fasica ficou por conta do prata da casa, Rog\u00e9rio Costa, e do pagode tradicional do grupo Imaginasamba.<\/p>\n\n\n\n<p>A Prefeitura destacou que esse a festa teve diversidade do g\u00eanero musical no local, j\u00e1 que na \u00faltima sexta-feira (27\/06), as festividades no Spar foram embaladas pelo Grupo Bom Gosto. Neste domingo (29\/06), os artistas locais do Grupo Oh Sorte e a cantora Marianna Cunha fecharam os trabalhos.<\/p>\n\n\n\n<p><em>Fotos: Bernardo Gomes<\/em><\/p>\n\n\n\n<p><strong><em>S\u00e3o Gon\u00e7alo vai mudar: Not\u00edcias de S\u00e3o Gon\u00e7alo e toda regi\u00e3o.<\/em><\/strong><\/p>\n\n\n\n<figure class=\"wp-block-image size-large\"><img decoding=\"async\" width=\"1024\" height=\"252\" src=\"https:\/\/sgvaimudar.com.br\/wp-content\/uploads\/2025\/03\/Anuncie-Aqui-Sao-Goncalo-vai-mudar-1024x252.jpg\" alt=\"\" class=\"wp-image-22693\" srcset=\"https:\/\/sgvaimudar.com.br\/wp-content\/uploads\/2025\/03\/Anuncie-Aqui-Sao-Goncalo-vai-mudar-1024x252.jpg 1024w, https:\/\/sgvaimudar.com.br\/wp-content\/uploads\/2025\/03\/Anuncie-Aqui-Sao-Goncalo-vai-mudar-300x74.jpg 300w, https:\/\/sgvaimudar.com.br\/wp-content\/uploads\/2025\/03\/Anuncie-Aqui-Sao-Goncalo-vai-mudar-768x189.jpg 768w, https:\/\/sgvaimudar.com.br\/wp-content\/uploads\/2025\/03\/Anuncie-Aqui-Sao-Goncalo-vai-mudar-1536x378.jpg 1536w, https:\/\/sgvaimudar.com.br\/wp-content\/uploads\/2025\/03\/Anuncie-Aqui-Sao-Goncalo-vai-mudar-2048x504.jpg 2048w\" sizes=\"(max-width: 1024px) 100vw, 1024px\" \/><\/figure>\n","protected":false},"excerpt":{"rendered":"<p>Palcos de Ara\u00e7atiba e Ino\u00e3 receberam milhares de pessoas na noite deste s\u00e1bado (28\/06) Os maricaenses aproveitaram neste fim de&hellip;<\/p>\n","protected":false},"author":5,"featured_media":27231,"comment_status":"open","ping_status":"open","sticky":false,"template":"","format":"standard","meta":{"fifu_image_url":"","fifu_image_alt":"","footnotes":""},"categories":[6],"tags":[47],"class_list":["post-27230","post","type-post","status-publish","format-standard","has-post-thumbnail","hentry","category-entretenimento","tag-rj"],"_links":{"self":[{"href":"https:\/\/sgvaimudar.com.br\/index.php\/wp-json\/wp\/v2\/posts\/27230","targetHints":{"allow":["GET"]}}],"collection":[{"href":"https:\/\/sgvaimudar.com.br\/index.php\/wp-json\/wp\/v2\/posts"}],"about":[{"href":"https:\/\/sgvaimudar.com.br\/index.php\/wp-json\/wp\/v2\/types\/post"}],"author":[{"embeddable":true,"href":"https:\/\/sgvaimudar.com.br\/index.php\/wp-json\/wp\/v2\/users\/5"}],"replies":[{"embeddable":true,"href":"https:\/\/sgvaimudar.com.br\/index.php\/wp-json\/wp\/v2\/comments?post=27230"}],"version-history":[{"count":2,"href":"https:\/\/sgvaimudar.com.br\/index.php\/wp-json\/wp\/v2\/posts\/27230\/revisions"}],"predecessor-version":[{"id":27244,"href":"https:\/\/sgvaimudar.com.br\/index.php\/wp-json\/wp\/v2\/posts\/27230\/revisions\/27244"}],"wp:featuredmedia":[{"embeddable":true,"href":"https:\/\/sgvaimudar.com.br\/index.php\/wp-json\/wp\/v2\/media\/27231"}],"wp:attachment":[{"href":"https:\/\/sgvaimudar.com.br\/index.php\/wp-json\/wp\/v2\/media?parent=27230"}],"wp:term":[{"taxonomy":"category","embeddable":true,"href":"https:\/\/sgvaimudar.com.br\/index.php\/wp-json\/wp\/v2\/categories?post=27230"},{"taxonomy":"post_tag","embeddable":true,"href":"https:\/\/sgvaimudar.com.br\/index.php\/wp-json\/wp\/v2\/tags?post=27230"}],"curies":[{"name":"wp","href":"https:\/\/api.w.org\/{rel}","templated":true}]}}