{"id":27226,"date":"2025-06-30T09:00:00","date_gmt":"2025-06-30T12:00:00","guid":{"rendered":"https:\/\/sgvaimudar.com.br\/?p=27226"},"modified":"2025-06-30T08:18:09","modified_gmt":"2025-06-30T11:18:09","slug":"prefeitura-de-sao-goncalo-reforca-parceria-de-sucesso-para-a-realizacao-de-eventos-esportivos-com-o-sest-senat","status":"publish","type":"post","link":"https:\/\/sgvaimudar.com.br\/index.php\/2025\/06\/30\/prefeitura-de-sao-goncalo-reforca-parceria-de-sucesso-para-a-realizacao-de-eventos-esportivos-com-o-sest-senat\/","title":{"rendered":"Prefeitura de S\u00e3o Gon\u00e7alo refor\u00e7a parceria de sucesso para a realiza\u00e7\u00e3o de eventos esportivos com o Sest Senat"},"content":{"rendered":"\n<p><em>V\u00e1rias competi\u00e7\u00f5es est\u00e3o programadas para o segundo semestre deste ano<\/em><\/p>\n\n\n\n<p>A Secretaria de Esporte e Lazer da Prefeitura de S\u00e3o Gon\u00e7alo e o Sest Senat ir\u00e3o realizar v\u00e1rios eventos a partir deste segundo semestre de 2025 e tamb\u00e9m em 2026. A parceria foi acertada nesta semana, em reuni\u00e3o entre representantes da Secretaria de Esporte e Lazer e do Sest Senat. O objetivo \u00e9 estimular ainda mais a pr\u00e1tica de esportes na cidade.<\/p>\n\n\n\n<p>Ficaram definidos novos eventos para o segundo semestre de 2025, como copa de handebol, campeonato intermunicipal de basquete, competi\u00e7\u00e3o de jiu-jitsu, campeonato brasileiro de taekwondo e outro campeonato de kickboxing, al\u00e9m de uma col\u00f4nia de f\u00e9rias, uma corrida no m\u00eas de anivers\u00e1rio da cidade e outros pequenos eventos.<\/p>\n\n\n\n<figure class=\"wp-block-image size-large\"><img fetchpriority=\"high\" decoding=\"async\" width=\"1024\" height=\"768\" src=\"https:\/\/sgvaimudar.com.br\/wp-content\/uploads\/2025\/06\/unnamed-2-19-1024x768.jpg\" alt=\"\" class=\"wp-image-27228\" srcset=\"https:\/\/sgvaimudar.com.br\/wp-content\/uploads\/2025\/06\/unnamed-2-19-1024x768.jpg 1024w, https:\/\/sgvaimudar.com.br\/wp-content\/uploads\/2025\/06\/unnamed-2-19-300x225.jpg 300w, https:\/\/sgvaimudar.com.br\/wp-content\/uploads\/2025\/06\/unnamed-2-19-768x576.jpg 768w, https:\/\/sgvaimudar.com.br\/wp-content\/uploads\/2025\/06\/unnamed-2-19-1536x1152.jpg 1536w, https:\/\/sgvaimudar.com.br\/wp-content\/uploads\/2025\/06\/unnamed-2-19.jpg 1600w\" sizes=\"(max-width: 1024px) 100vw, 1024px\" \/><\/figure>\n\n\n\n<p>A parceria j\u00e1 garante resultados positivos pelo munic\u00edpio. Diversos campeonatos acontecem no Sest Senat em parceria com a Prefeitura de S\u00e3o Gon\u00e7alo, al\u00e9m do apoio a times municipais, como a equipe que disputa o Campeonato Carioca de Basquete.<\/p>\n\n\n\n<p>Tamb\u00e9m esta semana, aconteceu um encontro entre representantes da Secretaria de Esporte e Lazer, do Sest Senat e de empres\u00e1rios do esporte, para alinhar um calend\u00e1rio para eventos esportivos no munic\u00edpio em 2026, dando continuidade \u00e0 parceria.<\/p>\n\n\n\n<p>&#8220;Quando assumimos a Secretaria de Esporte e Lazer, no in\u00edcio de 2021, no in\u00edcio da primeira gest\u00e3o do prefeito Capit\u00e3o Nelson, a cidade n\u00e3o tinha muito espa\u00e7o para o esporte. Por isso, nos primeiros quatro anos, nosso foco foi trazer todos os esportes de volta, desenvolvendo diversas competi\u00e7\u00f5es esportivas na cidade. Agora, queremos aumentar mais ainda o esporte no munic\u00edpio e fortalecer as competi\u00e7\u00f5es, de uma forma mais estruturada&#8221;, afirmou o subsecret\u00e1rio Alex Santos.<\/p>\n\n\n\n<p><strong><em>Fa\u00e7a sua den\u00fancia pelo nosso WhatsApp: (21) <\/em><\/strong><strong><em>99744 5345<\/em><\/strong><strong><em><\/em><\/strong><\/p>\n\n\n\n<p><strong><em>S\u00e3o Gon\u00e7alo vai mudar: Not\u00edcias de S\u00e3o Gon\u00e7alo e toda regi\u00e3o.<\/em><\/strong><\/p>\n\n\n\n<figure class=\"wp-block-image size-large\"><img decoding=\"async\" width=\"1024\" height=\"252\" src=\"https:\/\/sgvaimudar.com.br\/wp-content\/uploads\/2025\/03\/Anuncie-Aqui-Sao-Goncalo-vai-mudar-1024x252.jpg\" alt=\"\" class=\"wp-image-22693\" srcset=\"https:\/\/sgvaimudar.com.br\/wp-content\/uploads\/2025\/03\/Anuncie-Aqui-Sao-Goncalo-vai-mudar-1024x252.jpg 1024w, https:\/\/sgvaimudar.com.br\/wp-content\/uploads\/2025\/03\/Anuncie-Aqui-Sao-Goncalo-vai-mudar-300x74.jpg 300w, https:\/\/sgvaimudar.com.br\/wp-content\/uploads\/2025\/03\/Anuncie-Aqui-Sao-Goncalo-vai-mudar-768x189.jpg 768w, https:\/\/sgvaimudar.com.br\/wp-content\/uploads\/2025\/03\/Anuncie-Aqui-Sao-Goncalo-vai-mudar-1536x378.jpg 1536w, https:\/\/sgvaimudar.com.br\/wp-content\/uploads\/2025\/03\/Anuncie-Aqui-Sao-Goncalo-vai-mudar-2048x504.jpg 2048w\" sizes=\"(max-width: 1024px) 100vw, 1024px\" \/><\/figure>\n","protected":false},"excerpt":{"rendered":"<p>V\u00e1rias competi\u00e7\u00f5es est\u00e3o programadas para o segundo semestre deste ano A Secretaria de Esporte e Lazer da Prefeitura de S\u00e3o&hellip;<\/p>\n","protected":false},"author":5,"featured_media":27227,"comment_status":"open","ping_status":"open","sticky":false,"template":"","format":"standard","meta":{"fifu_image_url":"","fifu_image_alt":"","footnotes":""},"categories":[5],"tags":[47,75],"class_list":["post-27226","post","type-post","status-publish","format-standard","has-post-thumbnail","hentry","category-esportes","tag-rj","tag-sao-goncalo"],"_links":{"self":[{"href":"https:\/\/sgvaimudar.com.br\/index.php\/wp-json\/wp\/v2\/posts\/27226","targetHints":{"allow":["GET"]}}],"collection":[{"href":"https:\/\/sgvaimudar.com.br\/index.php\/wp-json\/wp\/v2\/posts"}],"about":[{"href":"https:\/\/sgvaimudar.com.br\/index.php\/wp-json\/wp\/v2\/types\/post"}],"author":[{"embeddable":true,"href":"https:\/\/sgvaimudar.com.br\/index.php\/wp-json\/wp\/v2\/users\/5"}],"replies":[{"embeddable":true,"href":"https:\/\/sgvaimudar.com.br\/index.php\/wp-json\/wp\/v2\/comments?post=27226"}],"version-history":[{"count":1,"href":"https:\/\/sgvaimudar.com.br\/index.php\/wp-json\/wp\/v2\/posts\/27226\/revisions"}],"predecessor-version":[{"id":27229,"href":"https:\/\/sgvaimudar.com.br\/index.php\/wp-json\/wp\/v2\/posts\/27226\/revisions\/27229"}],"wp:featuredmedia":[{"embeddable":true,"href":"https:\/\/sgvaimudar.com.br\/index.php\/wp-json\/wp\/v2\/media\/27227"}],"wp:attachment":[{"href":"https:\/\/sgvaimudar.com.br\/index.php\/wp-json\/wp\/v2\/media?parent=27226"}],"wp:term":[{"taxonomy":"category","embeddable":true,"href":"https:\/\/sgvaimudar.com.br\/index.php\/wp-json\/wp\/v2\/categories?post=27226"},{"taxonomy":"post_tag","embeddable":true,"href":"https:\/\/sgvaimudar.com.br\/index.php\/wp-json\/wp\/v2\/tags?post=27226"}],"curies":[{"name":"wp","href":"https:\/\/api.w.org\/{rel}","templated":true}]}}