{"id":27204,"date":"2025-06-29T12:00:00","date_gmt":"2025-06-29T15:00:00","guid":{"rendered":"https:\/\/sgvaimudar.com.br\/?p=27204"},"modified":"2025-06-29T05:40:37","modified_gmt":"2025-06-29T08:40:37","slug":"mulheres-goncalenses-avancam-no-debate-para-politicas-publicas","status":"publish","type":"post","link":"https:\/\/sgvaimudar.com.br\/index.php\/2025\/06\/29\/mulheres-goncalenses-avancam-no-debate-para-politicas-publicas\/","title":{"rendered":"Mulheres gon\u00e7alenses avan\u00e7am no debate para pol\u00edticas p\u00fablicas"},"content":{"rendered":"\n<p><em>Munic\u00edpio realiza sua confer\u00eancia e amplia espa\u00e7os democr\u00e1ticos<\/em><\/p>\n\n\n\n<p>O Conselho Municipal de Defesa dos Direitos da Mulher realizou a 9\u00aa Confer\u00eancia Municipal de Pol\u00edticas para as Mulheres de S\u00e3o Gon\u00e7alo na Universidade Est\u00e1cio de S\u00e1, em Alc\u00e2ntara. Com o tema \u201cMais Democracia, Mais Igualdade e Mais Conquistas para Todas\u201d, o evento aconteceu, neste s\u00e1bado (28), com o objetivo de analisar propostas para o fortalecimento e amplia\u00e7\u00e3o de pol\u00edticas p\u00fablicas para as mulheres.<\/p>\n\n\n\n<p>A mesa de abertura foi composta pela presidente do Conselho Municipal de Defesa dos Direitos da Mulher e subsecret\u00e1ria municipal de Pol\u00edticas P\u00fablicas para as Mulheres, Ana Cristina da Silva; a presidente do Conselho Estadual dos Direitos da Mulher do Rio de Janeiro e secret\u00e1ria de Estado da Mulher, Heloisa Aguiar; e o secret\u00e1rio municipal de Assist\u00eancia Social, Felipe Mattos.\u00a0<\/p>\n\n\n\n<figure class=\"wp-block-image size-large\"><img fetchpriority=\"high\" decoding=\"async\" width=\"1024\" height=\"684\" src=\"https:\/\/sgvaimudar.com.br\/wp-content\/uploads\/2025\/06\/unnamed-7-12-1024x684.jpg\" alt=\"\" class=\"wp-image-27205\" srcset=\"https:\/\/sgvaimudar.com.br\/wp-content\/uploads\/2025\/06\/unnamed-7-12-1024x684.jpg 1024w, https:\/\/sgvaimudar.com.br\/wp-content\/uploads\/2025\/06\/unnamed-7-12-300x200.jpg 300w, https:\/\/sgvaimudar.com.br\/wp-content\/uploads\/2025\/06\/unnamed-7-12-768x513.jpg 768w, https:\/\/sgvaimudar.com.br\/wp-content\/uploads\/2025\/06\/unnamed-7-12-1536x1027.jpg 1536w, https:\/\/sgvaimudar.com.br\/wp-content\/uploads\/2025\/06\/unnamed-7-12.jpg 1616w\" sizes=\"(max-width: 1024px) 100vw, 1024px\" \/><\/figure>\n\n\n\n<p>\u201cEstar aqui hoje \u00e9 testemunhar que a luta pela igualdade, dignidade e respeito continua viva, pulsante e necess\u00e1ria. Vivemos em uma sociedade com quest\u00f5es desafiadoras. Estarmos unidas para debater as pol\u00edticas p\u00fablicas para as mulheres \u00e9 um ato pol\u00edtico, democr\u00e1tico, urgente. Falar em mais democracia \u00e9 falar em mais participa\u00e7\u00e3o feminina nos espa\u00e7os de decis\u00e3o. A democracia s\u00f3 \u00e9 plena quando escuta todas as vozes. Precisamos de a\u00e7\u00f5es concretas e pol\u00edticas p\u00fablicas reais. Uma sociedade justa, democr\u00e1tica e igualit\u00e1ria s\u00f3 ser\u00e1 poss\u00edvel quando todas as mulheres tiverem os seus direitos reconhecidos e respeitados. Sigamos firmes, unidas e atentas\u201d, explicou Ana Cristina.<\/p>\n\n\n\n<p>A confer\u00eancia \u00e9 uma etapa estrat\u00e9gica no processo de constru\u00e7\u00e3o, avalia\u00e7\u00e3o e aprimoramento das pol\u00edticas p\u00fablicas municipais, reafirmando o compromisso de S\u00e3o Gon\u00e7alo com a democracia, a equidade de g\u00eanero e a justi\u00e7a social.<\/p>\n\n\n\n<p>\u201cEstou muito feliz de ver mulheres de todos os lugares aqui em um s\u00e1bado de manh\u00e3. E tenho certeza de que hoje \u00e9 o momento de muita discuss\u00e3o e constru\u00e7\u00e3o coletiva para pol\u00edticas p\u00fablicas de igualdade, afirmou Felipe.<\/p>\n\n\n\n<p>A presidente do Conselho Estadual dos Direitos da Mulher do Rio de Janeiro destacou a relev\u00e2ncia da confer\u00eancia.<\/p>\n\n\n\n<p>\u201cEsse \u00e9 um momento emblem\u00e1tico para S\u00e3o Gon\u00e7alo. \u00c9 o segundo maior munic\u00edpio do Estado em popula\u00e7\u00e3o e composto por 53% de mulheres. Hoje, temos a oportunidade de avan\u00e7ar juntas com propostas de mais igualdade e conquistas para as mulheres. E \u00e9 nesse espa\u00e7o de confer\u00eancia que eu sempre pe\u00e7o que a gente possa se unir no que nos une. Temos uma luta que ficou parada por muitos anos e n\u00e3o podemos perder de vista. \u00c9 hora de levarmos as novas reivindica\u00e7\u00f5es para a confer\u00eancia estadual e depois para a nacional. Queremos reparar todos esses anos que ficamos sem avan\u00e7ar. Que o dia seja bastante relevante e de constru\u00e7\u00e3o com di\u00e1logo para ocupar os nossos espa\u00e7os\u201d, finalizou.&nbsp;&nbsp;<\/p>\n\n\n\n<p>A programa\u00e7\u00e3o contou com grupos de trabalho e a delibera\u00e7\u00e3o de propostas que ser\u00e3o encaminhadas para a V Confer\u00eancia Estadual e para o F\u00f3rum da Sociedade Civil Organizada. Ao todo, foram tr\u00eas eixos trabalhados: \u201cMais democracia com liberdade e participa\u00e7\u00e3o\u201d; \u201cMais igualdade para superar desigualdades e discrimina\u00e7\u00f5es\u201d e \u201cMais direitos com expans\u00e3o do acesso e da justi\u00e7a social\u201d.<\/p>\n\n\n\n<p><strong><em>S\u00e3o Gon\u00e7alo vai mudar: Not\u00edcias de S\u00e3o Gon\u00e7alo e toda regi\u00e3o.<\/em><\/strong><\/p>\n\n\n\n<figure class=\"wp-block-image size-large\"><img decoding=\"async\" width=\"722\" height=\"1024\" src=\"https:\/\/sgvaimudar.com.br\/wp-content\/uploads\/2023\/10\/Anuncie-aqui-a5-1-722x1024.png\" alt=\"\" class=\"wp-image-3627\" srcset=\"https:\/\/sgvaimudar.com.br\/wp-content\/uploads\/2023\/10\/Anuncie-aqui-a5-1-722x1024.png 722w, https:\/\/sgvaimudar.com.br\/wp-content\/uploads\/2023\/10\/Anuncie-aqui-a5-1-212x300.png 212w, https:\/\/sgvaimudar.com.br\/wp-content\/uploads\/2023\/10\/Anuncie-aqui-a5-1-768x1089.png 768w, https:\/\/sgvaimudar.com.br\/wp-content\/uploads\/2023\/10\/Anuncie-aqui-a5-1-1083x1536.png 1083w, https:\/\/sgvaimudar.com.br\/wp-content\/uploads\/2023\/10\/Anuncie-aqui-a5-1-1444x2048.png 1444w, https:\/\/sgvaimudar.com.br\/wp-content\/uploads\/2023\/10\/Anuncie-aqui-a5-1.png 1750w\" sizes=\"(max-width: 722px) 100vw, 722px\" \/><\/figure>\n","protected":false},"excerpt":{"rendered":"<p>Munic\u00edpio realiza sua confer\u00eancia e amplia espa\u00e7os democr\u00e1ticos O Conselho Municipal de Defesa dos Direitos da Mulher realizou a 9\u00aa&hellip;<\/p>\n","protected":false},"author":5,"featured_media":27206,"comment_status":"open","ping_status":"open","sticky":false,"template":"","format":"standard","meta":{"fifu_image_url":"","fifu_image_alt":"","footnotes":""},"categories":[3],"tags":[47,75,73],"class_list":["post-27204","post","type-post","status-publish","format-standard","has-post-thumbnail","hentry","category-sao-goncalo","tag-rj","tag-sao-goncalo","tag-votacao"],"_links":{"self":[{"href":"https:\/\/sgvaimudar.com.br\/index.php\/wp-json\/wp\/v2\/posts\/27204","targetHints":{"allow":["GET"]}}],"collection":[{"href":"https:\/\/sgvaimudar.com.br\/index.php\/wp-json\/wp\/v2\/posts"}],"about":[{"href":"https:\/\/sgvaimudar.com.br\/index.php\/wp-json\/wp\/v2\/types\/post"}],"author":[{"embeddable":true,"href":"https:\/\/sgvaimudar.com.br\/index.php\/wp-json\/wp\/v2\/users\/5"}],"replies":[{"embeddable":true,"href":"https:\/\/sgvaimudar.com.br\/index.php\/wp-json\/wp\/v2\/comments?post=27204"}],"version-history":[{"count":1,"href":"https:\/\/sgvaimudar.com.br\/index.php\/wp-json\/wp\/v2\/posts\/27204\/revisions"}],"predecessor-version":[{"id":27207,"href":"https:\/\/sgvaimudar.com.br\/index.php\/wp-json\/wp\/v2\/posts\/27204\/revisions\/27207"}],"wp:featuredmedia":[{"embeddable":true,"href":"https:\/\/sgvaimudar.com.br\/index.php\/wp-json\/wp\/v2\/media\/27206"}],"wp:attachment":[{"href":"https:\/\/sgvaimudar.com.br\/index.php\/wp-json\/wp\/v2\/media?parent=27204"}],"wp:term":[{"taxonomy":"category","embeddable":true,"href":"https:\/\/sgvaimudar.com.br\/index.php\/wp-json\/wp\/v2\/categories?post=27204"},{"taxonomy":"post_tag","embeddable":true,"href":"https:\/\/sgvaimudar.com.br\/index.php\/wp-json\/wp\/v2\/tags?post=27204"}],"curies":[{"name":"wp","href":"https:\/\/api.w.org\/{rel}","templated":true}]}}