{"id":27200,"date":"2025-06-29T11:00:00","date_gmt":"2025-06-29T14:00:00","guid":{"rendered":"https:\/\/sgvaimudar.com.br\/?p=27200"},"modified":"2025-06-29T05:36:12","modified_gmt":"2025-06-29T08:36:12","slug":"sao-goncalo-entra-em-clima-junino-no-centro-de-tradicoes-nordestinas","status":"publish","type":"post","link":"https:\/\/sgvaimudar.com.br\/index.php\/2025\/06\/29\/sao-goncalo-entra-em-clima-junino-no-centro-de-tradicoes-nordestinas\/","title":{"rendered":"S\u00e3o Gon\u00e7alo entra em clima junino no Centro de Tradi\u00e7\u00f5es Nordestinas"},"content":{"rendered":"\n<p><em>Festival \u201cOxente S\u00e3ogon\u00e7a\u201d anima gon\u00e7alenses neste s\u00e1bado e no domingo<\/em><\/p>\n\n\n\n<p>Para celebrar as tradi\u00e7\u00f5es nordestinas e a cultura da festa de S\u00e3o Jo\u00e3o, o festival Oxente S\u00e3ogon\u00e7a foi iniciado na noite desta sexta-feira (27), no Centro de Tradi\u00e7\u00f5es Nordestinas \u201cSevero, Embaixador Nordestino\u201d, em Neves. A festa seguir\u00e1 neste s\u00e1bado (28) e no domingo (29).<\/p>\n\n\n\n<p>O festival \u00e9 realizado pela Daumas &amp; Daumas, com o apoio da Secretaria de Turismo e Cultura da Prefeitura de S\u00e3o Gon\u00e7alo, atrav\u00e9s da Pol\u00edtica Nacional Aldir Blanc. At\u00e9 domingo, o p\u00fablico poder\u00e1 aproveitar muito forr\u00f3, bai\u00e3o e outros ritmos juninos.<\/p>\n\n\n\n<figure class=\"wp-block-image size-large\"><img fetchpriority=\"high\" decoding=\"async\" width=\"1024\" height=\"681\" src=\"https:\/\/sgvaimudar.com.br\/wp-content\/uploads\/2025\/06\/unnamed-5-16-1024x681.jpg\" alt=\"\" class=\"wp-image-27202\" srcset=\"https:\/\/sgvaimudar.com.br\/wp-content\/uploads\/2025\/06\/unnamed-5-16-1024x681.jpg 1024w, https:\/\/sgvaimudar.com.br\/wp-content\/uploads\/2025\/06\/unnamed-5-16-300x199.jpg 300w, https:\/\/sgvaimudar.com.br\/wp-content\/uploads\/2025\/06\/unnamed-5-16-768x511.jpg 768w, https:\/\/sgvaimudar.com.br\/wp-content\/uploads\/2025\/06\/unnamed-5-16.jpg 1280w\" sizes=\"(max-width: 1024px) 100vw, 1024px\" \/><\/figure>\n\n\n\n<p>A secret\u00e1ria de Turismo e Cultura da Prefeitura de S\u00e3o Gon\u00e7alo, Julia Sobreira, esteve presente no evento e demonstrou entusiasmo com a iniciativa.<\/p>\n\n\n\n<p>\u201cEsse festival foi contemplado atrav\u00e9s de um edital da nossa secretaria, ent\u00e3o \u00e9 um marco para n\u00f3s. \u00c9 muito satisfat\u00f3rio ver essa iniciativa sair do papel, celebrando a cultura das festas juninas brasileiras. S\u00e3o Gon\u00e7alo tem na sua forma\u00e7\u00e3o muitos nordestinos, ent\u00e3o com essa festa queremos refor\u00e7ar a import\u00e2ncia dessa popula\u00e7\u00e3o e do Centro de Tradi\u00e7\u00f5es, que \u00e9 um grande equipamento do nosso territ\u00f3rio\u201d, destacou.<\/p>\n\n\n\n<p>Os port\u00f5es do evento foram abertos \u00e0s 18h e, a partir das 19h, o p\u00fablico j\u00e1 p\u00f4de curtir diversas m\u00fasicas juninas como bai\u00e3o, forr\u00f3 e xaxado com a banda Quebra Telha. A partir das 22h, a banda William Gomes &amp; Banda seguiu o ritmo do arrasta-p\u00e9. Durante os intervalos dos shows, teve um DJ para manter a anima\u00e7\u00e3o.\u00a0<\/p>\n\n\n\n<p>\u201cO projeto foi criado com o intuito de retomar as atividades de festa junina, de uma forma mais qualificada, resgatar uma festividade que sempre fizemos bem. Abrimos o festival em um bate-papo com o historiador Luiz Ant\u00f4nio Simas sobre a cultura popular e foi muito bacana. E, hoje, \u00e9 o primeiro dia da festa, onde colocamos toda reflex\u00e3o em pr\u00e1tica. Aqui, o clima \u00e9 familiar e com muitas personalidades gon\u00e7alenses\u201d, relatou o coordenador do projeto Oxente S\u00e3ogon\u00e7a, Vinicius Daumas.<\/p>\n\n\n\n<p>Al\u00e9m da curti\u00e7\u00e3o, diversas barracas de comidas, bebidas e artesanato estiveram abertas durante todo o evento.<\/p>\n\n\n\n<p>A moradora de Neves, Ana Lucia Baptista, de 56 anos, conta que ficou feliz em saber que teria essa festa. \u201cSou aqui da regi\u00e3o, vi que teria essa programa\u00e7\u00e3o na internet e n\u00e3o pude perder. Estou adorando! \u00c9 importante um evento que traz tradi\u00e7\u00e3o e cultura, eu adoro forr\u00f3!\u201d, afirmou.<\/p>\n\n\n\n<p>Aqueles que n\u00e3o puderam curtir nesta sexta-feira, ter\u00e3o a oportunidade de aproveitar o festival neste final de semana, que tamb\u00e9m contar\u00e1 com muita m\u00fasica, al\u00e9m de uma apresenta\u00e7\u00e3o circense e sorteio para crian\u00e7as. E, no dia 5 de julho, o Centro de Tradi\u00e7\u00f5es vai ser palco de uma quadrilha junina e de mais um show de forr\u00f3.<\/p>\n\n\n\n<p><strong>Programa\u00e7\u00e3o:<\/strong><\/p>\n\n\n\n<p><em>S\u00e1bado (28\/06):<\/em><\/p>\n\n\n\n<p><em>18h \u2013 Abertura dos port\u00f5es<\/em><\/p>\n\n\n\n<p><em>19h \u00e0s 21h \u2013 Show Banda Quebra Telha<\/em><\/p>\n\n\n\n<p><em>22h \u00e0 0h \u2013 Show William Gomes &amp; Banda<\/em><\/p>\n\n\n\n<p><em>DJ nos intervalos<\/em><\/p>\n\n\n\n<p><em>Domingo (29\/06):<\/em><\/p>\n\n\n\n<p><em>15h \u00e0s 16h \u2013 \u201cArrai\u00e1 do Picadeiro\u201d (circo junino)<\/em><\/p>\n\n\n\n<p><em>16h30 \u00e0s 18h30 \u2013 Show Banda Quebra Telha<\/em><\/p>\n\n\n\n<p><em>19h \u00e0s 21h \u2013 Show William Gomes &amp; Banda<\/em><\/p>\n\n\n\n<p><em>Sorteio de bicicleta para crian\u00e7as<\/em><\/p>\n\n\n\n<p><em>DJ nos intervalos<\/em><\/p>\n\n\n\n<p><em>S\u00e1bado (05\/07):<\/em><\/p>\n\n\n\n<p><em>18h \u2013 Abertura dos port\u00f5es<\/em><\/p>\n\n\n\n<p><em>19h \u00e0s 21h \u2013 Quadrilha Tradicional<\/em><\/p>\n\n\n\n<p><em>22h \u00e0 0h \u2013 Show Banda Quebra Telha<\/em><\/p>\n\n\n\n<p><em>DJ nos intervalos<\/em>.<\/p>\n\n\n\n<p><strong><em>S\u00e3o Gon\u00e7alo vai mudar: Not\u00edcias de S\u00e3o Gon\u00e7alo e toda regi\u00e3o.<\/em><\/strong><\/p>\n\n\n\n<figure class=\"wp-block-image size-large\"><img decoding=\"async\" width=\"1024\" height=\"252\" src=\"https:\/\/sgvaimudar.com.br\/wp-content\/uploads\/2025\/03\/Anuncie-Aqui-Sao-Goncalo-vai-mudar-1024x252.jpg\" alt=\"\" class=\"wp-image-22693\" srcset=\"https:\/\/sgvaimudar.com.br\/wp-content\/uploads\/2025\/03\/Anuncie-Aqui-Sao-Goncalo-vai-mudar-1024x252.jpg 1024w, https:\/\/sgvaimudar.com.br\/wp-content\/uploads\/2025\/03\/Anuncie-Aqui-Sao-Goncalo-vai-mudar-300x74.jpg 300w, https:\/\/sgvaimudar.com.br\/wp-content\/uploads\/2025\/03\/Anuncie-Aqui-Sao-Goncalo-vai-mudar-768x189.jpg 768w, https:\/\/sgvaimudar.com.br\/wp-content\/uploads\/2025\/03\/Anuncie-Aqui-Sao-Goncalo-vai-mudar-1536x378.jpg 1536w, https:\/\/sgvaimudar.com.br\/wp-content\/uploads\/2025\/03\/Anuncie-Aqui-Sao-Goncalo-vai-mudar-2048x504.jpg 2048w\" sizes=\"(max-width: 1024px) 100vw, 1024px\" \/><\/figure>\n","protected":false},"excerpt":{"rendered":"<p>Festival \u201cOxente S\u00e3ogon\u00e7a\u201d anima gon\u00e7alenses neste s\u00e1bado e no domingo Para celebrar as tradi\u00e7\u00f5es nordestinas e a cultura da festa&hellip;<\/p>\n","protected":false},"author":5,"featured_media":27201,"comment_status":"open","ping_status":"open","sticky":false,"template":"","format":"standard","meta":{"fifu_image_url":"","fifu_image_alt":"","footnotes":""},"categories":[6],"tags":[47,75],"class_list":["post-27200","post","type-post","status-publish","format-standard","has-post-thumbnail","hentry","category-entretenimento","tag-rj","tag-sao-goncalo"],"_links":{"self":[{"href":"https:\/\/sgvaimudar.com.br\/index.php\/wp-json\/wp\/v2\/posts\/27200","targetHints":{"allow":["GET"]}}],"collection":[{"href":"https:\/\/sgvaimudar.com.br\/index.php\/wp-json\/wp\/v2\/posts"}],"about":[{"href":"https:\/\/sgvaimudar.com.br\/index.php\/wp-json\/wp\/v2\/types\/post"}],"author":[{"embeddable":true,"href":"https:\/\/sgvaimudar.com.br\/index.php\/wp-json\/wp\/v2\/users\/5"}],"replies":[{"embeddable":true,"href":"https:\/\/sgvaimudar.com.br\/index.php\/wp-json\/wp\/v2\/comments?post=27200"}],"version-history":[{"count":1,"href":"https:\/\/sgvaimudar.com.br\/index.php\/wp-json\/wp\/v2\/posts\/27200\/revisions"}],"predecessor-version":[{"id":27203,"href":"https:\/\/sgvaimudar.com.br\/index.php\/wp-json\/wp\/v2\/posts\/27200\/revisions\/27203"}],"wp:featuredmedia":[{"embeddable":true,"href":"https:\/\/sgvaimudar.com.br\/index.php\/wp-json\/wp\/v2\/media\/27201"}],"wp:attachment":[{"href":"https:\/\/sgvaimudar.com.br\/index.php\/wp-json\/wp\/v2\/media?parent=27200"}],"wp:term":[{"taxonomy":"category","embeddable":true,"href":"https:\/\/sgvaimudar.com.br\/index.php\/wp-json\/wp\/v2\/categories?post=27200"},{"taxonomy":"post_tag","embeddable":true,"href":"https:\/\/sgvaimudar.com.br\/index.php\/wp-json\/wp\/v2\/tags?post=27200"}],"curies":[{"name":"wp","href":"https:\/\/api.w.org\/{rel}","templated":true}]}}