{"id":27189,"date":"2025-06-29T09:00:00","date_gmt":"2025-06-29T12:00:00","guid":{"rendered":"https:\/\/sgvaimudar.com.br\/?p=27189"},"modified":"2025-06-29T05:23:19","modified_gmt":"2025-06-29T08:23:19","slug":"guaxindiba-em-festa-com-a-caravana-de-arte-e-lazer-da-prefeitura-de-sao-goncalo","status":"publish","type":"post","link":"https:\/\/sgvaimudar.com.br\/index.php\/2025\/06\/29\/guaxindiba-em-festa-com-a-caravana-de-arte-e-lazer-da-prefeitura-de-sao-goncalo\/","title":{"rendered":"Guaxindiba em festa com a Caravana de Arte e Lazer da Prefeitura de S\u00e3o Gon\u00e7alo"},"content":{"rendered":"\n<p><em>Neste domingo, recrea\u00e7\u00e3o ser\u00e1 no Vila Tr\u00eas<\/em><\/p>\n\n\n\n<p>O campo da Rua 12, em Guaxindiba, recebeu a Caravana de Arte e Lazer na manh\u00e3 deste s\u00e1bado (28). As crian\u00e7as do bairro puderam aproveitar o dia com muita brincadeira, divers\u00e3o e lanche. Domingo (29), os moradores do bairro Vila Tr\u00eas ter\u00e3o acesso \u00e0s atividades na Pra\u00e7a do Fumac\u00ea, das 9h \u00e0s 13h.\u00a0<\/p>\n\n\n\n<p>Em Guaxindiba, o dia foi marcado por muita alegria pelo projeto desenvolvido pela Funda\u00e7\u00e3o de Artes, Esporte e Lazer (Faelsg) da Prefeitura de S\u00e3o Gon\u00e7alo. A crian\u00e7ada aproveitou a Caravana de Arte e Lazer com as brincadeiras dos personagens infantis e animadores e com os brinquedos infl\u00e1veis (pula-pula, escorrega e outros), al\u00e9m da cama el\u00e1stica e piscina de bolinhas.\u00a0\u00a0\u00a0\u00a0<\/p>\n\n\n\n<figure class=\"wp-block-image size-large\"><img fetchpriority=\"high\" decoding=\"async\" width=\"1024\" height=\"576\" src=\"https:\/\/sgvaimudar.com.br\/wp-content\/uploads\/2025\/06\/unnamed-1-21-1024x576.jpg\" alt=\"\" class=\"wp-image-27190\" srcset=\"https:\/\/sgvaimudar.com.br\/wp-content\/uploads\/2025\/06\/unnamed-1-21-1024x576.jpg 1024w, https:\/\/sgvaimudar.com.br\/wp-content\/uploads\/2025\/06\/unnamed-1-21-300x169.jpg 300w, https:\/\/sgvaimudar.com.br\/wp-content\/uploads\/2025\/06\/unnamed-1-21-768x432.jpg 768w, https:\/\/sgvaimudar.com.br\/wp-content\/uploads\/2025\/06\/unnamed-1-21-1536x864.jpg 1536w, https:\/\/sgvaimudar.com.br\/wp-content\/uploads\/2025\/06\/unnamed-1-21.jpg 1600w\" sizes=\"(max-width: 1024px) 100vw, 1024px\" \/><\/figure>\n\n\n\n<p>No dia de pura divers\u00e3o, houve brincadeiras l\u00fadicas, guerra de cotonetes, atividades art\u00edsticas e esportivas, dan\u00e7a, oficinas de pintura e desenhos, pintura facial e aulas de dan\u00e7a. Al\u00e9m das brincadeiras, os pequenos se refrescaram com \u00e1gua, guaran\u00e1 natural e picol\u00e9. E, para ficar ainda melhor, ainda teve cachorro-quente, pipoca e algod\u00e3o doce \u2013 tudo distribu\u00eddo gratuitamente.\u00a0\u00a0\u00a0<\/p>\n\n\n\n<p>A Caravana de Arte e Lazer foi criada, em outubro de 2022, com o objetivo de percorrer as principais \u00e1reas de vulnerabilidade social da cidade, levando pr\u00e1ticas sociais, esportivas e recreativas \u00e0s crian\u00e7as. Ela j\u00e1 passou por dezenas de bairros de S\u00e3o Gon\u00e7alo, atendendo milhares de crian\u00e7as.\u00a0<\/p>\n\n\n\n<p>A Prefeitura de S\u00e3o Gon\u00e7alo divulga, regularmente em seus canais de comunica\u00e7\u00e3o, os dias e locais por onde a Caravana de Arte e Lazer vai passar.<\/p>\n\n\n\n<p><strong><em>S\u00e3o Gon\u00e7alo vai mudar: Not\u00edcias de S\u00e3o Gon\u00e7alo e toda regi\u00e3o.<\/em><\/strong><\/p>\n\n\n\n<figure class=\"wp-block-image size-large\"><img decoding=\"async\" width=\"1024\" height=\"252\" src=\"https:\/\/sgvaimudar.com.br\/wp-content\/uploads\/2025\/03\/Anuncie-Aqui-Sao-Goncalo-vai-mudar-1024x252.jpg\" alt=\"\" class=\"wp-image-22693\" srcset=\"https:\/\/sgvaimudar.com.br\/wp-content\/uploads\/2025\/03\/Anuncie-Aqui-Sao-Goncalo-vai-mudar-1024x252.jpg 1024w, https:\/\/sgvaimudar.com.br\/wp-content\/uploads\/2025\/03\/Anuncie-Aqui-Sao-Goncalo-vai-mudar-300x74.jpg 300w, https:\/\/sgvaimudar.com.br\/wp-content\/uploads\/2025\/03\/Anuncie-Aqui-Sao-Goncalo-vai-mudar-768x189.jpg 768w, https:\/\/sgvaimudar.com.br\/wp-content\/uploads\/2025\/03\/Anuncie-Aqui-Sao-Goncalo-vai-mudar-1536x378.jpg 1536w, https:\/\/sgvaimudar.com.br\/wp-content\/uploads\/2025\/03\/Anuncie-Aqui-Sao-Goncalo-vai-mudar-2048x504.jpg 2048w\" sizes=\"(max-width: 1024px) 100vw, 1024px\" \/><\/figure>\n","protected":false},"excerpt":{"rendered":"<p>Neste domingo, recrea\u00e7\u00e3o ser\u00e1 no Vila Tr\u00eas O campo da Rua 12, em Guaxindiba, recebeu a Caravana de Arte e&hellip;<\/p>\n","protected":false},"author":5,"featured_media":27191,"comment_status":"open","ping_status":"open","sticky":false,"template":"","format":"standard","meta":{"fifu_image_url":"","fifu_image_alt":"","footnotes":""},"categories":[6],"tags":[47,75],"class_list":["post-27189","post","type-post","status-publish","format-standard","has-post-thumbnail","hentry","category-entretenimento","tag-rj","tag-sao-goncalo"],"_links":{"self":[{"href":"https:\/\/sgvaimudar.com.br\/index.php\/wp-json\/wp\/v2\/posts\/27189","targetHints":{"allow":["GET"]}}],"collection":[{"href":"https:\/\/sgvaimudar.com.br\/index.php\/wp-json\/wp\/v2\/posts"}],"about":[{"href":"https:\/\/sgvaimudar.com.br\/index.php\/wp-json\/wp\/v2\/types\/post"}],"author":[{"embeddable":true,"href":"https:\/\/sgvaimudar.com.br\/index.php\/wp-json\/wp\/v2\/users\/5"}],"replies":[{"embeddable":true,"href":"https:\/\/sgvaimudar.com.br\/index.php\/wp-json\/wp\/v2\/comments?post=27189"}],"version-history":[{"count":1,"href":"https:\/\/sgvaimudar.com.br\/index.php\/wp-json\/wp\/v2\/posts\/27189\/revisions"}],"predecessor-version":[{"id":27192,"href":"https:\/\/sgvaimudar.com.br\/index.php\/wp-json\/wp\/v2\/posts\/27189\/revisions\/27192"}],"wp:featuredmedia":[{"embeddable":true,"href":"https:\/\/sgvaimudar.com.br\/index.php\/wp-json\/wp\/v2\/media\/27191"}],"wp:attachment":[{"href":"https:\/\/sgvaimudar.com.br\/index.php\/wp-json\/wp\/v2\/media?parent=27189"}],"wp:term":[{"taxonomy":"category","embeddable":true,"href":"https:\/\/sgvaimudar.com.br\/index.php\/wp-json\/wp\/v2\/categories?post=27189"},{"taxonomy":"post_tag","embeddable":true,"href":"https:\/\/sgvaimudar.com.br\/index.php\/wp-json\/wp\/v2\/tags?post=27189"}],"curies":[{"name":"wp","href":"https:\/\/api.w.org\/{rel}","templated":true}]}}