{"id":27187,"date":"2025-06-29T08:59:00","date_gmt":"2025-06-29T11:59:00","guid":{"rendered":"https:\/\/sgvaimudar.com.br\/?p=27187"},"modified":"2025-06-29T05:18:30","modified_gmt":"2025-06-29T08:18:30","slug":"idoso-e-atingido-no-rosto-por-bala-perdida-no-jardim-catarina","status":"publish","type":"post","link":"https:\/\/sgvaimudar.com.br\/index.php\/2025\/06\/29\/idoso-e-atingido-no-rosto-por-bala-perdida-no-jardim-catarina\/","title":{"rendered":"Idoso \u00e9 atingido no rosto por bala perdida no Jardim Catarina"},"content":{"rendered":"\n<p><em>A 74\u00aa DP (Alc\u00e2ntara) disse que investiga o caso<\/em><\/p>\n\n\n\n<p>Um idoso de 63 anos foi baleado no rosto na tarde desta sexta, 27, no bairro Jardim Catarina, em S\u00e3o Gon\u00e7alo. Segundo testemunhas, a v\u00edtima, que acabava de sair do supermercado em uma bicicleta, foi atingida por uma bala perdida.<\/p>\n\n\n\n<p>O homem foi socorrido pela popula\u00e7\u00e3o e levado por para o Hospital Estadual Alberto Torres (Heat), onde segue em atendimento.<\/p>\n\n\n\n<p>De acordo com informa\u00e7\u00f5es preliminares, o idoso n\u00e3o tinha qualquer rela\u00e7\u00e3o com a troca de tiros. Ele foi surpreendido enquanto passava pela rua e acabou sendo atingido no rosto, o que causou grande como\u00e7\u00e3o entre os presentes.<\/p>\n\n\n\n<p>At\u00e9 o momento, n\u00e3o h\u00e1 informa\u00e7\u00f5es sobre o estado de sa\u00fade da v\u00edtima nem sobre a autoria dos disparos. A Pol\u00edcia Militar realiza buscas na regi\u00e3o, mas ningu\u00e9m foi preso.<\/p>\n\n\n\n<p>Procurada, a Pol\u00edcia Civil disse que o caso ser\u00e1 investigado pela delegacia de \u00e1rea, que vai analisar c\u00e2meras de seguran\u00e7a e ouvir testemunhas para tentar identificar os respons\u00e1veis.<\/p>\n\n\n\n<p>&#8220;A 74\u00aa DP (Alc\u00e2ntara) investiga o caso. Testemunhas s\u00e3o ouvidas e outras dilig\u00eancias est\u00e3o em andamento para apurar a origem do disparo que atingiu a v\u00edtima&#8221;, disse a Civil na nota.<\/p>\n\n\n\n<p><strong><em>Fa\u00e7a sua den\u00fancia pelo nosso WhatsApp: (21) <\/em><\/strong><strong><em>99744 5345<\/em><\/strong><strong><em><\/em><\/strong><\/p>\n\n\n\n<p><strong><em>S\u00e3o Gon\u00e7alo vai mudar: Not\u00edcias de S\u00e3o Gon\u00e7alo e toda regi\u00e3o.<\/em><\/strong><\/p>\n\n\n\n<figure class=\"wp-block-image size-large\"><img fetchpriority=\"high\" decoding=\"async\" width=\"1024\" height=\"252\" src=\"https:\/\/sgvaimudar.com.br\/wp-content\/uploads\/2025\/03\/Anuncie-Aqui-Sao-Goncalo-vai-mudar-1024x252.jpg\" alt=\"\" class=\"wp-image-22693\" srcset=\"https:\/\/sgvaimudar.com.br\/wp-content\/uploads\/2025\/03\/Anuncie-Aqui-Sao-Goncalo-vai-mudar-1024x252.jpg 1024w, https:\/\/sgvaimudar.com.br\/wp-content\/uploads\/2025\/03\/Anuncie-Aqui-Sao-Goncalo-vai-mudar-300x74.jpg 300w, https:\/\/sgvaimudar.com.br\/wp-content\/uploads\/2025\/03\/Anuncie-Aqui-Sao-Goncalo-vai-mudar-768x189.jpg 768w, https:\/\/sgvaimudar.com.br\/wp-content\/uploads\/2025\/03\/Anuncie-Aqui-Sao-Goncalo-vai-mudar-1536x378.jpg 1536w, https:\/\/sgvaimudar.com.br\/wp-content\/uploads\/2025\/03\/Anuncie-Aqui-Sao-Goncalo-vai-mudar-2048x504.jpg 2048w\" sizes=\"(max-width: 1024px) 100vw, 1024px\" \/><\/figure>\n","protected":false},"excerpt":{"rendered":"<p>A 74\u00aa DP (Alc\u00e2ntara) disse que investiga o caso Um idoso de 63 anos foi baleado no rosto na tarde&hellip;<\/p>\n","protected":false},"author":5,"featured_media":23927,"comment_status":"open","ping_status":"open","sticky":false,"template":"","format":"standard","meta":{"fifu_image_url":"","fifu_image_alt":"","footnotes":""},"categories":[32],"tags":[39,41,40,47,75],"class_list":["post-27187","post","type-post","status-publish","format-standard","has-post-thumbnail","hentry","category-casos-de-policia","tag-ataque","tag-conflito","tag-guerra","tag-rj","tag-sao-goncalo"],"_links":{"self":[{"href":"https:\/\/sgvaimudar.com.br\/index.php\/wp-json\/wp\/v2\/posts\/27187","targetHints":{"allow":["GET"]}}],"collection":[{"href":"https:\/\/sgvaimudar.com.br\/index.php\/wp-json\/wp\/v2\/posts"}],"about":[{"href":"https:\/\/sgvaimudar.com.br\/index.php\/wp-json\/wp\/v2\/types\/post"}],"author":[{"embeddable":true,"href":"https:\/\/sgvaimudar.com.br\/index.php\/wp-json\/wp\/v2\/users\/5"}],"replies":[{"embeddable":true,"href":"https:\/\/sgvaimudar.com.br\/index.php\/wp-json\/wp\/v2\/comments?post=27187"}],"version-history":[{"count":1,"href":"https:\/\/sgvaimudar.com.br\/index.php\/wp-json\/wp\/v2\/posts\/27187\/revisions"}],"predecessor-version":[{"id":27188,"href":"https:\/\/sgvaimudar.com.br\/index.php\/wp-json\/wp\/v2\/posts\/27187\/revisions\/27188"}],"wp:featuredmedia":[{"embeddable":true,"href":"https:\/\/sgvaimudar.com.br\/index.php\/wp-json\/wp\/v2\/media\/23927"}],"wp:attachment":[{"href":"https:\/\/sgvaimudar.com.br\/index.php\/wp-json\/wp\/v2\/media?parent=27187"}],"wp:term":[{"taxonomy":"category","embeddable":true,"href":"https:\/\/sgvaimudar.com.br\/index.php\/wp-json\/wp\/v2\/categories?post=27187"},{"taxonomy":"post_tag","embeddable":true,"href":"https:\/\/sgvaimudar.com.br\/index.php\/wp-json\/wp\/v2\/tags?post=27187"}],"curies":[{"name":"wp","href":"https:\/\/api.w.org\/{rel}","templated":true}]}}