{"id":27177,"date":"2025-06-28T11:00:00","date_gmt":"2025-06-28T14:00:00","guid":{"rendered":"https:\/\/sgvaimudar.com.br\/?p=27177"},"modified":"2025-06-28T08:39:36","modified_gmt":"2025-06-28T11:39:36","slug":"defesa-civil-conclui-mais-uma-turma-do-curso-de-voluntarios","status":"publish","type":"post","link":"https:\/\/sgvaimudar.com.br\/index.php\/2025\/06\/28\/defesa-civil-conclui-mais-uma-turma-do-curso-de-voluntarios\/","title":{"rendered":"Defesa Civil conclui mais uma turma do Curso de Volunt\u00e1rios\u00a0"},"content":{"rendered":"\n<p><em>Aulas te\u00f3ricas e pr\u00e1ticas&nbsp;garantem capacita\u00e7\u00e3o a participantes<\/em><\/p>\n\n\n\n<p>Nesta sexta-feira (27), aconteceu a aula final da terceira turma de 2025 do Curso de Volunt\u00e1rios da Defesa Civil na \u00c1rea de Prote\u00e7\u00e3o Ambiental Est\u00e2ncias de Pendotiba, em Maria Paula. A capacita\u00e7\u00e3o ofereceu aulas te\u00f3ricas e pr\u00e1ticas sobre as responsabilidades da Defesa Civil.<\/p>\n\n\n\n<p>\u201cPara a subsecretaria de Defesa Civil, cada turma de volunt\u00e1rios que a gente consegue montar e capacitar, \u00e9 importante. Entendemos que cada mun\u00edcipe com informa\u00e7\u00e3o e conhecimento t\u00e9cnico de Defesa Civil \u00e9 um disseminador e propaga a informa\u00e7\u00e3o sobre percep\u00e7\u00e3o de risco, an\u00e1lise t\u00e9cnica. Ao mesmo tempo, ele consegue entender, atrav\u00e9s dos treinamentos, quais os \u00f3rg\u00e3os que existem na Prefeitura e quais s\u00e3o as ag\u00eancias externas. Agora, eles v\u00e3o conseguir facilitar a vida dos agentes da Defesa Civil em situa\u00e7\u00f5es de acidentes, e tamb\u00e9m das outras secretarias que precisam atuar\u201d afirmou o subsecret\u00e1rio de Defesa Civil, Major Felipe Assump\u00e7\u00e3o.<\/p>\n\n\n\n<figure class=\"wp-block-image size-full\"><img fetchpriority=\"high\" decoding=\"async\" width=\"1024\" height=\"656\" src=\"https:\/\/sgvaimudar.com.br\/wp-content\/uploads\/2025\/06\/unnamed-6-11.jpg\" alt=\"\" class=\"wp-image-27179\" srcset=\"https:\/\/sgvaimudar.com.br\/wp-content\/uploads\/2025\/06\/unnamed-6-11.jpg 1024w, https:\/\/sgvaimudar.com.br\/wp-content\/uploads\/2025\/06\/unnamed-6-11-300x192.jpg 300w, https:\/\/sgvaimudar.com.br\/wp-content\/uploads\/2025\/06\/unnamed-6-11-768x492.jpg 768w\" sizes=\"(max-width: 1024px) 100vw, 1024px\" \/><\/figure>\n\n\n\n<p>O curso \u00e9 composto por cinco m\u00f3dulos, que prop\u00f5em debates sobre temas como no\u00e7\u00f5es b\u00e1sicas de Defesa Civil e voluntariado, comunica\u00e7\u00e3o de emerg\u00eancia, abrigos tempor\u00e1rios, produtos perigosos, combate a princ\u00edpios de inc\u00eandio, atendimento pr\u00e9-hospitalar e a import\u00e2ncia da higieniza\u00e7\u00e3o das resid\u00eancias ap\u00f3s chuvas.<\/p>\n\n\n\n<p>Nesta sexta-feira, os volunt\u00e1rios receberam os seus certificados e debateram sobre suas experi\u00eancias no curso. A turma contou com 33 participantes. Rosangela Bittencourt, de 70 anos, explicou suas motiva\u00e7\u00f5es para participar do curso.<\/p>\n\n\n\n<p>\u201cMe senti motivada para participar porque entendi a import\u00e2ncia desses conhecimentos e saber que posso ajudar as pessoas \u00e9 incr\u00edvel. Mas confesso que foi tamb\u00e9m pelo trabalho. Sou corretora de im\u00f3veis e trabalho na \u00e1rea de avalia\u00e7\u00e3o e eu acho que esse curso agrega mais um conhecimento naquilo que eu fa\u00e7o\u201d, contou.<\/p>\n\n\n\n<p>Ao final do curso, os alunos ganharam um certificado de conclus\u00e3o, onde foi necess\u00e1rio o cumprimento das 44 horas de atividades oferecidas durante a capacita\u00e7\u00e3o. Vale destacar que os volunt\u00e1rios saem formados do curso, mas n\u00e3o possuem a capacita\u00e7\u00e3o para salvar e resgatar pessoas como se fossem bombeiros ou agentes da Defesa Civil. Nas a\u00e7\u00f5es, os volunt\u00e1rios t\u00eam um tratamento direcionado, apoiando abrigos, organizando mantimentos nesses locais, catalogando pessoas que precisarem de ajuda.<\/p>\n\n\n\n<p><em>Fotos: Luiz Carvalho<\/em><\/p>\n\n\n\n<p><strong><em>S\u00e3o Gon\u00e7alo vai mudar: Not\u00edcias de S\u00e3o Gon\u00e7alo e toda regi\u00e3o.<\/em><\/strong><\/p>\n\n\n\n<figure class=\"wp-block-image size-large\"><img decoding=\"async\" width=\"1024\" height=\"252\" src=\"https:\/\/sgvaimudar.com.br\/wp-content\/uploads\/2025\/03\/Anuncie-Aqui-Sao-Goncalo-vai-mudar-1024x252.jpg\" alt=\"\" class=\"wp-image-22693\" srcset=\"https:\/\/sgvaimudar.com.br\/wp-content\/uploads\/2025\/03\/Anuncie-Aqui-Sao-Goncalo-vai-mudar-1024x252.jpg 1024w, https:\/\/sgvaimudar.com.br\/wp-content\/uploads\/2025\/03\/Anuncie-Aqui-Sao-Goncalo-vai-mudar-300x74.jpg 300w, https:\/\/sgvaimudar.com.br\/wp-content\/uploads\/2025\/03\/Anuncie-Aqui-Sao-Goncalo-vai-mudar-768x189.jpg 768w, https:\/\/sgvaimudar.com.br\/wp-content\/uploads\/2025\/03\/Anuncie-Aqui-Sao-Goncalo-vai-mudar-1536x378.jpg 1536w, https:\/\/sgvaimudar.com.br\/wp-content\/uploads\/2025\/03\/Anuncie-Aqui-Sao-Goncalo-vai-mudar-2048x504.jpg 2048w\" sizes=\"(max-width: 1024px) 100vw, 1024px\" \/><\/figure>\n","protected":false},"excerpt":{"rendered":"<p>Aulas te\u00f3ricas e pr\u00e1ticas&nbsp;garantem capacita\u00e7\u00e3o a participantes Nesta sexta-feira (27), aconteceu a aula final da terceira turma de 2025 do&hellip;<\/p>\n","protected":false},"author":5,"featured_media":27178,"comment_status":"open","ping_status":"open","sticky":false,"template":"","format":"standard","meta":{"fifu_image_url":"","fifu_image_alt":"","footnotes":""},"categories":[3],"tags":[47,75],"class_list":["post-27177","post","type-post","status-publish","format-standard","has-post-thumbnail","hentry","category-sao-goncalo","tag-rj","tag-sao-goncalo"],"_links":{"self":[{"href":"https:\/\/sgvaimudar.com.br\/index.php\/wp-json\/wp\/v2\/posts\/27177","targetHints":{"allow":["GET"]}}],"collection":[{"href":"https:\/\/sgvaimudar.com.br\/index.php\/wp-json\/wp\/v2\/posts"}],"about":[{"href":"https:\/\/sgvaimudar.com.br\/index.php\/wp-json\/wp\/v2\/types\/post"}],"author":[{"embeddable":true,"href":"https:\/\/sgvaimudar.com.br\/index.php\/wp-json\/wp\/v2\/users\/5"}],"replies":[{"embeddable":true,"href":"https:\/\/sgvaimudar.com.br\/index.php\/wp-json\/wp\/v2\/comments?post=27177"}],"version-history":[{"count":1,"href":"https:\/\/sgvaimudar.com.br\/index.php\/wp-json\/wp\/v2\/posts\/27177\/revisions"}],"predecessor-version":[{"id":27180,"href":"https:\/\/sgvaimudar.com.br\/index.php\/wp-json\/wp\/v2\/posts\/27177\/revisions\/27180"}],"wp:featuredmedia":[{"embeddable":true,"href":"https:\/\/sgvaimudar.com.br\/index.php\/wp-json\/wp\/v2\/media\/27178"}],"wp:attachment":[{"href":"https:\/\/sgvaimudar.com.br\/index.php\/wp-json\/wp\/v2\/media?parent=27177"}],"wp:term":[{"taxonomy":"category","embeddable":true,"href":"https:\/\/sgvaimudar.com.br\/index.php\/wp-json\/wp\/v2\/categories?post=27177"},{"taxonomy":"post_tag","embeddable":true,"href":"https:\/\/sgvaimudar.com.br\/index.php\/wp-json\/wp\/v2\/tags?post=27177"}],"curies":[{"name":"wp","href":"https:\/\/api.w.org\/{rel}","templated":true}]}}